{"id":170873,"date":"2025-06-12T13:16:10","date_gmt":"2025-06-12T13:16:10","guid":{"rendered":"https:\/\/www.europesays.com\/fr\/170873\/"},"modified":"2025-06-12T13:16:10","modified_gmt":"2025-06-12T13:16:10","slug":"saint-etienne-les-commerces-meurent-ils-en-centre-ville-la-mairie-fait-un-constat-implacable","status":"publish","type":"post","link":"https:\/\/www.europesays.com\/fr\/170873\/","title":{"rendered":"Saint-\u00c9tienne. Les commerces meurent-ils en centre-ville ? La mairie fait un constat implacable"},"content":{"rendered":"<p>            Par<br \/>\n        <strong><br \/>\n            <a href=\"https:\/\/actu.fr\/auteur\/julien-sournies\" title=\"Consulter tous les articles de Julien Sournies\" rel=\"nofollow noopener\" target=\"_blank\">Julien Sournies<\/a><br \/>\n        <\/strong><\/p>\n<p>        Publi\u00e9 le<\/p>\n<p>            12 juin 2025 \u00e0 15h01        <\/p>\n<p>Ils sont pourtant nombreux \u00e0 tirer la sonnette d\u2019alarme depuis plusieurs ann\u00e9es. Alors que de nombreux commerces du centre-ville de <a href=\"https:\/\/actu.fr\/saint-etienne\/\" rel=\"nofollow noopener\" target=\"_blank\">Saint-\u00c9tienne<\/a> ont mis la cl\u00e9 sous la porte ces derniers temps, suscitant ainsi la <a href=\"https:\/\/actu.fr\/auvergne-rhone-alpes\/saint-etienne_42218\/saint-etienne-les-boutiques-de-cette-rue-commercante-ferment-les-gens-s-inquietent_60731344.html\" rel=\"nofollow noopener\" target=\"_blank\">vive inqui\u00e9tude des commer\u00e7ants et clients<\/a>, une r\u00e9cente \u00e9tude de la Chambre de commerce et d\u2019industrie constate, au contraire, une <strong>augmentation des cellules commerciales<\/strong> dans la capitale de la <a href=\"https:\/\/actu.fr\/auvergne-rhone-alpes\/loire_42\" rel=\"nofollow noopener\" target=\"_blank\">Loire<\/a>. De quoi, forc\u00e9ment, r\u00e9jouir la municipalit\u00e9.<\/p>\n<p>18\u2009% de commerces suppl\u00e9mentaires en 5\u00a0ans<\/p>\n<p class=\" wall-content\">\u00ab\u2009Contrairement au discours ambiant, c\u2019est <strong>factuellement faux<\/strong> de laisser penser que Saint-\u00c9tienne s\u2019en sortirait moins bien que d\u2019autres villes de m\u00eame strate, m\u00eame si dans ce domaine comme dans beaucoup d\u2019autres, rien n\u2019est jamais acquis, ni gagn\u00e9, les tendances pouvant rapidement \u00e9voluer, dans un sens comme dans un autre\u2009\u00bb, explique la municipalit\u00e9 st\u00e9phanoise.<\/p>\n<p class=\" wall-content\">Dans le d\u00e9tail, selon cette \u00e9tude qui s\u2019appuie sur des fichiers de l\u2019Insee (Institut national de la statistique et des \u00e9tudes \u00e9conomiques), le nombre d\u2019\u00e9tablissements de commerces a en effet progress\u00e9 \u00e0 Saint-\u00c9tienne entre\u00a02020 et\u00a02025, passant de 4\u2009328 \u00e0 5\u2009110, soit une <strong>augmentation de 18\u2009%<\/strong>.<\/p>\n<p class=\" wall-content\">Autre donn\u00e9e\u2009: le solde net, qui compare le nombre de cr\u00e9ations au nombre de radiations, a \u00e9galement augment\u00e9 en 2024, avec 263 \u00e9tablissements commerce suppl\u00e9mentaires ( +\u00a0141 en 2020\u2009; +\u00a0203 en 2021\u2009; +\u00a0232 en 2022\u2009; +\u00a085 en 2023).<\/p>\n<p>Une ville \u00ab\u2009attractive\u2009\u00bb sur le plan commercial<\/p>\n<p class=\" wall-content\">De surcro\u00eet, au regard des chiffres port\u00e9s par l\u2019Insee, le taux de commercialit\u00e9 est, lui aussi, prosp\u00e8re dans la capitale de la Loire. \u00ab\u2009Il est particuli\u00e8rement bon \u00e0 Saint-\u00c9tienne avec un <strong>taux de 42\u2009%<\/strong>, autrement dit attractif\u2009\u00bb, souligne la Ville.<\/p>\n<p class=\" wall-content\">\u00ab\u2009Rappelons que sur le plan national, il est consid\u00e9r\u00e9 comme se d\u00e9gradant \u00e0 moins de 30\u2009%, correct entre 30 et 33\u2009%, et attractif au-dessus de 33\u2009%\u2009\u00bb, ajoute la mairie.<\/p>\n<p class=\" wall-content\">Si la municipalit\u00e9 reconna\u00eet toutefois que des difficult\u00e9s existent dans le secteur du commerce, notamment sur l\u2019ann\u00e9e 2023, celles-ci \u00ab\u2009sont davantage li\u00e9es \u00e0 une tendance nationale et non pas locale, avec un retour \u00e0 une situation d\u2019avant Covid, avec la fin des aides de l\u2019\u00c9tat coupl\u00e9e \u00e0 la n\u00e9cessit\u00e9 de rembourser les pr\u00eats garantis par l\u2019\u00c9tat\u2009\u00bb.<\/p>\n<p class=\" wall-content\">Suivez toute l\u2019actualit\u00e9 de vos villes et m\u00e9dias favoris en vous inscrivant \u00e0 <a href=\"https:\/\/moncompte.actu.fr\" title=\"D\u00e9couvez Mon Actu\" rel=\"nofollow noopener\" data-trk=\"{&quot;cta&quot;:{&quot;action&quot;:&quot;https:\\\/\\\/moncompte.actu.fr&quot;,&quot;category&quot;:&quot;mon compte&quot;,&quot;from&quot;:&quot;article footer&quot;,&quot;name&quot;:&quot;Mon actu&quot;,&quot;type&quot;:&quot;cta&quot;}}\" target=\"_blank\">Mon Actu<\/a>.<\/p>\n","protected":false},"excerpt":{"rendered":"Par Julien Sournies Publi\u00e9 le 12 juin 2025 \u00e0 15h01 Ils sont pourtant nombreux \u00e0 tirer la sonnette&hellip;\n","protected":false},"author":2,"featured_media":170874,"comment_status":"","ping_status":"","sticky":false,"template":"","format":"standard","meta":{"footnotes":""},"categories":[9653],"tags":[1111,11,2430,215,33,1777,674,1011,27,12,25,4001],"class_list":{"0":"post-170873","1":"post","2":"type-post","3":"status-publish","4":"format-standard","5":"has-post-thumbnail","7":"category-saint-etienne","8":"tag-actu","9":"tag-actualites","10":"tag-auvergne-rhone-alpes","11":"tag-commerce","12":"tag-economie","13":"tag-eu","14":"tag-europe","15":"tag-fr","16":"tag-france","17":"tag-news","18":"tag-republique-francaise","19":"tag-saint-etienne"},"share_on_mastodon":{"url":"https:\/\/pubeurope.com\/@fr\/114670586238694131","error":""},"_links":{"self":[{"href":"https:\/\/www.europesays.com\/fr\/wp-json\/wp\/v2\/posts\/170873","targetHints":{"allow":["GET"]}}],"collection":[{"href":"https:\/\/www.europesays.com\/fr\/wp-json\/wp\/v2\/posts"}],"about":[{"href":"https:\/\/www.europesays.com\/fr\/wp-json\/wp\/v2\/types\/post"}],"author":[{"embeddable":true,"href":"https:\/\/www.europesays.com\/fr\/wp-json\/wp\/v2\/users\/2"}],"replies":[{"embeddable":true,"href":"https:\/\/www.europesays.com\/fr\/wp-json\/wp\/v2\/comments?post=170873"}],"version-history":[{"count":0,"href":"https:\/\/www.europesays.com\/fr\/wp-json\/wp\/v2\/posts\/170873\/revisions"}],"wp:featuredmedia":[{"embeddable":true,"href":"https:\/\/www.europesays.com\/fr\/wp-json\/wp\/v2\/media\/170874"}],"wp:attachment":[{"href":"https:\/\/www.europesays.com\/fr\/wp-json\/wp\/v2\/media?parent=170873"}],"wp:term":[{"taxonomy":"category","embeddable":true,"href":"https:\/\/www.europesays.com\/fr\/wp-json\/wp\/v2\/categories?post=170873"},{"taxonomy":"post_tag","embeddable":true,"href":"https:\/\/www.europesays.com\/fr\/wp-json\/wp\/v2\/tags?post=170873"}],"curies":[{"name":"wp","href":"https:\/\/api.w.org\/{rel}","templated":true}]}}