{"id":170875,"date":"2025-06-12T13:17:13","date_gmt":"2025-06-12T13:17:13","guid":{"rendered":"https:\/\/www.europesays.com\/fr\/170875\/"},"modified":"2025-06-12T13:17:13","modified_gmt":"2025-06-12T13:17:13","slug":"universite-jean-monnet-nouveau-mandat-nouveaux-defis","status":"publish","type":"post","link":"https:\/\/www.europesays.com\/fr\/170875\/","title":{"rendered":"Universit\u00e9 Jean Monnet\u00a0: nouveau mandat, nouveaux d\u00e9fis"},"content":{"rendered":"<p class=\"is-style-chapo\">Mardi 10 juin, le pr\u00e9sident de l\u2019Universit\u00e9 Jean Monnet, Florent Pigeon, et son \u00e9quipe, pr\u00e9sentaient les grands axes pour le mandat 2025 \u2013 2029. Budget, futur centre de sant\u00e9, internationalisation, ou encore garantie d\u2019un d\u00e9veloppement \u00e9quilibr\u00e9, feront partie des missions de cette \u00e9quipe quasi identique \u00e0 la pr\u00e9c\u00e9dente.<\/p>\n<p><img fetchpriority=\"high\" decoding=\"async\" width=\"1024\" height=\"576\" src=\"https:\/\/www.europesays.com\/fr\/wp-content\/uploads\/2025\/06\/IMG_8418-1024x576.jpg\" alt=\"\" class=\"wp-image-74045\"  \/> L\u2019UJM entend rester attentive \u00e0 l\u2019\u00e9mergence de l\u2019IA dans ses activit\u00e9s p\u00e9dagogiques. \u00a9JT\/ If Saint-Etienne<\/p>\n<p>\u00ab\u00a0<a href=\"https:\/\/www.if-saint-etienne.fr\/societe\/luniversite-jean-monnet-se-renouvelle-mais-doit-contenir-son-deficit\" target=\"_blank\" rel=\"noreferrer noopener\">L\u2019Universit\u00e9 Jean Monnet<\/a> a une identit\u00e9 singuli\u00e8re, rappelait Florent Pigeon, pr\u00e9sident de l\u2019Universit\u00e9 Jean Monnet de Saint-Etienne, lors de la conf\u00e9rence de presse de pr\u00e9sentation de l\u2019\u00e9quipe pr\u00e9sidentielle et du projet de mandat 2025-2029 organis\u00e9e ce mardi 10 juin. Sur le site Lyon \u2013 Saint-Etienne, c\u2019est la seule universit\u00e9 pluridisciplinaire. Elle a une mission de chef de file sur le territoire lig\u00e9rien\u00a0\u00bb. Aux manettes de ce mandat, on retrouve St\u00e9phane Riou, vice-pr\u00e9sident du Conseil d\u2019administration charg\u00e9 du d\u00e9veloppement et de la politique partenariale, Christelle Bahier Porte \u00e0 la recherche, Alain Trouillet \u00e0 la formation, l\u2019international et l\u2019Europe, Etienne Cornu aux moyens, et enfin Alexandra Leyrit, en charge de la r\u00e9ussite et la qualit\u00e9 de vie des \u00e9tudiants.<\/p>\n<p>Une \u00e9quipe qui entend mener un projet de mandat construit autour de cinq axes\u00a0: prioriser la r\u00e9ussite et la sant\u00e9 des \u00e9tudiants, d\u00e9ployer une politique scientifique \u00e9quilibr\u00e9e, responsable et distinctive, intensifier une dynamique d\u2019internationalisation pour tous, garantir un d\u00e9veloppement de <a href=\"https:\/\/www.univ-st-etienne.fr\/fr\/index.html\" target=\"_blank\" rel=\"noreferrer noopener\">l\u2019UJM<\/a> bas\u00e9 sur la confiance et le partenariat, et enfin promouvoir une gouvernance responsable et engag\u00e9e.<\/p>\n<p>Un budget d\u00e9ficitaire<\/p>\n<p>A la rentr\u00e9e 2024, St\u00e9phane Riou l\u2019annon\u00e7ait\u00a0: \u00ab\u00a0Nous rencontrerons des difficult\u00e9s pour boucler le budget, nous n\u2019y arriverons pas. Il y aura probablement un d\u00e9ficit de l\u2019ordre de 3 millions d\u2019euros \u00bb. En cause\u00a0? La hausse du pont d\u2019indice non compens\u00e9e par l\u2019Etat, et un surco\u00fbt \u00e9nerg\u00e9tique de plus d\u20191,5 million d\u2019euros. Huit mois plus tard, la situation s\u2019est n\u00e9anmoins am\u00e9lior\u00e9e. <\/p>\n<p>\u00ab\u00a0La difficult\u00e9, \u00e7a a \u00e9t\u00e9 de boucler un budget avec une absence de visibilit\u00e9 (sans budget vot\u00e9 \u00e0 l\u2019\u00e9chelle du pays, NDLR). Nous sommes d\u00e9ficitaires, c\u2019est une premi\u00e8re depuis 2017. Mais la situation s\u2019est am\u00e9lior\u00e9e, la hausse du CAS pensions (cotisation retraite employeur, NDLR) \u00e9tant finalement pris en charge par l\u2019Etat, ainsi qu\u2019une subvention pour charges de service public. En pr\u00e9visionnel cela permet de r\u00e9duire notre r\u00e9sultat d\u00e9ficitaire aux alentours de 2,9 millions d\u2019euros\u00a0\u00bb. D\u00e9sormais, la structure fonctionne avec un fonds de roulement \u00e0 31 jours, qui lui permet toujours de faire un Plan pluriannuel d\u2019investissement, mais en \u00e9tant le plus juste possible.<\/p>\n<p>Bient\u00f4t un centre de sant\u00e9<\/p>\n<p>Ainsi, quelques op\u00e9rations d\u2019investissement devront \u00eatre report\u00e9es. Mais la majorit\u00e9 pourra \u00eatre men\u00e9e \u00e0 bien. C\u2019est notamment le cas du futur Centre de sant\u00e9 qui ouvrira cours Fauriel, au sein de l\u2019ancien b\u00e2timent Manufrance. Ce dernier sera enti\u00e8rement op\u00e9rationnel \u00e0 la rentr\u00e9e 2027 et ouvert \u00e0 tous les \u00e9tudiants.<\/p>\n<p>Enfin, la facult\u00e9 de m\u00e9decine devrait se transformer en fac de sant\u00e9. Une \u00e9volution statutaire qui vise \u00e0 regrouper les formations m\u00e9dicales et param\u00e9dicales. Ainsi, seront int\u00e9gr\u00e9s les parcours d\u2019infirmerie ou de kin\u00e9sith\u00e9rapie par exemple. Une \u00e9volution statutaire impuls\u00e9e par la volont\u00e9 d\u2019avoir une approche globale du soin.<\/p>\n","protected":false},"excerpt":{"rendered":"Mardi 10 juin, le pr\u00e9sident de l\u2019Universit\u00e9 Jean Monnet, Florent Pigeon, et son \u00e9quipe, pr\u00e9sentaient les grands axes&hellip;\n","protected":false},"author":2,"featured_media":170876,"comment_status":"","ping_status":"","sticky":false,"template":"","format":"standard","meta":{"footnotes":""},"categories":[9653],"tags":[1111,11,2430,1777,674,1011,27,30540,12,27601,25,4001,27603,30541,27604],"class_list":{"0":"post-170875","1":"post","2":"type-post","3":"status-publish","4":"format-standard","5":"has-post-thumbnail","7":"category-saint-etienne","8":"tag-actu","9":"tag-actualites","10":"tag-auvergne-rhone-alpes","11":"tag-eu","12":"tag-europe","13":"tag-fr","14":"tag-france","15":"tag-instructif","16":"tag-news","17":"tag-recherche-universite-jean-monnet-saint-etienne","18":"tag-republique-francaise","19":"tag-saint-etienne","20":"tag-universite-jean-monnet","21":"tag-universite-jean-monnet-roanne","22":"tag-universite-jean-monnet-saint-etienne"},"share_on_mastodon":{"url":"https:\/\/pubeurope.com\/@fr\/114670590063076427","error":""},"_links":{"self":[{"href":"https:\/\/www.europesays.com\/fr\/wp-json\/wp\/v2\/posts\/170875","targetHints":{"allow":["GET"]}}],"collection":[{"href":"https:\/\/www.europesays.com\/fr\/wp-json\/wp\/v2\/posts"}],"about":[{"href":"https:\/\/www.europesays.com\/fr\/wp-json\/wp\/v2\/types\/post"}],"author":[{"embeddable":true,"href":"https:\/\/www.europesays.com\/fr\/wp-json\/wp\/v2\/users\/2"}],"replies":[{"embeddable":true,"href":"https:\/\/www.europesays.com\/fr\/wp-json\/wp\/v2\/comments?post=170875"}],"version-history":[{"count":0,"href":"https:\/\/www.europesays.com\/fr\/wp-json\/wp\/v2\/posts\/170875\/revisions"}],"wp:featuredmedia":[{"embeddable":true,"href":"https:\/\/www.europesays.com\/fr\/wp-json\/wp\/v2\/media\/170876"}],"wp:attachment":[{"href":"https:\/\/www.europesays.com\/fr\/wp-json\/wp\/v2\/media?parent=170875"}],"wp:term":[{"taxonomy":"category","embeddable":true,"href":"https:\/\/www.europesays.com\/fr\/wp-json\/wp\/v2\/categories?post=170875"},{"taxonomy":"post_tag","embeddable":true,"href":"https:\/\/www.europesays.com\/fr\/wp-json\/wp\/v2\/tags?post=170875"}],"curies":[{"name":"wp","href":"https:\/\/api.w.org\/{rel}","templated":true}]}}