{"id":170881,"date":"2025-06-12T13:20:10","date_gmt":"2025-06-12T13:20:10","guid":{"rendered":"https:\/\/www.europesays.com\/fr\/170881\/"},"modified":"2025-06-12T13:20:10","modified_gmt":"2025-06-12T13:20:10","slug":"des-travaux-urgents-vont-bientot-demarrer-pour-consolider-la-digue-de-cette-plage-de-carqueiranne","status":"publish","type":"post","link":"https:\/\/www.europesays.com\/fr\/170881\/","title":{"rendered":"Des travaux urgents vont bient\u00f4t d\u00e9marrer pour consolider la digue de cette plage de Carqueiranne"},"content":{"rendered":"<p><strong>Une br\u00e8che a \u00e9t\u00e9 rep\u00e9r\u00e9e au milieu de l\u2019enrochement de la digue de 250 m, sur la plage Peno, fragilisant l\u2019ouvrage sur une cinquantaine de m\u00e8tres.<\/strong> C\u2019est pr\u00e9cis\u00e9ment pour pouvoir d\u00e9tecter ce type de fragilit\u00e9 \u00e0 temps que la digue fait l\u2019objet d\u2019une surveillance renforc\u00e9e depuis fin 2023. L\u2019alerte est pr\u00e9occupante pour l\u2019ouvrage qui doit rester suffisamment robuste pour r\u00e9sister aux puissantes largades qui la frappent r\u00e9guli\u00e8rement. Les travaux de consolidation, valid\u00e9s par la DDTM (Direction d\u00e9partementale des territoires et de la mer), d\u00e9buteront le 17 juin et dureront deux semaines.<\/p>\n<p>Un chantier de grande ampleur <\/p>\n<p>Les op\u00e9rations de consolidation supposent la livraison de blocs d\u2019enrochement de plus de cinq tonnes chacun. Les man\u0153uvres et le stockage des blocs n\u00e9cessiteront la fermeture de la premi\u00e8re anse de la plage Peno pendant toute la dur\u00e9e du chantier. Le maire, Arnaud Latil, et le directeur des services techniques, Yvonnick Boetti, sont bien conscients que la p\u00e9riode n\u2019est pas id\u00e9ale pour les usagers. Mais la p\u00e9riode estivale est, elle, en revanche plus propice \u00e0 ce type d\u2019intervention.<\/p>\n<p>\u00c9tait-il possible d\u2019attendre la rentr\u00e9e? Peut-on garantir l\u2019absence d\u2019un gros coup de mer en \u00e9t\u00e9 ? N\u00e9cessit\u00e9 oblige, Arnaud Latil a arbitr\u00e9: \u00ab\u00a0J\u2019ai choisi de prioriser la s\u00e9curit\u00e9. Nous veillerons, avec les intervenants que je remercie, \u00e0 limiter les d\u00e9sagr\u00e9ments et \u00e0 achever les travaux en un temps record.\u00a0\u00bb<\/p>\n<p>La promenade Marius-Coulomb restera accessible et les deux derni\u00e8res anses la plage Peno seront ouvertes \u00e0 la baignade.\u00a0<\/p>\n","protected":false},"excerpt":{"rendered":"Une br\u00e8che a \u00e9t\u00e9 rep\u00e9r\u00e9e au milieu de l\u2019enrochement de la digue de 250 m, sur la plage&hellip;\n","protected":false},"author":2,"featured_media":170882,"comment_status":"","ping_status":"","sticky":false,"template":"","format":"standard","meta":{"footnotes":""},"categories":[9619],"tags":[1111,11,1777,674,1011,27,12,882,25,2310,3366],"class_list":{"0":"post-170881","1":"post","2":"type-post","3":"status-publish","4":"format-standard","5":"has-post-thumbnail","7":"category-toulon","8":"tag-actu","9":"tag-actualites","10":"tag-eu","11":"tag-europe","12":"tag-fr","13":"tag-france","14":"tag-news","15":"tag-provence-alpes-cote-dazur","16":"tag-republique-francaise","17":"tag-toulon","18":"tag-vie-locale"},"share_on_mastodon":{"url":"https:\/\/pubeurope.com\/@fr\/114670601748044756","error":""},"_links":{"self":[{"href":"https:\/\/www.europesays.com\/fr\/wp-json\/wp\/v2\/posts\/170881","targetHints":{"allow":["GET"]}}],"collection":[{"href":"https:\/\/www.europesays.com\/fr\/wp-json\/wp\/v2\/posts"}],"about":[{"href":"https:\/\/www.europesays.com\/fr\/wp-json\/wp\/v2\/types\/post"}],"author":[{"embeddable":true,"href":"https:\/\/www.europesays.com\/fr\/wp-json\/wp\/v2\/users\/2"}],"replies":[{"embeddable":true,"href":"https:\/\/www.europesays.com\/fr\/wp-json\/wp\/v2\/comments?post=170881"}],"version-history":[{"count":0,"href":"https:\/\/www.europesays.com\/fr\/wp-json\/wp\/v2\/posts\/170881\/revisions"}],"wp:featuredmedia":[{"embeddable":true,"href":"https:\/\/www.europesays.com\/fr\/wp-json\/wp\/v2\/media\/170882"}],"wp:attachment":[{"href":"https:\/\/www.europesays.com\/fr\/wp-json\/wp\/v2\/media?parent=170881"}],"wp:term":[{"taxonomy":"category","embeddable":true,"href":"https:\/\/www.europesays.com\/fr\/wp-json\/wp\/v2\/categories?post=170881"},{"taxonomy":"post_tag","embeddable":true,"href":"https:\/\/www.europesays.com\/fr\/wp-json\/wp\/v2\/tags?post=170881"}],"curies":[{"name":"wp","href":"https:\/\/api.w.org\/{rel}","templated":true}]}}