{"id":170883,"date":"2025-06-12T13:21:10","date_gmt":"2025-06-12T13:21:10","guid":{"rendered":"https:\/\/www.europesays.com\/fr\/170883\/"},"modified":"2025-06-12T13:21:10","modified_gmt":"2025-06-12T13:21:10","slug":"ce-samedi-3-000-personnes-sont-attendues-pour-la-marche-des-fiertes-a-toulon","status":"publish","type":"post","link":"https:\/\/www.europesays.com\/fr\/170883\/","title":{"rendered":"Ce samedi, 3.000 personnes sont attendues pour la marche des fiert\u00e9s \u00e0 Toulon"},"content":{"rendered":"<p><strong>L\u2019an dernier, 3.000 personnes avaient d\u00e9fil\u00e9 dans les rues de Toulon pour d\u00e9fendre les droits de la communaut\u00e9 LGBTQIA+.<\/strong> Samedi, le parcours sera tr\u00e8s balis\u00e9 au d\u00e9part de la place d\u2019Armes (17 heures), centre n\u00e9vralgique du village o\u00f9 les associations se regroupent. En effet, le match RCT &#8211; Castres a lieu au stade Mayol, entra\u00eenant en fin d\u2019apr\u00e8s-midi beaucoup de supporters sur l\u2019avenue de la R\u00e9publique.<\/p>\n<p>Avantage: l\u2019axe phare qui longe le port sera enti\u00e8rement pi\u00e9tonnier pour permettre \u00e0 tous les publics de circuler en toute s\u00e9curit\u00e9. Des renforts de policiers ont \u00e9t\u00e9 programm\u00e9s \u00e0 cet effet.<\/p>\n<p>Sitting devant la mairie <\/p>\n<p>Le parcours de la Pride pr\u00e9voit de passer le long de l\u2019avenue de la R\u00e9publique avant de tourner au niveau du stade pour rejoindre le boulevard de Strasbourg. \u00ab\u00a0Nous avons beaucoup discut\u00e9 avec la pr\u00e9fecture du Var et le commissariat de Toulon pour permettre \u00e0 tout le monde de trouver sa place\u00a0\u00bb, explique Elsa Nardini, porte-parole du collectif Fiert\u00e9s Toulon qui organise la marche des fiert\u00e9s. L\u2019id\u00e9e \u00e9tait que chacun ait \u00ab\u00a0suffisamment de place sur le bitume sans se marcher dessus. On pense y \u00eatre arriv\u00e9s.\u00a0\u00bb<\/p>\n<p>D\u2019autant que l\u2019avenue de la R\u00e9publique va \u00eatre tr\u00e8s sollicit\u00e9e puisqu\u2019un \u00ab\u00a0sitting\u00a0\u00bb est pr\u00e9vu devant la mairie en hommage \u00e0 toutes les victimes de l\u2019homophobie en France et dans le monde. Le cort\u00e8ge poursuivra ensuite sa route le long du boulevard de Strasbourg avant de tourner au niveau des Galeries Lafayette pour emprunter la rue Anatole-France et rejoindre son point de d\u00e9part : la place d\u2019Armes.<\/p>\n<p>\u00ab\u00a0Ne pas nous invisibiliser\u00a0\u00bb<\/p>\n<p>Comme chaque ann\u00e9e, la place d\u2019Armes sera l\u2019\u00e9picentre de la manifestation avec un village des associations o\u00f9 vingt-deux stands attendent le public toulonnais. Planning familial, Trans\u2019mission Var, SOS Homophobie, centre LGBTQIA+, Fiert\u00e9 Trans et bien s\u00fbr Aides seront pr\u00e9sents. Des kits de pr\u00e9vention contre les MST et le VIH seront \u00e9galement distribu\u00e9s sur place.<\/p>\n<p>\u00a0<\/p>\n<p>\u00ab\u00a0L\u2019\u00e9v\u00e9nement d\u00e9bute d\u00e8s 13h40 avec un podium install\u00e9 sur la place pour accueillir des animations, drag show, cabaret, danses&#8230; \u00c0 16h30, les discours d\u00e9buteront. Chaque association locale s\u2019exprimera ainsi que les repr\u00e9sentants de la Ville et de la R\u00e9gion qui seront pr\u00e9sents. \u00c0 16h50, un Madison g\u00e9ant aura lieu sur la place d\u2019Armes pour mettre tout le monde en jambes avant le d\u00e9fil\u00e9. Et, apr\u00e8s la marche, une grande soir\u00e9e DJ est programm\u00e9e sur la place de l\u2019\u00c9querre. Un after cl\u00f4turera la manifestation \u00e0 partir de 23 heures au Boy\u2019s Paradise.\u00a0\u00bb<\/p>\n<p>En tout cas, les autorit\u00e9s ont visiblement voulu contenter tout le monde en ce samedi tr\u00e8s charg\u00e9. Quitte \u00e0 muscler son dispositif de s\u00e9curit\u00e9. \u00ab\u00a0On a surtout senti qu\u2019elles ne souhaitaient pas nous invisibiliser. Au contraire!\u00a0\u00bb, se f\u00e9licite le collectif LGBT.\u00a0<\/p>\n","protected":false},"excerpt":{"rendered":"L\u2019an dernier, 3.000 personnes avaient d\u00e9fil\u00e9 dans les rues de Toulon pour d\u00e9fendre les droits de la communaut\u00e9&hellip;\n","protected":false},"author":2,"featured_media":170884,"comment_status":"","ping_status":"","sticky":false,"template":"","format":"standard","meta":{"footnotes":""},"categories":[9619],"tags":[1111,11,1777,674,1011,27,12,882,25,2310,3366],"class_list":{"0":"post-170883","1":"post","2":"type-post","3":"status-publish","4":"format-standard","5":"has-post-thumbnail","7":"category-toulon","8":"tag-actu","9":"tag-actualites","10":"tag-eu","11":"tag-europe","12":"tag-fr","13":"tag-france","14":"tag-news","15":"tag-provence-alpes-cote-dazur","16":"tag-republique-francaise","17":"tag-toulon","18":"tag-vie-locale"},"share_on_mastodon":{"url":"https:\/\/pubeurope.com\/@fr\/114670605709651292","error":""},"_links":{"self":[{"href":"https:\/\/www.europesays.com\/fr\/wp-json\/wp\/v2\/posts\/170883","targetHints":{"allow":["GET"]}}],"collection":[{"href":"https:\/\/www.europesays.com\/fr\/wp-json\/wp\/v2\/posts"}],"about":[{"href":"https:\/\/www.europesays.com\/fr\/wp-json\/wp\/v2\/types\/post"}],"author":[{"embeddable":true,"href":"https:\/\/www.europesays.com\/fr\/wp-json\/wp\/v2\/users\/2"}],"replies":[{"embeddable":true,"href":"https:\/\/www.europesays.com\/fr\/wp-json\/wp\/v2\/comments?post=170883"}],"version-history":[{"count":0,"href":"https:\/\/www.europesays.com\/fr\/wp-json\/wp\/v2\/posts\/170883\/revisions"}],"wp:featuredmedia":[{"embeddable":true,"href":"https:\/\/www.europesays.com\/fr\/wp-json\/wp\/v2\/media\/170884"}],"wp:attachment":[{"href":"https:\/\/www.europesays.com\/fr\/wp-json\/wp\/v2\/media?parent=170883"}],"wp:term":[{"taxonomy":"category","embeddable":true,"href":"https:\/\/www.europesays.com\/fr\/wp-json\/wp\/v2\/categories?post=170883"},{"taxonomy":"post_tag","embeddable":true,"href":"https:\/\/www.europesays.com\/fr\/wp-json\/wp\/v2\/tags?post=170883"}],"curies":[{"name":"wp","href":"https:\/\/api.w.org\/{rel}","templated":true}]}}