{"id":170895,"date":"2025-06-12T13:27:11","date_gmt":"2025-06-12T13:27:11","guid":{"rendered":"https:\/\/www.europesays.com\/fr\/170895\/"},"modified":"2025-06-12T13:27:11","modified_gmt":"2025-06-12T13:27:11","slug":"un-dealer-du-quartier-mistral-condamne-pour-avoir-detenu-de-la-drogue-dans-son-appartement","status":"publish","type":"post","link":"https:\/\/www.europesays.com\/fr\/170895\/","title":{"rendered":"un dealer du quartier Mistral condamn\u00e9 pour avoir d\u00e9tenu de la drogue dans son appartement"},"content":{"rendered":"<p>\t\t\t\t\t\t\t\t\t\t\t<img loading=\"lazy\" decoding=\"async\" width=\"1110\" title=\"Grenoble : un dealer du quartier Mistral condamn\u00e9 pour avoir d\u00e9tenu de la drogue dans son appartement\" class=\"img-fluid not_lzld mb-3\" src=\"https:\/\/grandgrenoble.alpes1.com\/media\/news\/thumb\/1110x624_grenoble-un-dealer-du-quartier-mistral-condamne-pour-avoir-detenu-de-la-drogue-dans-son-appartement_684a96db54cae.webp\" alt=\"Grenoble : un dealer du quartier Mistral condamn\u00e9 pour avoir d\u00e9tenu de la drogue dans son appartement\" itemprop=\"image\" height=\"624\"\/>\t\t\t\t\t\t\t\t\t\t\t\t<\/p>\n<p>Grenoble : un dealer du quartier Mistral condamn\u00e9 pour avoir d\u00e9tenu de la drogue dans son appartement &#8211; DR<\/p>\n<p itemprop=\"description\"><strong>Les brigadiers ont fait une belle trouvaille en perquisitionnant un appartement dans le quartier Mistral, \u00e0 Grenoble.<\/strong><\/p>\n<p>Lundi soir, les forces de l\u2019ordre ont interpell\u00e9 un dealer dans le quartier Mistral. En entrant dans son logement, les policiers grenoblois ont d\u00e9couvert 7,5kg de drogue : 2,7kg d\u2019herbe et 4,8kg de r\u00e9sine de cannabis. En plus de 800 euros en esp\u00e8ces et plusieurs goodies servant \u00e0 r\u00e9compenser les clients fid\u00e8les.<\/p>\n<p>En sortant l\u2019individu, les policiers de la brigade sp\u00e9cialis\u00e9e de terrain (BST) ont re\u00e7u des mortiers d\u2019artifices par des jeunes du quartier Mistral, les obligeant \u00e0 appeler une \u00e9quipe de CRS en renfort.<\/p>\n<p>Ce mercredi, le dealer a \u00e9t\u00e9 d\u00e9f\u00e9r\u00e9 au parquet de Grenoble apr\u00e8s sa garde \u00e0 vue. Il a \u00e9t\u00e9 condamn\u00e9 \u00e0 12 mois de prison, dont 4 avec un sursis probatoire de deux ans, ainsi que d\u2019une interdiction de para\u00eetre dans son quartier.<\/p>\n","protected":false},"excerpt":{"rendered":"Grenoble : un dealer du quartier Mistral condamn\u00e9 pour avoir d\u00e9tenu de la drogue dans son appartement &#8211;&hellip;\n","protected":false},"author":2,"featured_media":170896,"comment_status":"","ping_status":"","sticky":false,"template":"","format":"standard","meta":{"footnotes":""},"categories":[9566],"tags":[1111,11,7733,8279,2430,7736,650,7734,2889,2263,1777,674,1011,27,2731,8280,6417,1114,108,4662,12,3725,1825,25,7737],"class_list":{"0":"post-170895","1":"post","2":"type-post","3":"status-publish","4":"format-standard","5":"has-post-thumbnail","7":"category-grenoble","8":"tag-actu","9":"tag-actualites","10":"tag-alpes","11":"tag-alpes1","12":"tag-auvergne-rhone-alpes","13":"tag-cds","14":"tag-cinema","15":"tag-ecoute","16":"tag-emission","17":"tag-equipe","18":"tag-eu","19":"tag-europe","20":"tag-fr","21":"tag-france","22":"tag-grenoble","23":"tag-haute","24":"tag-information","25":"tag-infos","26":"tag-isere","27":"tag-journal","28":"tag-news","29":"tag-podcast","30":"tag-radio","31":"tag-republique-francaise","32":"tag-winamp"},"share_on_mastodon":{"url":"https:\/\/pubeurope.com\/@fr\/114670629416455230","error":""},"_links":{"self":[{"href":"https:\/\/www.europesays.com\/fr\/wp-json\/wp\/v2\/posts\/170895","targetHints":{"allow":["GET"]}}],"collection":[{"href":"https:\/\/www.europesays.com\/fr\/wp-json\/wp\/v2\/posts"}],"about":[{"href":"https:\/\/www.europesays.com\/fr\/wp-json\/wp\/v2\/types\/post"}],"author":[{"embeddable":true,"href":"https:\/\/www.europesays.com\/fr\/wp-json\/wp\/v2\/users\/2"}],"replies":[{"embeddable":true,"href":"https:\/\/www.europesays.com\/fr\/wp-json\/wp\/v2\/comments?post=170895"}],"version-history":[{"count":0,"href":"https:\/\/www.europesays.com\/fr\/wp-json\/wp\/v2\/posts\/170895\/revisions"}],"wp:featuredmedia":[{"embeddable":true,"href":"https:\/\/www.europesays.com\/fr\/wp-json\/wp\/v2\/media\/170896"}],"wp:attachment":[{"href":"https:\/\/www.europesays.com\/fr\/wp-json\/wp\/v2\/media?parent=170895"}],"wp:term":[{"taxonomy":"category","embeddable":true,"href":"https:\/\/www.europesays.com\/fr\/wp-json\/wp\/v2\/categories?post=170895"},{"taxonomy":"post_tag","embeddable":true,"href":"https:\/\/www.europesays.com\/fr\/wp-json\/wp\/v2\/tags?post=170895"}],"curies":[{"name":"wp","href":"https:\/\/api.w.org\/{rel}","templated":true}]}}