{"id":170897,"date":"2025-06-12T13:28:29","date_gmt":"2025-06-12T13:28:29","guid":{"rendered":"https:\/\/www.europesays.com\/fr\/170897\/"},"modified":"2025-06-12T13:28:29","modified_gmt":"2025-06-12T13:28:29","slug":"apres-etre-sorti-du-coma-son-etat-sest-a-nouveau-degrade","status":"publish","type":"post","link":"https:\/\/www.europesays.com\/fr\/170897\/","title":{"rendered":"apr\u00e8s \u00eatre sorti du coma, son \u00e9tat s&rsquo;est \u00e0 nouveau d\u00e9grad\u00e9"},"content":{"rendered":"<p>            Par<br \/>\n        <strong><br \/>\n            <a href=\"https:\/\/actu.fr\/auteur\/brian-legoff\" title=\"Consulter tous les articles de Brian Le Goff\" rel=\"nofollow noopener\" target=\"_blank\">Brian Le Goff<\/a><br \/>\n        <\/strong><\/p>\n<p>        Publi\u00e9 le<\/p>\n<p>            12 juin 2025 \u00e0 10h53        <\/p>\n<p><strong>La <\/strong><strong>sant\u00e9<\/strong> de Ga\u00ebl, <a href=\"https:\/\/actu.fr\/bretagne\/rennes_35238\/violences-affrontements-apres-la-victoire-du-psg-un-policier-rennais-place-dans-le-coma-artificiel_62714546.html\" rel=\"nofollow noopener\" target=\"_blank\">policier rennais bless\u00e9 apr\u00e8s la victoire du PSG en <\/a>Ligue des champions, est <strong>encore fragile<\/strong>. De bonnes nouvelles avaient pourtant \u00e9t\u00e9 port\u00e9es \u00e0 la connaissance des m\u00e9dias ces derniers jours\u2009: <a href=\"https:\/\/actu.fr\/bretagne\/rennes_35238\/policier-rennais-grievement-blesse-apres-la-victoire-du-psg-l-agent-est-sorti-du-coma_62753028.html\" rel=\"nofollow noopener\" target=\"_blank\">l\u2019agent de la brigade cynophile \u00e9tait en effet sorti du coma<\/a>.<\/p>\n<p class=\" wall-content\">Mais la r\u00e9daction d\u2019<a href=\"https:\/\/actu.fr\/rennes\/\" rel=\"nofollow noopener\" target=\"_blank\">actu Rennes<\/a> a appris, <strong>mercredi 11\u00a0juin dans la soir\u00e9e,<\/strong> que son \u00e9tat de sant\u00e9 s\u2019\u00e9tait <strong>\u00ab\u2009de nouveau d\u00e9grad\u00e9\u2009\u00bb<\/strong>.<\/p>\n<p class=\" wall-content\">Alors qu\u2019un <strong>transfert<\/strong> vers le <a href=\"https:\/\/actu.fr\/tag\/chu-de-rennes\" rel=\"nofollow noopener\" target=\"_blank\">CHU de Rennes<\/a> \u00e9tait envisag\u00e9 \u00e0 court terme, ce dernier a \u00e9t\u00e9 <strong>report\u00e9<\/strong>.<\/p>\n<p>Touch\u00e9 par un projectile pyrotechnique<\/p>\n<p class=\" wall-content\">Pour rappel, samedi 31\u00a0mai, le <strong>p\u00e8re de famille de 43\u00a0ans<\/strong> avait \u00e9t\u00e9 touch\u00e9 par un projectile pyrotechnique le soir de la finale de la Ligue des champions<a href=\"https:\/\/actu.fr\/normandie\/coutances_50147\/un-policier-blesse-au-visage-dans-la-manche-en-marge-de-la-finale-de-la-ligue-des-champions_62713075.html\" rel=\"nofollow noopener\" target=\"_blank\">\u00a0\u00e0 Coutances, dans la Manche<\/a>. Il \u00e9tait en renfort dans le cadre d\u2019un <a href=\"https:\/\/actu.fr\/tag\/jazz-sous-les-pommiers\" rel=\"nofollow noopener\" target=\"_blank\">festival de Jazz<\/a>.<\/p>\n<p class=\" wall-content\">D\u00e8s le lendemain, dimanche 1er\u00a0juin, Gauthier Poupeau, le procureur de la R\u00e9publique de Coutances, qualifiait alors l\u2019\u00e9tat de sant\u00e9 du policier de \u00ab\u2009<strong>pr\u00e9occupant<\/strong>\u2009\u00bb.<\/p>\n<p>Vid\u00e9os : en ce moment sur Actu<\/p>\n<p class=\" wall-content\">Le policier avait donc \u00e9t\u00e9<strong> op\u00e9r\u00e9 et plac\u00e9<\/strong> dans un coma artificiel apr\u00e8s avoir \u00e9t\u00e9 transport\u00e9 d\u2019urgence au service de neurochirurgie du CHU de Caen.<\/p>\n<p>Un marin-p\u00eacheur d\u2019une vingtaine d\u2019ann\u00e9es mis en examen<\/p>\n<p class=\" wall-content\"><strong>Pr\u00e8s d\u2019une semaine apr\u00e8s<\/strong> les faits, vendredi 6\u00a0juin, <a href=\"https:\/\/actu.fr\/normandie\/coutances_50147\/lauteur-presume-des-tirs-blessant-un-policier-a-coutances-a-ete-interpelle_62738433.html\" rel=\"nofollow noopener\" target=\"_blank\">l\u2019auteur pr\u00e9sum\u00e9 du tir avait \u00e9t\u00e9 interpell\u00e9<\/a>.<\/p>\n<p class=\" wall-content\">Le m\u00eame jour, au cours d\u2019une conf\u00e9rence de presse, <strong>Gauthier Poupeau,<\/strong> le procureur de la R\u00e9publique de Coutances, <strong>annon\u00e7ait<\/strong> qu\u2019un marin-p\u00eacheur d\u2019une vingtaine d\u2019ann\u00e9es <a href=\"https:\/\/actu.fr\/normandie\/coutances_50147\/policier-blesse-a-coutances-un-jeune-marin-pecheur-a-ete-mis-en-examen_62739713.html\" rel=\"nofollow noopener\" target=\"_blank\">\u00e9tait mis en examen et donnait plus d\u2019informations sur les circonstances qui ont abouti \u00e0 cette situation<\/a>.<\/p>\n<p class=\" wall-content\">Suivez toute l\u2019actualit\u00e9 de vos villes et m\u00e9dias favoris en vous inscrivant \u00e0 <a href=\"https:\/\/moncompte.actu.fr\" title=\"D\u00e9couvez Mon Actu\" rel=\"nofollow noopener\" data-trk=\"{&quot;cta&quot;:{&quot;action&quot;:&quot;https:\\\/\\\/moncompte.actu.fr&quot;,&quot;category&quot;:&quot;mon compte&quot;,&quot;from&quot;:&quot;article footer&quot;,&quot;name&quot;:&quot;Mon actu&quot;,&quot;type&quot;:&quot;cta&quot;}}\" target=\"_blank\">Mon Actu<\/a>.<\/p>\n<ul class=\"ac-article-tag wall-content\">\n<li><a href=\"https:\/\/actu.fr\/tag\/paris-saint-germain-psg\" data-trk=\"{&quot;cta&quot;:{&quot;action&quot;:&quot;Paris Saint Germain (PSG)&quot;,&quot;category&quot;:&quot;tag&quot;,&quot;from&quot;:&quot;article footer&quot;,&quot;name&quot;:&quot;Paris Saint Germain (PSG)&quot;,&quot;type&quot;:&quot;cta&quot;}}\" rel=\"nofollow noopener\" target=\"_blank\">#Paris Saint Germain (PSG)<\/a><\/li>\n<li><a href=\"https:\/\/actu.fr\/tag\/police\" data-trk=\"{&quot;cta&quot;:{&quot;action&quot;:&quot;Police&quot;,&quot;category&quot;:&quot;tag&quot;,&quot;from&quot;:&quot;article footer&quot;,&quot;name&quot;:&quot;Police&quot;,&quot;type&quot;:&quot;cta&quot;}}\" rel=\"nofollow noopener\" target=\"_blank\">#Police<\/a><\/li>\n<\/ul>\n","protected":false},"excerpt":{"rendered":"Par Brian Le Goff Publi\u00e9 le 12 juin 2025 \u00e0 10h53 La sant\u00e9 de Ga\u00ebl, policier rennais bless\u00e9&hellip;\n","protected":false},"author":2,"featured_media":148697,"comment_status":"","ping_status":"","sticky":false,"template":"","format":"standard","meta":{"footnotes":""},"categories":[2821],"tags":[1111,11,829,1777,674,118,1011,27,12,2332,1072,584,25],"class_list":{"0":"post-170897","1":"post","2":"type-post","3":"status-publish","4":"format-standard","5":"has-post-thumbnail","7":"category-rennes","8":"tag-actu","9":"tag-actualites","10":"tag-bretagne","11":"tag-eu","12":"tag-europe","13":"tag-faits-divers","14":"tag-fr","15":"tag-france","16":"tag-news","17":"tag-paris-saint-germain-psg","18":"tag-police","19":"tag-rennes","20":"tag-republique-francaise"},"share_on_mastodon":{"url":"https:\/\/pubeurope.com\/@fr\/114670633272138537","error":""},"_links":{"self":[{"href":"https:\/\/www.europesays.com\/fr\/wp-json\/wp\/v2\/posts\/170897","targetHints":{"allow":["GET"]}}],"collection":[{"href":"https:\/\/www.europesays.com\/fr\/wp-json\/wp\/v2\/posts"}],"about":[{"href":"https:\/\/www.europesays.com\/fr\/wp-json\/wp\/v2\/types\/post"}],"author":[{"embeddable":true,"href":"https:\/\/www.europesays.com\/fr\/wp-json\/wp\/v2\/users\/2"}],"replies":[{"embeddable":true,"href":"https:\/\/www.europesays.com\/fr\/wp-json\/wp\/v2\/comments?post=170897"}],"version-history":[{"count":0,"href":"https:\/\/www.europesays.com\/fr\/wp-json\/wp\/v2\/posts\/170897\/revisions"}],"wp:featuredmedia":[{"embeddable":true,"href":"https:\/\/www.europesays.com\/fr\/wp-json\/wp\/v2\/media\/148697"}],"wp:attachment":[{"href":"https:\/\/www.europesays.com\/fr\/wp-json\/wp\/v2\/media?parent=170897"}],"wp:term":[{"taxonomy":"category","embeddable":true,"href":"https:\/\/www.europesays.com\/fr\/wp-json\/wp\/v2\/categories?post=170897"},{"taxonomy":"post_tag","embeddable":true,"href":"https:\/\/www.europesays.com\/fr\/wp-json\/wp\/v2\/tags?post=170897"}],"curies":[{"name":"wp","href":"https:\/\/api.w.org\/{rel}","templated":true}]}}