{"id":170898,"date":"2025-06-12T13:29:10","date_gmt":"2025-06-12T13:29:10","guid":{"rendered":"https:\/\/www.europesays.com\/fr\/170898\/"},"modified":"2025-06-12T13:29:10","modified_gmt":"2025-06-12T13:29:10","slug":"ya-rien-a-attendre-du-deal-rennes-part-en-campagne-pour-detourner-les-jeunes-du-trafic","status":"publish","type":"post","link":"https:\/\/www.europesays.com\/fr\/170898\/","title":{"rendered":"\u00ab\u00a0Y\u2019a rien \u00e0 attendre du deal\u00a0\u00bb\u2026 Rennes part en campagne pour d\u00e9tourner les jeunes du trafic"},"content":{"rendered":"<p>Elle a pendant longtemps \u00e9t\u00e9 \u00e9pargn\u00e9e par la violence avant d\u2019\u00eatre happ\u00e9e \u00e0 son tour, gangren\u00e9e <a href=\"https:\/\/www.20minutes.fr\/dossier\/narcotrafiquants\" class=\"color-ultramarine c-link\" rel=\"nofollow noopener\" target=\"_blank\">par le narcotrafic<\/a>. A Rennes, on ne compte plus le nombre de fusillades \u00e0 l\u2019arme de guerre qui ont \u00e9clat\u00e9 ces derni\u00e8res ann\u00e9es sur des points de deal, plongeant les habitants de ces quartiers dans la peur d\u2019\u00eatre des victimes collat\u00e9rales. \u00ab\u00a0C\u2019est un poison au quotidien quand on vit \u00e0 proximit\u00e9 et un poison pour la soci\u00e9t\u00e9 tout enti\u00e8re\u00a0\u00bb\u00a0\u00bb, indique <a href=\"https:\/\/www.20minutes.fr\/dossier\/nathalie_appere\" class=\"color-ultramarine c-link\" rel=\"nofollow noopener\" target=\"_blank\">la maire Nathalie App\u00e9r\u00e9<\/a>.<\/p>\n<p>A chaque drame, l\u2019\u00e9lue socialiste ne cesse de r\u00e9p\u00e9ter que la ville n\u2019a \u00ab\u00a0ni les comp\u00e9tences juridiques, ni les moyens r\u00e9galiens pour arr\u00eater les trafiquants\u00a0\u00bb. \u00ab\u00a0Mais nous avons aussi un r\u00f4le \u00e0 jouer\u00a0\u00bb, assure-t-elle. Cela passe notamment <a href=\"https:\/\/www.20minutes.fr\/dossier\/prevention\" class=\"color-ultramarine c-link\" rel=\"nofollow noopener\" target=\"_blank\">par la pr\u00e9vention<\/a> des jeunes, \u00ab\u00a0l\u2019angle mort dans cette lutte contre le narcotrafic\u00a0\u00bb, estime le docteur Nicolas Prisse, pr\u00e9sident de la mission interminist\u00e9rielle de lutte contre les drogues et les conduites addictives (Mildeca).<\/p>\n<p>\u00ab\u00a0Le deal, c\u2019est l\u2019ennui et la violence\u00a0\u00bb<\/p>\n<p>Pour les d\u00e9tourner du deal et casser le mythe de l\u2019argent facile, la ville de Rennes a imagin\u00e9 une campagne avec un clip qui sera diffus\u00e9 \u00e0 partir de la semaine prochaine sur les r\u00e9seaux sociaux et des affiches qui seront placard\u00e9es dans l\u2019espace public. Avec un message clair\u00a0: \u00ab\u00a0Y\u2019a rien \u00e0 attendre <a href=\"https:\/\/www.20minutes.fr\/dossier\/trafic_de_drogue\" class=\"color-ultramarine c-link\" rel=\"nofollow noopener\" target=\"_blank\">du deal<\/a>.\u00a0\u00bb<\/p>\n<p><a href=\"https:\/\/www.20minutes.fr\/dossier\/narcotrafiquants\" class=\"c-link c-btn c-btn--primary\" rel=\"nofollow noopener\" target=\"_blank\">Notre dossier sur le narcotrafic<\/a><\/p>\n<p>\u00ab\u00a0On ne voulait pas d\u2019une campagne r\u00e9ductrice ou culpabilisante comme cela a d\u00e9j\u00e0 \u00e9t\u00e9 le cas, souligne Charles Guivarch de l\u2019agence de communication La Contr\u00e9e, qui a sign\u00e9 le clip. L\u2019id\u00e9e, c\u2019est plut\u00f4t de dire aux jeunes que le deal n\u2019est pas une fatalit\u00e9 et qu\u2019on n\u2019a rien \u00e0 y gagner. Car le deal, c\u2019est l\u2019ennui, la violence, des embrouilles et des drames.\u00a0\u00bb \u00ab\u00a0Il n\u2019y a pas de belles histoires dans le narcotrafic\u00a0\u00bb, insiste Nathalie App\u00e9r\u00e9.<\/p>\n<p>\u00ab\u00a0Ne pas stigmatiser ces jeunes\u00a0\u00bb<\/p>\n<p>Pour viser juste, <a href=\"https:\/\/www.youtube.com\/watch?v=B4visxj_7lE\" rel=\"nofollow noopener\" target=\"_blank\" class=\"color-ultramarine c-link\">le clip de 56 secondes<\/a> met en sc\u00e8ne six jeunes Rennais \u00ab\u00a0qui sont les plus \u00e0 m\u00eame de s\u2019adresser \u00e0 d\u2019autres jeunes\u00a0\u00bb. Sans rien cacher, la vid\u00e9o montre l\u2019ennui des guetteurs au pied des tours ou la violence des r\u00e8glements de compte entre trafiquants. \u00ab\u00a0On ne veut pas stigmatiser ces jeunes qui c\u00e8dent \u00e0 l\u2019argent facile mais on veut leur dire que \u00e7a finit toujours mal et qu\u2019il y a bien mieux \u00e0 faire\u00a0\u00bb, t\u00e9moigne Nadjila.<\/p>\n<\/p>\n<p>Habitant le quartier Italie dans le sud de Rennes, un lieu de deal bien connu dans la capitale bretonne, la jeune femme a bien conscience que cette campagne n\u2019\u00e9radiquera pas le trafic. \u00ab\u00a0Mais si \u00e7a peut faire prendre conscience \u00e0 certains, alors ce sera d\u00e9j\u00e0 \u00e7a de gagn\u00e9\u00a0\u00bb, esp\u00e8re-t-elle.<\/p>\n","protected":false},"excerpt":{"rendered":"Elle a pendant longtemps \u00e9t\u00e9 \u00e9pargn\u00e9e par la violence avant d\u2019\u00eatre happ\u00e9e \u00e0 son tour, gangren\u00e9e par le&hellip;\n","protected":false},"author":2,"featured_media":170899,"comment_status":"","ping_status":"","sticky":false,"template":"","format":"standard","meta":{"footnotes":""},"categories":[2821],"tags":[1111,47,11,829,30542,1052,1777,674,1011,27,848,4074,813,12,6543,584,25,104,4377,887,133],"class_list":{"0":"post-170898","1":"post","2":"type-post","3":"status-publish","4":"format-standard","5":"has-post-thumbnail","7":"category-rennes","8":"tag-actu","9":"tag-actualite","10":"tag-actualites","11":"tag-bretagne","12":"tag-clip","13":"tag-drogue","14":"tag-eu","15":"tag-europe","16":"tag-fr","17":"tag-france","18":"tag-ille-et-vilaine","19":"tag-jeunes","20":"tag-narcotrafiquants","21":"tag-news","22":"tag-prevention","23":"tag-rennes","24":"tag-republique-francaise","25":"tag-societe","26":"tag-stupefiant","27":"tag-trafic-de-drogue","28":"tag-video"},"share_on_mastodon":{"url":"https:\/\/pubeurope.com\/@fr\/114670637153584548","error":""},"_links":{"self":[{"href":"https:\/\/www.europesays.com\/fr\/wp-json\/wp\/v2\/posts\/170898","targetHints":{"allow":["GET"]}}],"collection":[{"href":"https:\/\/www.europesays.com\/fr\/wp-json\/wp\/v2\/posts"}],"about":[{"href":"https:\/\/www.europesays.com\/fr\/wp-json\/wp\/v2\/types\/post"}],"author":[{"embeddable":true,"href":"https:\/\/www.europesays.com\/fr\/wp-json\/wp\/v2\/users\/2"}],"replies":[{"embeddable":true,"href":"https:\/\/www.europesays.com\/fr\/wp-json\/wp\/v2\/comments?post=170898"}],"version-history":[{"count":0,"href":"https:\/\/www.europesays.com\/fr\/wp-json\/wp\/v2\/posts\/170898\/revisions"}],"wp:featuredmedia":[{"embeddable":true,"href":"https:\/\/www.europesays.com\/fr\/wp-json\/wp\/v2\/media\/170899"}],"wp:attachment":[{"href":"https:\/\/www.europesays.com\/fr\/wp-json\/wp\/v2\/media?parent=170898"}],"wp:term":[{"taxonomy":"category","embeddable":true,"href":"https:\/\/www.europesays.com\/fr\/wp-json\/wp\/v2\/categories?post=170898"},{"taxonomy":"post_tag","embeddable":true,"href":"https:\/\/www.europesays.com\/fr\/wp-json\/wp\/v2\/tags?post=170898"}],"curies":[{"name":"wp","href":"https:\/\/api.w.org\/{rel}","templated":true}]}}