{"id":170906,"date":"2025-06-12T13:33:13","date_gmt":"2025-06-12T13:33:13","guid":{"rendered":"https:\/\/www.europesays.com\/fr\/170906\/"},"modified":"2025-06-12T13:33:13","modified_gmt":"2025-06-12T13:33:13","slug":"hockey-sur-glace-ligue-magnus-bdl-une-des-pepites-de-grenoble-part-a-nice","status":"publish","type":"post","link":"https:\/\/www.europesays.com\/fr\/170906\/","title":{"rendered":"Hockey sur glace &#8211; Ligue Magnus. BDL : une des p\u00e9pites de Grenoble part \u00e0 Nice"},"content":{"rendered":"<p>  Le \u201cConnord Bedard\u201d des Br\u00fbleurs de loups<\/p>\n<p>Surnomm\u00e9 par le vestiaire <a href=\"https:\/\/www.ledauphine.com\/sport\/2025\/03\/30\/hugo-nogaretto-et-son-shoot-nhl\" target=\"_blank\" rel=\"noopener\">des Br\u00fbleurs de loups le \u201cConnord B\u00e9dard\u201d de Grenoble (star des Blackhawks de Chicago en NHL)<\/a> , l\u2019attaquant doit confirmer sous ses nouvelles couleurs avant de revenir en Is\u00e8re pour s\u2019imposer avec l\u2019\u00e9quipe premi\u00e8re de Grenoble.<\/p>\n<p>\u00c0 Nice, Hugo Nogaretto va notamment retrouver Jean-Fran\u00e7ois Dufour, l\u2019ancien manager g\u00e9n\u00e9ral des BDL qui est maintenant au c\u0153ur du nouveau projet ni\u00e7ois et Nicolas Tomasini, l\u2019ancien directeur du centre de formation des Br\u00fbleurs de loups.<\/p>\n<p>Avec les Aigles, Nogaretto va obtenir du temps de jeu et pouvoir continuer sa progression au sein d\u2019une \u00e9quipe en pleine reconstruction.<\/p>\n","protected":false},"excerpt":{"rendered":"Le \u201cConnord Bedard\u201d des Br\u00fbleurs de loups Surnomm\u00e9 par le vestiaire des Br\u00fbleurs de loups le \u201cConnord B\u00e9dard\u201d&hellip;\n","protected":false},"author":2,"featured_media":170907,"comment_status":"","ping_status":"","sticky":false,"template":"","format":"standard","meta":{"footnotes":""},"categories":[2819],"tags":[1111,11,112,113,114,1777,674,1701,1795,1011,27,2731,2732,4133,10145,108,12,2401,882,25,517,1947],"class_list":{"0":"post-170906","1":"post","2":"type-post","3":"status-publish","4":"format-standard","5":"has-post-thumbnail","7":"category-nice","8":"tag-actu","9":"tag-actualites","10":"tag-edition-grenoble-agglomeration","11":"tag-edition-gresivaudan-oisans","12":"tag-edition-voiron-saint-marcellin","13":"tag-eu","14":"tag-europe","15":"tag-fil-info-sport","16":"tag-fil-web","17":"tag-fr","18":"tag-france","19":"tag-grenoble","20":"tag-grenoble-bassin","21":"tag-hockey-sur-glace","22":"tag-hockey-sur-glace-grenoble","23":"tag-isere","24":"tag-news","25":"tag-nice","26":"tag-provence-alpes-cote-dazur","27":"tag-republique-francaise","28":"tag-sport","29":"tag-sport-national"},"share_on_mastodon":{"url":"https:\/\/pubeurope.com\/@fr\/114670653156812636","error":""},"_links":{"self":[{"href":"https:\/\/www.europesays.com\/fr\/wp-json\/wp\/v2\/posts\/170906","targetHints":{"allow":["GET"]}}],"collection":[{"href":"https:\/\/www.europesays.com\/fr\/wp-json\/wp\/v2\/posts"}],"about":[{"href":"https:\/\/www.europesays.com\/fr\/wp-json\/wp\/v2\/types\/post"}],"author":[{"embeddable":true,"href":"https:\/\/www.europesays.com\/fr\/wp-json\/wp\/v2\/users\/2"}],"replies":[{"embeddable":true,"href":"https:\/\/www.europesays.com\/fr\/wp-json\/wp\/v2\/comments?post=170906"}],"version-history":[{"count":0,"href":"https:\/\/www.europesays.com\/fr\/wp-json\/wp\/v2\/posts\/170906\/revisions"}],"wp:featuredmedia":[{"embeddable":true,"href":"https:\/\/www.europesays.com\/fr\/wp-json\/wp\/v2\/media\/170907"}],"wp:attachment":[{"href":"https:\/\/www.europesays.com\/fr\/wp-json\/wp\/v2\/media?parent=170906"}],"wp:term":[{"taxonomy":"category","embeddable":true,"href":"https:\/\/www.europesays.com\/fr\/wp-json\/wp\/v2\/categories?post=170906"},{"taxonomy":"post_tag","embeddable":true,"href":"https:\/\/www.europesays.com\/fr\/wp-json\/wp\/v2\/tags?post=170906"}],"curies":[{"name":"wp","href":"https:\/\/api.w.org\/{rel}","templated":true}]}}