{"id":170914,"date":"2025-06-12T13:39:26","date_gmt":"2025-06-12T13:39:26","guid":{"rendered":"https:\/\/www.europesays.com\/fr\/170914\/"},"modified":"2025-06-12T13:39:26","modified_gmt":"2025-06-12T13:39:26","slug":"girondins-de-bordeaux-gerard-lopez-nous-provoque","status":"publish","type":"post","link":"https:\/\/www.europesays.com\/fr\/170914\/","title":{"rendered":"Girondins de Bordeaux : \u201cG\u00e9rard Lopez nous provoque\u201d"},"content":{"rendered":"<p><img decoding=\"async\" src=\"https:\/\/www.europesays.com\/fr\/wp-content\/uploads\/2025\/06\/671_6ab6cc39334f9965b620c00cd4768469.jpg\" alt=\"Girondins de Bordeaux : \u201cG\u00e9rard Lopez nous provoque\u201d\" class=\"img-responsive mt-3\"\/><\/p>\n<p class=\"text-center mb-3\" style=\"font-size: 14px\">\u00a9 Iconsport<\/p>\n<p style=\"text-align: justify;\">\u00c9coutez ses propos ou lisez-les :<\/p>\n<p style=\"text-align: justify;\">Le pr\u00e9sident des Girondins de Bordeaux, G\u00e9rard Lopez s\u2019est exprim\u00e9 ce dimanche 8 juin dans le JDD \u00e0 propos de la situation actuelle du club. Lors de cet entretien, il r\u00e9pond aux critiques. Le titre de l\u2019article fait beaucoup parler : \u00ab\u00a0Je veux sauver les Girondins de Bordeaux\u00a0\u00bb a t-il d\u00e9clar\u00e9.<\/p>\n<p><strong>\u201cG\u00e9rard Lopez a eu peur\u201d<\/strong><\/p>\n<p style=\"text-align: justify;\">Jonathan d\u2019Agostino dans le <a href=\"https:\/\/www.youtube.com\/watch?v=mYk2zs0T8PM&amp;t=3235s\" target=\"_blank\" rel=\"noopener\">Talk sur WebGirondins<\/a> : \u201cCe qui est int\u00e9ressant dans cette sortie m\u00e9diatique, c&rsquo;est que j&rsquo;ai compris comment faire sortir G\u00e9rard Lopez du bois. L\u00e0, il a eu peur. Avec le projet Oliver Kahn, puis lorsqu\u2019il se fait tancer par les North Gate \u00e0 Bordeaux. Ce qu&rsquo;il aime, c\u2019est le conflit. Il adore \u00e7a, et s&rsquo;il peut mettre un \u201cuppercut\u201d, il va le faire et c&rsquo;est ce qu&rsquo;il fait avec cette tribune.\u201d<\/p>\n<p><strong>\u201cIl n\u2019assume pas son r\u00f4le de dirigeant\u201d<\/strong><\/p>\n<p style=\"text-align: justify;\">\u201cC\u2019est quelqu\u2019un qui vient \u00e0 Bordeaux et avec qui on n&rsquo;a m\u00eame pas le temps d&rsquo;\u00e9changer. Il fuit, et c\u2019est comme \u00e7a qu\u2019il r\u00e9pond. Il n&rsquo;assume pas son r\u00f4le de dirigeant, m\u00eame pas son r\u00f4le d&rsquo;investisseur puisqu\u2019il n&rsquo;est pas pr\u00e9sent, il ne se montre pas physiquement. Lui pense, parce qu&rsquo;il met l&rsquo;argent, qu&rsquo;il peut ma\u00eetriser tout ce qu&rsquo;il veut. Sauf que personne ne veut plus de lui.\u201d<\/p>\n<p><strong>Sa tribune \u201cc\u2019est de la provocation pure et dure\u201d<\/strong><\/p>\n<p style=\"text-align: justify;\">\u201cNous savons tous que ce qu\u2019il a racont\u00e9 est faux et je trouve \u00e7a intol\u00e9rable dans le sens o\u00f9 c&rsquo;est de la provocation pure et dure. Il ne pensait pas que quelqu&rsquo;un allait d\u00e9poser un dossier et il a eu peur par rapport \u00e0 \u00e7a. Il n&rsquo;a pas appr\u00e9ci\u00e9 non plus l&rsquo;accueil qu&rsquo;il a eu \u00e0 Bordeaux et c&rsquo;est pour \u00e7a qu&rsquo;il r\u00e9pond en provoquant. Il ne faut pas r\u00e9pondre \u00e0 \u00e7a.\u201d<\/p>\n<p><strong>\u201cLa plupart des gens savent que ce qu&rsquo;il dit est faux\u201d<\/strong><\/p>\n<p style=\"text-align: justify;\">\u201cCe qui me d\u00e9range c&rsquo;est que les m\u00e9dias le relaient. On a d\u00e9montr\u00e9 ce qui est faux. Ce qui est bien, c&rsquo;est que la plupart des gens le savent, ce qui fait que l&rsquo;interview est tr\u00e8s mal pass\u00e9e.\u201d<\/p>\n<p>\u00c0 lire &gt;&gt;\u00a0<strong><a href=\"https:\/\/www.webgirondins.com\/actualite-girondins-girondins-nicolas-de-tavernost-revele-que-m6-aurait-pu-vendre-bordeaux-a-vichai-srivaddhanaprabha-129381\" target=\"_blank\" rel=\"noopener\">Nicolas De Tavernost r\u00e9v\u00e8le que M6 aurait pu vendre Bordeaux \u00e0 Vichai Srivaddhanaprabha<\/a><br \/><\/strong><\/p>\n<p>\u00a0<\/p>\n","protected":false},"excerpt":{"rendered":"\u00a9 Iconsport \u00c9coutez ses propos ou lisez-les : Le pr\u00e9sident des Girondins de Bordeaux, G\u00e9rard Lopez s\u2019est exprim\u00e9&hellip;\n","protected":false},"author":2,"featured_media":160553,"comment_status":"","ping_status":"","sticky":false,"template":"","format":"standard","meta":{"footnotes":""},"categories":[2817],"tags":[1111,11,14172,1997,3721,1446,1777,674,1011,27,8294,1987,2173,14171,8295,12,3946,2219,7481,7914,25,5238],"class_list":{"0":"post-170914","1":"post","2":"type-post","3":"status-publish","4":"format-standard","5":"has-post-thumbnail","7":"category-bordeaux","8":"tag-actu","9":"tag-actualites","10":"tag-agostino","11":"tag-bordeaux","12":"tag-chroniqueur","13":"tag-dans","14":"tag-eu","15":"tag-europe","16":"tag-fr","17":"tag-france","18":"tag-gerard","19":"tag-girondins","20":"tag-interview","21":"tag-jonathan","22":"tag-lopez","23":"tag-news","24":"tag-nous","25":"tag-nouvelle-aquitaine","26":"tag-provoque","27":"tag-reagit","28":"tag-republique-francaise","29":"tag-webgirondins"},"share_on_mastodon":{"url":"https:\/\/pubeurope.com\/@fr\/114670676480662461","error":""},"_links":{"self":[{"href":"https:\/\/www.europesays.com\/fr\/wp-json\/wp\/v2\/posts\/170914","targetHints":{"allow":["GET"]}}],"collection":[{"href":"https:\/\/www.europesays.com\/fr\/wp-json\/wp\/v2\/posts"}],"about":[{"href":"https:\/\/www.europesays.com\/fr\/wp-json\/wp\/v2\/types\/post"}],"author":[{"embeddable":true,"href":"https:\/\/www.europesays.com\/fr\/wp-json\/wp\/v2\/users\/2"}],"replies":[{"embeddable":true,"href":"https:\/\/www.europesays.com\/fr\/wp-json\/wp\/v2\/comments?post=170914"}],"version-history":[{"count":0,"href":"https:\/\/www.europesays.com\/fr\/wp-json\/wp\/v2\/posts\/170914\/revisions"}],"wp:featuredmedia":[{"embeddable":true,"href":"https:\/\/www.europesays.com\/fr\/wp-json\/wp\/v2\/media\/160553"}],"wp:attachment":[{"href":"https:\/\/www.europesays.com\/fr\/wp-json\/wp\/v2\/media?parent=170914"}],"wp:term":[{"taxonomy":"category","embeddable":true,"href":"https:\/\/www.europesays.com\/fr\/wp-json\/wp\/v2\/categories?post=170914"},{"taxonomy":"post_tag","embeddable":true,"href":"https:\/\/www.europesays.com\/fr\/wp-json\/wp\/v2\/tags?post=170914"}],"curies":[{"name":"wp","href":"https:\/\/api.w.org\/{rel}","templated":true}]}}