{"id":170915,"date":"2025-06-12T13:40:17","date_gmt":"2025-06-12T13:40:17","guid":{"rendered":"https:\/\/www.europesays.com\/fr\/170915\/"},"modified":"2025-06-12T13:40:17","modified_gmt":"2025-06-12T13:40:17","slug":"info-actu-toulouse-en-plein-centre-ville-ce-centre-de-sante-a-definitivement-ferme","status":"publish","type":"post","link":"https:\/\/www.europesays.com\/fr\/170915\/","title":{"rendered":"INFO ACTU TOULOUSE. En plein centre-ville, ce centre de sant\u00e9 a d\u00e9finitivement ferm\u00e9"},"content":{"rendered":"<p>            Par<br \/>\n        <strong><br \/>\n            <a href=\"https:\/\/actu.fr\/auteur\/guillaume-laurens\" title=\"Consulter tous les articles de Guillaume Laurens\" target=\"_blank\" rel=\"noopener\">Guillaume Laurens<\/a><br \/>\n        <\/strong><\/p>\n<p>        Publi\u00e9 le<\/p>\n<p>            12 juin 2025 \u00e0 14h25        <\/p>\n<p>C\u2019est un coup dur pour des milliers de patients du centre-ville de <a href=\"https:\/\/actu.fr\/toulouse\" target=\"_blank\" rel=\"noopener\"><strong>Toulouse<\/strong><\/a>. En proie \u00e0 des <strong>probl\u00e8mes financiers<\/strong>, le <strong>centre de sant\u00e9 pluridisciplinaire Cap\u2019Rempart<\/strong>, <a href=\"https:\/\/actu.fr\/occitanie\/toulouse_31555\/toulouse-place-wilson-grand-centre-paramedical-va-ouvrir-trois-niveaux_22885033.html\" target=\"_blank\" rel=\"noopener\">ouvert par la <strong>Mutuelle du Rempart <\/strong>en 2019<\/a> et situ\u00e9 au 1 rue d\u2019Austerlitz, \u00e0 deux pas de la place Wilson, a d\u00e9finitivement ferm\u00e9. Ce que l\u2019on sait.<\/p>\n<p>3 000 patients sur le carreau en centre-ville de Toulouse<\/p>\n<p class=\" wall-content\">Sa <strong>liquidation judiciaire<\/strong> a \u00e9t\u00e9 prononc\u00e9e mardi 10 juin 2025 par le tribunal judiciaire de Toulouse et d\u00e8s le lendemain, mercredi, le centre de sant\u00e9 Cap\u2019Rempart a tomb\u00e9 le rideau.<\/p>\n<p class=\" wall-content\">La mutuelle vient de confirmer la nouvelle \u00e0 ses patients dans un mail qu\u2019Actu Toulouse a pu consulter : \u00ab\u00a0Malgr\u00e9 la l\u00e9gitimit\u00e9 de son activit\u00e9 en centre-ville de Toulouse (\u2026), il appara\u00eet que <strong>des probl\u00e8mes structurels<\/strong> nuisent \u00e0 la <strong>viabilit\u00e9 de ce mod\u00e8le\u00a0\u00bb. <\/strong>Dans ce courriel \u00e0 ses patients, la mutuelle \u00e9voque les \u00ab\u00a0difficult\u00e9s que rencontrait le centre\u00a0\u00bb.<\/p>\n<blockquote class=\"ac-article-quote wall-content\">\n<p>Elles ont malheureusement conduit le conseil d\u2019administration de Cap\u2019 Rempart \u00e0 saisir le tribunal judiciaire de Toulouse aux fins de d\u00e9cider d\u2019une liquidation pour raisons \u00e9conomiques, dont le jugement a \u00e9t\u00e9 rendu hier. C\u2019est pourquoi, d\u00e8s aujourd\u2019hui, votre centre de sant\u00e9 Cap\u2019Rempart ne peut plus recevoir de patient\u00e8le.<\/p>\n<p>    <strong>La mutuelle du rempart\u00a0<\/strong>\n            <\/p><\/blockquote>\n<p>23 000 consultations par an en centre-ville de Toulouse<\/p>\n<p class=\" wall-content\">La Mutuelle du Rempart observe que depuis son ouverture en 2019, \u00ab\u00a0de nombreux patients se sont tourn\u00e9s vers ce centre de sant\u00e9 pour [leur] suivi m\u00e9dical et param\u00e9dical.<\/p>\n<p class=\" wall-content\">\u00c0 ses yeux, malgr\u00e9 la fermeture, ce centre a d\u2019ailleurs \u00ab\u00a0fortement contribu\u00e9 \u00e0 <strong>pallier la d\u00e9sertification m\u00e9dicale<\/strong> <strong>progressive<\/strong> \u00e0 Toulouse\u00a0\u00bb. Selon elle, \u00ab\u00a0le centre re\u00e7oit annuellement <strong>3 000 patients diff\u00e9rents<\/strong> et r\u00e9alise <strong>23 000 consultations<\/strong> par an, toutes disciplines confondues\u00a0\u00bb. Un paradoxe alors que l\u2019agglom\u00e9ration de Toulouse est l\u2019une des plus dynamiques de France depuis des d\u00e9cennies.<\/p>\n<p>    <img   decoding=\"async\" loading=\"lazy\" src=\"https:\/\/www.europesays.com\/fr\/wp-content\/uploads\/2025\/06\/centre-de-sante-cap-rempart-toulouse-ml-4-960x640.jpg\" alt=\"Le centre de sant\u00e9 pr\u00e9vient ses patients sur place en centre-ville\" width=\"960\" height=\"640\"\/><br \/>\n    Le centre de sant\u00e9 pr\u00e9vient ses patients sur place en centre-ville (\u00a9Marie Lamarque \/ Actu Toulouse)Quelles solutions pour les patients ?<\/p>\n<p class=\" wall-content\">Quelles solutions s\u2019offrent \u00e0 ces patients qui se retrouvent <strong>naufrag\u00e9s de la sant\u00e9<\/strong> ? \u00ab\u00a0Nous n\u2019avons que peu de destinations \u00e0 vous proposer aujourd\u2019hui pour trouver un nouveau suivi m\u00e9dical\u00a0\u00bb, leur annonce tout de go Rempart Sant\u00e9, avant de les inviter \u00e0 frapper \u00e0 la porte\u2026 du nouveau<a href=\"https:\/\/actu.fr\/occitanie\/toulouse_31555\/en-plein-desert-medical-un-nouveau-centre-de-sante-vient-d-ouvrir-dans-ce-quartier-de-toulouse_62734359.html\" target=\"_blank\" rel=\"noopener\"> centre de sant\u00e9 Elsan qui vient d\u2019ouvrir \u00e0 Compans, <\/a>ou du <a href=\"https:\/\/actu.fr\/occitanie\/toulouse_31555\/toulouse-dans-ce-nouveau-cabinet-on-peut-consulter-un-medecin-dans-un-delai-record_62108495.html\" target=\"_blank\" rel=\"noopener\">centre de sant\u00e9 Doctora, situ\u00e9 rue de Metz<\/a>.\u00a0<\/p>\n<p class=\" wall-content\">Elle les invite aussi \u00e0 se tourner vers leur mutuelle, qui propose \u00ab\u00a0un service de <strong>t\u00e9l\u00e9consultation m\u00e9dicale\u00a0\u00bb.<\/strong><\/p>\n<p>Quatre g\u00e9n\u00e9ralistes, un dermato et d\u2019autres sp\u00e9cialistes<\/p>\n<p class=\" wall-content\">D\u2019apr\u00e8s nos informations, <strong>quatre m\u00e9decins g\u00e9n\u00e9ralistes<\/strong>, mais aussi <strong>une dermatologue,<\/strong> un kin\u00e9, un orthophoniste, un psychologue et un podologue travaillaient encore dans ce centre il y a quelques jours seulement. Que vont devenir ces praticiens ? S\u2019installeront-ils aux alentours, ou iront-ils voir d\u2019autres horizons ? C\u2019est toute la question.<\/p>\n<p class=\" wall-content\">Pour \u00e9viter cette issue fatale, la mutuelle avait <strong>cherch\u00e9 des repreneurs<\/strong>, mais aucun n\u2019a donn\u00e9 suite. Une proc\u00e9dure collective a finalement permis le licenciement des personnels, alors que la Mutuelle du Rempart reste propri\u00e9taire des locaux.<\/p>\n<p><img decoding=\"async\" src=\"https:\/\/www.europesays.com\/fr\/wp-content\/uploads\/2025\/06\/auditon-centre-de-sante-cap-rempart-toulouse-mljpg-640x427.jpg\" alt=\"\" width=\"640\" height=\"427\" loading=\"lazy\"\/>Le magasin d&rsquo;optique et audio a ferm\u00e9 aussi<\/p>\n<p>Outre le centre de sant\u00e9, le magasin Rempart Sant\u00e9 d\u00e9di\u00e9 \u00e0 l&rsquo;optique et l&rsquo;audio de la place Wilson a \u00e9galement averti sa client\u00e8le de la cessation de son activit\u00e9 \u00e0 compter du mercredi 11 juin.<\/p>\n<p>Un mod\u00e8le \u00e9conomique intenable ?<\/p>\n<p class=\" wall-content\">Le conseil d\u2019administration de la Mutuelle du Rempart avait \u00e9t\u00e9 alert\u00e9 de la situation financi\u00e8re en d\u00e9but d\u2019ann\u00e9e. Selon nos sources, il pointait le fait que le mod\u00e8le \u00e9conomique ne serait pas tenable, dans la mesure o\u00f9 les m\u00e9decins devaient respecter des r\u00e8gles : <strong>pas plus de trois patients par heure.<\/strong><\/p>\n<p class=\" wall-content\">Plusieurs centres de sant\u00e9 du m\u00eame type seraient dans des situations similaires. \u00ab\u00a0Le rapport de l\u2019Inspection g\u00e9n\u00e9rale des affaires sociales, du 10 f\u00e9vrier dernier, constate et d\u00e9plore cette situation [de viabilit\u00e9 du mod\u00e8le \u00e9conomique, NDLR] pour la grande majorit\u00e9 des Centres de Sant\u00e9 du territoire, tout en reconnaissant, c\u2019est le paradoxe, leur utilit\u00e9\u00a0\u00bb, corrobore ainsi la mutuelle, dans son courriel aux patients.<\/p>\n<p class=\" wall-content\">Contact\u00e9e pour davantage de pr\u00e9cisions, la Mutuelle du Rempart n\u2019a pas encore r\u00e9pondu \u00e0 nos sollicitations.<\/p>\n<p class=\" wall-content\">Suivez toute l\u2019actualit\u00e9 de vos villes et m\u00e9dias favoris en vous inscrivant \u00e0 <a href=\"https:\/\/moncompte.actu.fr\" title=\"D\u00e9couvez Mon Actu\" rel=\"nofollow noopener\" data-trk=\"{&quot;cta&quot;:{&quot;action&quot;:&quot;https:\\\/\\\/moncompte.actu.fr&quot;,&quot;category&quot;:&quot;mon compte&quot;,&quot;from&quot;:&quot;article footer&quot;,&quot;name&quot;:&quot;Mon actu&quot;,&quot;type&quot;:&quot;cta&quot;}}\" target=\"_blank\">Mon Actu<\/a>.<\/p>\n","protected":false},"excerpt":{"rendered":"Par Guillaume Laurens Publi\u00e9 le 12 juin 2025 \u00e0 14h25 C\u2019est un coup dur pour des milliers de&hellip;\n","protected":false},"author":2,"featured_media":170916,"comment_status":"","ping_status":"","sticky":false,"template":"","format":"standard","meta":{"footnotes":""},"categories":[2816],"tags":[1111,11,1777,674,1011,27,2673,12,2680,25,71,104,2312],"class_list":{"0":"post-170915","1":"post","2":"type-post","3":"status-publish","4":"format-standard","5":"has-post-thumbnail","7":"category-toulouse","8":"tag-actu","9":"tag-actualites","10":"tag-eu","11":"tag-europe","12":"tag-fr","13":"tag-france","14":"tag-medecins","15":"tag-news","16":"tag-occitanie","17":"tag-republique-francaise","18":"tag-sante","19":"tag-societe","20":"tag-toulouse"},"share_on_mastodon":{"url":"https:\/\/pubeurope.com\/@fr\/114670680550020767","error":""},"_links":{"self":[{"href":"https:\/\/www.europesays.com\/fr\/wp-json\/wp\/v2\/posts\/170915","targetHints":{"allow":["GET"]}}],"collection":[{"href":"https:\/\/www.europesays.com\/fr\/wp-json\/wp\/v2\/posts"}],"about":[{"href":"https:\/\/www.europesays.com\/fr\/wp-json\/wp\/v2\/types\/post"}],"author":[{"embeddable":true,"href":"https:\/\/www.europesays.com\/fr\/wp-json\/wp\/v2\/users\/2"}],"replies":[{"embeddable":true,"href":"https:\/\/www.europesays.com\/fr\/wp-json\/wp\/v2\/comments?post=170915"}],"version-history":[{"count":0,"href":"https:\/\/www.europesays.com\/fr\/wp-json\/wp\/v2\/posts\/170915\/revisions"}],"wp:featuredmedia":[{"embeddable":true,"href":"https:\/\/www.europesays.com\/fr\/wp-json\/wp\/v2\/media\/170916"}],"wp:attachment":[{"href":"https:\/\/www.europesays.com\/fr\/wp-json\/wp\/v2\/media?parent=170915"}],"wp:term":[{"taxonomy":"category","embeddable":true,"href":"https:\/\/www.europesays.com\/fr\/wp-json\/wp\/v2\/categories?post=170915"},{"taxonomy":"post_tag","embeddable":true,"href":"https:\/\/www.europesays.com\/fr\/wp-json\/wp\/v2\/tags?post=170915"}],"curies":[{"name":"wp","href":"https:\/\/api.w.org\/{rel}","templated":true}]}}