{"id":170930,"date":"2025-06-12T13:48:21","date_gmt":"2025-06-12T13:48:21","guid":{"rendered":"https:\/\/www.europesays.com\/fr\/170930\/"},"modified":"2025-06-12T13:48:21","modified_gmt":"2025-06-12T13:48:21","slug":"top-depart-pour-le-budget-participatif-et-ecologique-dile-de-france","status":"publish","type":"post","link":"https:\/\/www.europesays.com\/fr\/170930\/","title":{"rendered":"Top d\u00e9part pour le Budget participatif et \u00e9cologique d&rsquo;\u00cele-de-France"},"content":{"rendered":"\n<p lang=\"fr-FR\" style=\"margin-bottom: 0cm;\">Il est de retour, et c&rsquo;est aux Franciliens de voter. Ce dispositif permet aux habitants de la r\u00e9gion de soutenir les projets \u00e9cologiques pr\u00e8s de chez eux. Cela ne touche pas que l&rsquo;environnement \u00e0 proprement parler, mais l&rsquo;alimentation, les mobilit\u00e9s ou encore les d\u00e9chets&#8230; Pour retrouver les id\u00e9es qui ont germ\u00e9 par chez vous, et peut-\u00eatre leur apporter un clic, rendez-vous sur <a href=\"https:\/\/budgetparticipatif.smartidf.services\/project\/bp7\/selection\/vote?term=&amp;view=list&amp;latlng=&amp;latlngBounds=%7B%22topLeft%22%3A%7B%22lat%22%3A49.2355341957325%2C%22lng%22%3A2.0118713378906254%7D%2C%22bottomRight%22%3A%7B%22lat%22%3A48.46927931716719%2C%22lng%22%3A2.6847839355468754%7D%7D&amp;category\" target=\"_blank\" rel=\"noopener\">https:\/\/budgetparticipatif.smartidf.services<\/a>.<\/p>\n<p lang=\"fr-FR\" style=\"margin-bottom: 0cm;\">\u00a0<\/p>\n<p lang=\"fr-FR\" style=\"margin-bottom: 0cm;\">Nicolas Chacun<\/p>\n<p>!function(f,b,e,v,n,t,s){if(f.fbq)return;n=f.fbq=function(){n.callMethod?<br \/>\nn.callMethod.apply(n,arguments):n.queue.push(arguments)};if(!f._fbq)f._fbq=n;<br \/>\nn.push=n;n.loaded=!0;n.version=&rsquo;2.0&prime;;n.queue=[];t=b.createElement(e);t.async=!0;<br \/>\nt.src=v;s=b.getElementsByTagName(e)[0];s.parentNode.insertBefore(t,s)}(window,<br \/>\ndocument,&rsquo;script&rsquo;,&rsquo;https:\/\/connect.facebook.net\/en_US\/fbevents.js&rsquo;);<br \/>\nfbq(&lsquo;init&rsquo;, &lsquo;278974969201861&rsquo;); \/\/ Insert your pixel ID here.<br \/>\nfbq(&lsquo;track&rsquo;, &lsquo;PageView&rsquo;);<\/p>\n","protected":false},"excerpt":{"rendered":"Il est de retour, et c&rsquo;est aux Franciliens de voter. Ce dispositif permet aux habitants de la r\u00e9gion&hellip;\n","protected":false},"author":2,"featured_media":170931,"comment_status":"","ping_status":"","sticky":false,"template":"","format":"standard","meta":{"footnotes":""},"categories":[1592],"tags":[1111,11,1933,1936,1777,1939,674,1011,27,662,1934,12,1940,626,1935,25,1937,1941,1938],"class_list":{"0":"post-170930","1":"post","2":"type-post","3":"status-publish","4":"format-standard","5":"has-post-thumbnail","7":"category-ile-de-france","8":"tag-actu","9":"tag-actualites","10":"tag-actualites-locales","11":"tag-essonne","12":"tag-eu","13":"tag-eure-et-loir","14":"tag-europe","15":"tag-fr","16":"tag-france","17":"tag-ile-de-france","18":"tag-infos-locales","19":"tag-news","20":"tag-oise","21":"tag-paris","22":"tag-pres-de-chez-vous","23":"tag-republique-francaise","24":"tag-seine-et-marne","25":"tag-somme","26":"tag-yvelines"},"share_on_mastodon":{"url":"https:\/\/pubeurope.com\/@fr\/114670711806256111","error":""},"_links":{"self":[{"href":"https:\/\/www.europesays.com\/fr\/wp-json\/wp\/v2\/posts\/170930","targetHints":{"allow":["GET"]}}],"collection":[{"href":"https:\/\/www.europesays.com\/fr\/wp-json\/wp\/v2\/posts"}],"about":[{"href":"https:\/\/www.europesays.com\/fr\/wp-json\/wp\/v2\/types\/post"}],"author":[{"embeddable":true,"href":"https:\/\/www.europesays.com\/fr\/wp-json\/wp\/v2\/users\/2"}],"replies":[{"embeddable":true,"href":"https:\/\/www.europesays.com\/fr\/wp-json\/wp\/v2\/comments?post=170930"}],"version-history":[{"count":0,"href":"https:\/\/www.europesays.com\/fr\/wp-json\/wp\/v2\/posts\/170930\/revisions"}],"wp:featuredmedia":[{"embeddable":true,"href":"https:\/\/www.europesays.com\/fr\/wp-json\/wp\/v2\/media\/170931"}],"wp:attachment":[{"href":"https:\/\/www.europesays.com\/fr\/wp-json\/wp\/v2\/media?parent=170930"}],"wp:term":[{"taxonomy":"category","embeddable":true,"href":"https:\/\/www.europesays.com\/fr\/wp-json\/wp\/v2\/categories?post=170930"},{"taxonomy":"post_tag","embeddable":true,"href":"https:\/\/www.europesays.com\/fr\/wp-json\/wp\/v2\/tags?post=170930"}],"curies":[{"name":"wp","href":"https:\/\/api.w.org\/{rel}","templated":true}]}}