{"id":170939,"date":"2025-06-12T13:56:25","date_gmt":"2025-06-12T13:56:25","guid":{"rendered":"https:\/\/www.europesays.com\/fr\/170939\/"},"modified":"2025-06-12T13:56:25","modified_gmt":"2025-06-12T13:56:25","slug":"paris-en-garde-a-vue-une-femme-enceinte-de-8-mois-sechappe-de-lhopital-lariboisiere-en-saidant-dun-drap","status":"publish","type":"post","link":"https:\/\/www.europesays.com\/fr\/170939\/","title":{"rendered":"Paris\u00a0: en garde \u00e0 vue, une femme enceinte de 8 mois s\u2019\u00e9chappe de l\u2019h\u00f4pital Lariboisi\u00e8re en s\u2019aidant d\u2019un drap"},"content":{"rendered":"<p class=\"paragraph text_align_left\">La technique \u00e9prouv\u00e9e du drap nou\u00e9 pour s\u2019\u00e9vader ne fonctionne pas seulement dans les mauvais polars.<\/p>\n<p class=\"paragraph text_align_left\">Plac\u00e9e en garde \u00e0 vue pour vol en r\u00e9union, une femme qui se disait enceinte de 8 mois s\u2019est \u00e9chapp\u00e9e de <a href=\"https:\/\/www.leparisien.fr\/paris-75\/un-modele-de-larchitecture-hospitaliere-a-paris-le-nouveau-lariboisiere-se-devoile-peu-a-peu-15-09-2023-BINWB6S4TJDCZIRYFHURT4KQJA.php\" target=\"_self\" rel=\"nofollow noopener\">l\u2019h\u00f4pital Lariboisi\u00e8re<\/a>, \u00e0 Paris, o\u00f9 elle avait \u00e9t\u00e9 transport\u00e9e pour un examen m\u00e9dical dans la soir\u00e9e de ce mardi.<\/p>\n<p class=\"paragraph text_align_left\">Elle a finalement \u00e9t\u00e9 retrouv\u00e9e un peu plus d\u2019une heure et demie apr\u00e8s, dans le m\u00e9tro, en direction de La Courneuve en Seine-Saint-Denis.<\/p>\n<p class=\"paragraph text_align_left\">Tandis qu\u2019il s\u2019appr\u00eatait \u00e0 r\u00e9aliser son examen, le m\u00e9decin de l\u2019h\u00f4pital Lariboisi\u00e8re a demand\u00e9, pour garantir l\u2019intimit\u00e9 de la gard\u00e9e \u00e0 vue, aux officiers de police de sortir de la salle durant son osculation. La jeune femme, qui s\u2019\u00e9tait d\u00e9clar\u00e9e mineure, aurait donc r\u00e9ussi \u00e0 nouer des draps pour sortir par la fen\u00eatre situ\u00e9e \u00e0\u2026 un m\u00e8tre du sol. Une acrobatie pour une femme enceinte de 8 mois et donc proche de son terme.<\/p>\n<p class=\"paragraph text_align_left\">Constat\u00e9e aux alentours de 22h30, cette \u00e9vasion pour le moins burlesque n\u2019a pas emp\u00each\u00e9 la gard\u00e9e \u00e0 vue d\u2019\u00eatre retrouv\u00e9e rapidement par la Brigade anti criminalit\u00e9 du XVIIIe. Elle a \u00e9t\u00e9 \u00e0 nouveau interpell\u00e9e peu avant minuit, dans la ligne 7 du m\u00e9tro, \u00e0 la station Corentin-Cariou dans le XIXe arrondissement de Paris.<\/p>\n","protected":false},"excerpt":{"rendered":"La technique \u00e9prouv\u00e9e du drap nou\u00e9 pour s\u2019\u00e9vader ne fonctionne pas seulement dans les mauvais polars. Plac\u00e9e en&hellip;\n","protected":false},"author":2,"featured_media":170940,"comment_status":"","ping_status":"","sticky":false,"template":"","format":"standard","meta":{"footnotes":""},"categories":[1888],"tags":[11,1777,674,118,1011,27,1944,12,626,25],"class_list":{"0":"post-170939","1":"post","2":"type-post","3":"status-publish","4":"format-standard","5":"has-post-thumbnail","7":"category-paris","8":"tag-actualites","9":"tag-eu","10":"tag-europe","11":"tag-faits-divers","12":"tag-fr","13":"tag-france","14":"tag-ma-ville","15":"tag-news","16":"tag-paris","17":"tag-republique-francaise"},"share_on_mastodon":{"url":"https:\/\/pubeurope.com\/@fr\/114670743292011488","error":""},"_links":{"self":[{"href":"https:\/\/www.europesays.com\/fr\/wp-json\/wp\/v2\/posts\/170939","targetHints":{"allow":["GET"]}}],"collection":[{"href":"https:\/\/www.europesays.com\/fr\/wp-json\/wp\/v2\/posts"}],"about":[{"href":"https:\/\/www.europesays.com\/fr\/wp-json\/wp\/v2\/types\/post"}],"author":[{"embeddable":true,"href":"https:\/\/www.europesays.com\/fr\/wp-json\/wp\/v2\/users\/2"}],"replies":[{"embeddable":true,"href":"https:\/\/www.europesays.com\/fr\/wp-json\/wp\/v2\/comments?post=170939"}],"version-history":[{"count":0,"href":"https:\/\/www.europesays.com\/fr\/wp-json\/wp\/v2\/posts\/170939\/revisions"}],"wp:featuredmedia":[{"embeddable":true,"href":"https:\/\/www.europesays.com\/fr\/wp-json\/wp\/v2\/media\/170940"}],"wp:attachment":[{"href":"https:\/\/www.europesays.com\/fr\/wp-json\/wp\/v2\/media?parent=170939"}],"wp:term":[{"taxonomy":"category","embeddable":true,"href":"https:\/\/www.europesays.com\/fr\/wp-json\/wp\/v2\/categories?post=170939"},{"taxonomy":"post_tag","embeddable":true,"href":"https:\/\/www.europesays.com\/fr\/wp-json\/wp\/v2\/tags?post=170939"}],"curies":[{"name":"wp","href":"https:\/\/api.w.org\/{rel}","templated":true}]}}