{"id":170943,"date":"2025-06-12T13:58:18","date_gmt":"2025-06-12T13:58:18","guid":{"rendered":"https:\/\/www.europesays.com\/fr\/170943\/"},"modified":"2025-06-12T13:58:18","modified_gmt":"2025-06-12T13:58:18","slug":"nouvel-echange-de-prisonniers-de-guerre-entre-kiev-et-moscou","status":"publish","type":"post","link":"https:\/\/www.europesays.com\/fr\/170943\/","title":{"rendered":"nouvel \u00e9change de prisonniers de guerre entre Kiev et Moscou"},"content":{"rendered":"<p>A ce stade, ni Kiev ni Moscou n&rsquo;ont pr\u00e9cis\u00e9 le nombre de prisonniers qui avaient \u00e9t\u00e9 \u00e9chang\u00e9s pour cette troisi\u00e8me phase d&rsquo;un accord conclu lors de pourparlers directs \u00e0 Istanbul d\u00e9but juin. L&rsquo;\u00e9change de prisonniers et de corps de soldats tu\u00e9s \u00e9taient les seuls r\u00e9sultats concrets de cette rencontre.<\/p>\n<p>\u00ab\u00a0Aujourd&rsquo;hui, des soldats des forces arm\u00e9es, de la garde nationale et des gardes-fronti\u00e8res sont de retour \u00e0 la maison\u00a0\u00bb, s&rsquo;est f\u00e9licit\u00e9 le pr\u00e9sident ukrainien Volodymyr Zelensky sur Telegram.<\/p>\n<p>M. Zelensky, dont le pays se bat depuis trois ans contre l&rsquo;invasion russe, a publi\u00e9 une photo de ces soldats ukrainiens, envelopp\u00e9s dans des drapeaux nationaux, accueillis \u00e0 leur arriv\u00e9e en Ukraine.<\/p>\n<p>Il a par ailleurs dit lors d&rsquo;une conf\u00e9rence de presse esp\u00e9rer pouvoir \u00e9changer avec Donald Trump en marge du sommet du G7 au Canada, pour le convaincre de mettre en place de nouvelles sanctions contre la Russie<\/p>\n<p>\u00ab\u00a0Un groupe de militaires russes a \u00e9t\u00e9 renvoy\u00e9 depuis le territoire contr\u00f4l\u00e9 par le r\u00e9gime de Kiev\u00a0\u00bb, a de son c\u00f4t\u00e9 indiqu\u00e9 le minist\u00e8re russe de la D\u00e9fense, qui a confirm\u00e9 l&rsquo;\u00e9change.<\/p>\n<p>Il a publi\u00e9 dans la foul\u00e9e une br\u00e8ve vid\u00e9o montrant les soldats russes lib\u00e9r\u00e9s, drapeau russe sur le dos, certains appelant leurs proches.<\/p>\n<p>&#8211; \u00ab\u00a0Celui-l\u00e0 est vivant\u00a0\u00bb &#8211;<\/p>\n<p>C\u00f4t\u00e9 ukrainien, comme lors de chaque \u00e9change, les prisonniers lib\u00e9r\u00e9s ont \u00e9t\u00e9 assaillis \u00e0 leur arriv\u00e9e par des familles de soldats disparus tentant, les larmes aux yeux, d&rsquo;obtenir des nouvelles de leurs proches, a constat\u00e9 un journaliste de l&rsquo;AFP.<\/p>\n<p>Les militaires bless\u00e9s sont arriv\u00e9s dans des ambulances, puis certains, sans jambes, emmen\u00e9s sur des chaises. L&rsquo;un d&rsquo;eux a regard\u00e9 les portraits de disparus brandis par des proches : \u00ab\u00a0Celui-l\u00e0 est vivant\u00a0\u00bb, a-t-il dit lorsque son regard s&rsquo;est pos\u00e9 sur l&rsquo;un d&rsquo;entre eux.<\/p>\n<p><img alt=\"Apr\u00e8s des frappes russes \u00e0 Khakiv (nord-est de l'Ukraine), le 12 juin 2025\" loading=\"lazy\" decoding=\"async\" data-nimg=\"fill\" class=\" TwicCore_img__i9TC1 undefined  undefined\" style=\"position:absolute;height:100%;width:100%;left:0;top:0;right:0;bottom:0;color:transparent;background-size:cover;background-position:50% 50%;background-repeat:no-repeat;background-image:url(&quot;data:image\/svg+xml;charset=utf-8,%3Csvg xmlns='http:\/\/www.w3.org\/2000\/svg' %3E%3Cfilter id='b' color-interpolation-filters='sRGB'%3E%3CfeGaussianBlur stdDeviation='20'\/%3E%3CfeColorMatrix values='1 0 0 0 0 0 1 0 0 0 0 0 1 0 0 0 0 0 100 -1' result='s'\/%3E%3CfeFlood x='0' y='0' width='100%25' height='100%25'\/%3E%3CfeComposite operator='out' in='s'\/%3E%3CfeComposite in2='SourceGraphic'\/%3E%3CfeGaussianBlur stdDeviation='20'\/%3E%3C\/filter%3E%3Cimage width='100%25' height='100%25' x='0' y='0' preserveAspectRatio='none' style='filter: url(%23b);' href='https:\/\/pictures.laprovence.com\/cdn-cgi\/image\/blur=250\/media\/afp\/d34e389c1312dac1d3d4b6c45c52a04d9245029c.jpg'\/%3E%3C\/svg%3E&quot;)\"   src=\"https:\/\/www.europesays.com\/fr\/wp-content\/uploads\/2025\/06\/d34e389c1312dac1d3d4b6c45c52a04d9245029c.jpg\"\/>Apr\u00e8s des frappes russes \u00e0 Khakiv (nord-est de l&rsquo;Ukraine), le 12 juin 2025 PHOTO AFP \/ SERGEY BOBOK<\/p>\n<p>Selon le commissaire ukrainien aux droits humains, Dmytro Loubinets, les soldats ukrainiens lib\u00e9r\u00e9s jeudi \u00e9taient \u00ab\u00a0d\u00e9tenus depuis les premiers jours\u00a0\u00bb de l&rsquo;invasion russe. Ils sont \u00e2g\u00e9s de 22 \u00e0 59 ans.<\/p>\n<p>Les \u00e9changes de prisonniers et le rapatriement de corps de soldats tu\u00e9s sont les rares domaines dans lesquels Kiev et Moscou coop\u00e8rent malgr\u00e9 la guerre.<\/p>\n<p>Les pr\u00e9c\u00e9dents \u00e9changes de prisonniers d\u00e9cid\u00e9s \u00e0 Istanbul avaient eu lieu lundi et mardi. Et mercredi, la Russie a remis \u00e0 l&rsquo;Ukraine 1.212 corps de soldats ukrainiens, r\u00e9cup\u00e9rant de son c\u00f4t\u00e9 27 d\u00e9pouilles de militaires russes.<\/p>\n<p>Ces \u00e9changes se d\u00e9roulent alors m\u00eame que les combats se poursuivent sur le front, les forces russes poussant notamment dans la r\u00e9gion de Soumy (nord), o\u00f9 elles se trouvent \u00e0 une vingtaine de kilom\u00e8tres de la capitale r\u00e9gionale.<\/p>\n<p>L&rsquo;arm\u00e9e russe a aussi men\u00e9 ces derniers jours plusieurs s\u00e9ries de frappes nocturnes d&rsquo;ampleur sur l&rsquo;Ukraine, y compris sur la capitale, Kiev, le grand port d&rsquo;Odessa ou la deuxi\u00e8me ville du pays, Kharkiv.<\/p>\n<p>Dans la nuit de mercredi \u00e0 jeudi, 14 personnes ont \u00e9t\u00e9 bless\u00e9es \u00e0 Kharkiv (nord-est) dans de nouvelles frappes de drones russes qui ont provoqu\u00e9 des incendies. La nuit pr\u00e9c\u00e9dente, trois personnes y avaient \u00e9t\u00e9 tu\u00e9es et une soixantaine bless\u00e9es.<\/p>\n<p>En Russie, un enfant de deux ans a \u00e9t\u00e9 tu\u00e9 jeudi par une attaque de drone ukrainien dans la r\u00e9gion frontali\u00e8re de Belgorod, a annonc\u00e9 sur Telegram son gouverneur, Viatcheslav Gladkov.<\/p>\n<p>Les n\u00e9gociations en vue d&rsquo;un cessez-le-feu sont dans l&rsquo;impasse, Moscou s&rsquo;y refusant tant que ses demandes maximalistes &#8212; dont la cession de quatre r\u00e9gions ukrainiennes et le renoncement de Kiev \u00e0 rejoindre l&rsquo;Otan &#8212; ne sont pas remplies.<\/p>\n<p>Malgr\u00e9 cela, le chef de la diplomatie ukrainienne, Andri\u00ef Sybiga, a assur\u00e9 que Kiev souhaitait mettre fin \u00e0 la guerre \u00ab\u00a0cette ann\u00e9e\u00a0\u00bb, \u00e0 condition que les Occidentaux renforcent leur \u00ab\u00a0pression \u00e9conomique\u00a0\u00bb et \u00ab\u00a0militaire\u00a0\u00bb sur Moscou.<\/p>\n<p>\u00ab\u00a0La diplomatie de l&rsquo;apaisement ne fonctionne pas avec la Russie\u00a0\u00bb, a-t-il martel\u00e9, pr\u00f4nant plut\u00f4t \u00ab\u00a0la diplomatie de la pression\u00a0\u00bb.<\/p>\n","protected":false},"excerpt":{"rendered":"A ce stade, ni Kiev ni Moscou n&rsquo;ont pr\u00e9cis\u00e9 le nombre de prisonniers qui avaient \u00e9t\u00e9 \u00e9chang\u00e9s pour&hellip;\n","protected":false},"author":2,"featured_media":170944,"comment_status":"","ping_status":"","sticky":false,"template":"","format":"standard","meta":{"footnotes":""},"categories":[1590],"tags":[17,11,11096,2834,1777,674,329,1146,11229,12,10542,807,220],"class_list":{"0":"post-170943","1":"post","2":"type-post","3":"status-publish","4":"format-standard","5":"has-post-thumbnail","7":"category-ukraine","8":"tag-17","9":"tag-actualites","10":"tag-echange","11":"tag-entre","12":"tag-eu","13":"tag-europe","14":"tag-france-monde","15":"tag-guerre","16":"tag-kiev","17":"tag-news","18":"tag-nouvel","19":"tag-prisonniers","20":"tag-ukraine"},"share_on_mastodon":{"url":"https:\/\/pubeurope.com\/@fr\/114670751170643679","error":""},"_links":{"self":[{"href":"https:\/\/www.europesays.com\/fr\/wp-json\/wp\/v2\/posts\/170943","targetHints":{"allow":["GET"]}}],"collection":[{"href":"https:\/\/www.europesays.com\/fr\/wp-json\/wp\/v2\/posts"}],"about":[{"href":"https:\/\/www.europesays.com\/fr\/wp-json\/wp\/v2\/types\/post"}],"author":[{"embeddable":true,"href":"https:\/\/www.europesays.com\/fr\/wp-json\/wp\/v2\/users\/2"}],"replies":[{"embeddable":true,"href":"https:\/\/www.europesays.com\/fr\/wp-json\/wp\/v2\/comments?post=170943"}],"version-history":[{"count":0,"href":"https:\/\/www.europesays.com\/fr\/wp-json\/wp\/v2\/posts\/170943\/revisions"}],"wp:featuredmedia":[{"embeddable":true,"href":"https:\/\/www.europesays.com\/fr\/wp-json\/wp\/v2\/media\/170944"}],"wp:attachment":[{"href":"https:\/\/www.europesays.com\/fr\/wp-json\/wp\/v2\/media?parent=170943"}],"wp:term":[{"taxonomy":"category","embeddable":true,"href":"https:\/\/www.europesays.com\/fr\/wp-json\/wp\/v2\/categories?post=170943"},{"taxonomy":"post_tag","embeddable":true,"href":"https:\/\/www.europesays.com\/fr\/wp-json\/wp\/v2\/tags?post=170943"}],"curies":[{"name":"wp","href":"https:\/\/api.w.org\/{rel}","templated":true}]}}