{"id":170947,"date":"2025-06-12T14:00:19","date_gmt":"2025-06-12T14:00:19","guid":{"rendered":"https:\/\/www.europesays.com\/fr\/170947\/"},"modified":"2025-06-12T14:00:19","modified_gmt":"2025-06-12T14:00:19","slug":"kuehnenagel-realise-un-trajet-entre-le-royaume-uni-et-la-france-en-camion-electrique","status":"publish","type":"post","link":"https:\/\/www.europesays.com\/fr\/170947\/","title":{"rendered":"Kuehne+Nagel r\u00e9alise un trajet entre le Royaume-Uni et la France en camion \u00e9lectrique"},"content":{"rendered":"<p>Engag\u00e9 dans la transition \u00e9nerg\u00e9tique et la d\u00e9carbonation, le prestataire de transport et logistique Kuehne+Nagel r\u00e9alise un premier trajet longue distance en camion \u00e9lectrique entre le Royaume-Uni et la France. Le v\u00e9hicule est parti du Derbyshire et est arriv\u00e9 \u00e0 Amiens apr\u00e8s avoir parcouru 648 km en 15 heures et 35 minutes, incluant deux recharges et une travers\u00e9e de la Manche par ferry. \u00ab Je me r\u00e9jouis de cette \u00e9tape franchie pour notre offre de services de transport international, qui continue de s\u2019enrichir tout en devenant plus durable, d\u00e9clare Thomas Lamotte, directeur des activit\u00e9s internationales Road Logistics France. Ce premier trajet longue distance 100 % \u00e9lectrique marque une avanc\u00e9e concr\u00e8te dans la transition bas carbone de Kuehne+Nagel. \u00bb<\/p>\n<p>Un v\u00e9hicule \u00e9lectrique Renault Trucks<\/p>\n<p>Cet itin\u00e9raire a \u00e9t\u00e9 r\u00e9alis\u00e9 avec Renault Trucks E-Tech T 4&#215;2. Ce mod\u00e8le peut transporter jusqu\u2019\u00e0 18 tonnes de charge utile (PTAC) et atteindre 40 tonnes en poids total roulant autoris\u00e9 (PTRA). A travers ce parcours international combinant autoroutes, travers\u00e9e maritime et recharges interm\u00e9diaires, il a pass\u00e9 avec succ\u00e8s le test de l&rsquo;autonomie et de la fiabilit\u00e9.<\/p>\n<p>\u00a0<\/p>\n<p>\u00c0 lire \u00e9galement :\u00a0<a href=\"https:\/\/www.voxlog.fr\/actualite\/9768\/kuehne-nagel-signe-des-accords-avec-14-compagnies-en-faveur-dun-fret-aerien-plus-durable\" target=\"_blank\" rel=\"noopener\">Kuehne+Nagel signe des accords avec 14 compagnies en faveur d&rsquo;un fret a\u00e9rien plus durable<\/a><\/p>\n<p>\u00a0<\/p>\n","protected":false},"excerpt":{"rendered":"Engag\u00e9 dans la transition \u00e9nerg\u00e9tique et la d\u00e9carbonation, le prestataire de transport et logistique Kuehne+Nagel r\u00e9alise un premier&hellip;\n","protected":false},"author":2,"featured_media":170948,"comment_status":"","ping_status":"","sticky":false,"template":"","format":"standard","meta":{"footnotes":""},"categories":[1588],"tags":[11,23776,8722,1777,674,11290,30550,12,30551,473,1853,2803,1851,1850,1852],"class_list":{"0":"post-170947","1":"post","2":"type-post","3":"status-publish","4":"format-standard","5":"has-post-thumbnail","7":"category-royaume-uni","8":"tag-actualites","9":"tag-decarbonation","10":"tag-electrique","11":"tag-eu","12":"tag-europe","13":"tag-fret","14":"tag-kuehne-nagel","15":"tag-news","16":"tag-renault-truck","17":"tag-royaume-uni","18":"tag-royaume-uni-de-grande-bretagne-et-dirlande-du-nord","19":"tag-transport","20":"tag-uk","21":"tag-united-kingdom","22":"tag-united-kingdom-of-great-britain-and-northern-ireland"},"share_on_mastodon":{"url":"https:\/\/pubeurope.com\/@fr\/114670759031251623","error":""},"_links":{"self":[{"href":"https:\/\/www.europesays.com\/fr\/wp-json\/wp\/v2\/posts\/170947","targetHints":{"allow":["GET"]}}],"collection":[{"href":"https:\/\/www.europesays.com\/fr\/wp-json\/wp\/v2\/posts"}],"about":[{"href":"https:\/\/www.europesays.com\/fr\/wp-json\/wp\/v2\/types\/post"}],"author":[{"embeddable":true,"href":"https:\/\/www.europesays.com\/fr\/wp-json\/wp\/v2\/users\/2"}],"replies":[{"embeddable":true,"href":"https:\/\/www.europesays.com\/fr\/wp-json\/wp\/v2\/comments?post=170947"}],"version-history":[{"count":0,"href":"https:\/\/www.europesays.com\/fr\/wp-json\/wp\/v2\/posts\/170947\/revisions"}],"wp:featuredmedia":[{"embeddable":true,"href":"https:\/\/www.europesays.com\/fr\/wp-json\/wp\/v2\/media\/170948"}],"wp:attachment":[{"href":"https:\/\/www.europesays.com\/fr\/wp-json\/wp\/v2\/media?parent=170947"}],"wp:term":[{"taxonomy":"category","embeddable":true,"href":"https:\/\/www.europesays.com\/fr\/wp-json\/wp\/v2\/categories?post=170947"},{"taxonomy":"post_tag","embeddable":true,"href":"https:\/\/www.europesays.com\/fr\/wp-json\/wp\/v2\/tags?post=170947"}],"curies":[{"name":"wp","href":"https:\/\/api.w.org\/{rel}","templated":true}]}}