{"id":170955,"date":"2025-06-12T14:04:14","date_gmt":"2025-06-12T14:04:14","guid":{"rendered":"https:\/\/www.europesays.com\/fr\/170955\/"},"modified":"2025-06-12T14:04:14","modified_gmt":"2025-06-12T14:04:14","slug":"aymeric-caron-denonce-pascal-praud-et-son-plateau-pro-rn-sur-cnews-aupres-de-larcom","status":"publish","type":"post","link":"https:\/\/www.europesays.com\/fr\/170955\/","title":{"rendered":"Aymeric Caron d\u00e9nonce Pascal Praud et \u00ab\u00a0son plateau pro-RN\u00a0\u00bb sur CNews aupr\u00e8s de l\u2019Arcom"},"content":{"rendered":"<p><a href=\"https:\/\/www.20minutes.fr\/dossier\/aymeric_caron\" class=\"color-ultramarine c-link\" rel=\"nofollow noopener\" target=\"_blank\">Aymeric Caron<\/a> en d\u00e9fenseur d\u2019une \u00e9lue Renaissance\u00a0? C\u2019est bien ce qui vient d\u2019arriver apr\u00e8s que le d\u00e9put\u00e9 de Paris eut assist\u00e9 \u00e0 l\u2019interview, sur <a href=\"https:\/\/www.20minutes.fr\/medias\/cnews\/\" class=\"color-ultramarine c-link\" rel=\"nofollow noopener\" target=\"_blank\">CNews<\/a>, de Shannon Seban venue \u00e9voquer, mardi 10\u00a0juin 2025, son livre Fran\u00e7aise, juive, et alors\u00a0? dans l\u2019\u00e9mission <a href=\"https:\/\/www.20minutes.fr\/high-tech\/by-the-web\/4064033-20231125-heure-trop-parodie-emission-pascal-praud-malik-bentalha-cartonne-reseaux-sociaux\" class=\"color-ultramarine c-link\" rel=\"nofollow noopener\" target=\"_blank\">L\u2019heure des pros, anim\u00e9e par Pascal Praud<\/a>, <a href=\"https:\/\/www.ozap.com\/actu\/pascal-praud-prend-fait-et-cause-pour-le-rn-aymeric-caron-annonce-saisir-l-arcom-apres-l-echange-houleux-entre-l-animateur-de-cnews-et-shannon-seban\/650323\" rel=\"nofollow noopener\" target=\"_blank\" class=\"color-ultramarine c-link\">rapporte PureM\u00e9dias<\/a>.<\/p>\n<\/p>\n<p>Le fondateur du parti <a href=\"https:\/\/www.20minutes.fr\/societe\/4151934-20250506-bretagne-commune-viseur-antispecistes-utilisation-chevaux-trait\" class=\"color-ultramarine c-link\" rel=\"nofollow noopener\" target=\"_blank\">R\u00e9volution \u00e9cologique pour le vivant<\/a> a en effet d\u00e9clar\u00e9 sur X saisir l\u2019Arcom apr\u00e8s avoir constat\u00e9 que Pascal Praud et ses autres invit\u00e9s avaient \u00ab\u00a0pris fait et cause pour le Rassemblement national\u00a0\u00bb en \u00ab\u00a0tentant d\u2019humilier\u00a0\u00bb Shannon Seban, \u00e9lue de Seine-Saint-Denis.<\/p>\n<blockquote class=\"twitter-tweet\" align=\"center\" data-lang=\"fr_FR\">\n<p lang=\"fr\" dir=\"ltr\">Je saisis l\u2019<a href=\"https:\/\/twitter.com\/ArCom?ref_src=twsrc%5Etfw\" rel=\"nofollow noopener\" target=\"_blank\">@arcom<\/a> pour cette s\u00e9quence o\u00f9 l\u2019ensemble du plateau de <a href=\"https:\/\/twitter.com\/CNEWS?ref_src=twsrc%5Etfw\" rel=\"nofollow noopener\" target=\"_blank\">@CNEWS<\/a>, y compris son pr\u00e9sentateur <a href=\"https:\/\/twitter.com\/PascalPraud?ref_src=twsrc%5Etfw\" rel=\"nofollow noopener\" target=\"_blank\">@PascalPraud<\/a>, prend fait et cause pour le Rassemblement National en tentant d\u2019humilier l\u2019invit\u00e9e <a href=\"https:\/\/twitter.com\/ShannonSeban?ref_src=twsrc%5Etfw\" rel=\"nofollow noopener\" target=\"_blank\">@ShannonSeban<\/a>, accus\u00e9e d\u2019avoir \u00e9crit de la \u00ab\u00a0bouillie\u00a0\u00bb dans un livre o\u00f9 elle\u2026 <a href=\"https:\/\/t.co\/hrLieJMeuN\" rel=\"nofollow\">https:\/\/t.co\/hrLieJMeuN<\/a><\/p>\n<p>\u2014 Aymeric Caron (@CaronAymericoff) <a href=\"https:\/\/twitter.com\/CaronAymericoff\/status\/1932741714772402618?ref_src=twsrc%5Etfw\" rel=\"nofollow noopener\" target=\"_blank\">June 11, 2025<\/a><\/p><\/blockquote>\n<p class=\"mb-m@xs text-l@xs\">En cliquant sur\u00ab J\u2019accepte \u00bb, vous acceptez le d\u00e9p\u00f4t de cookies par des services externes et aurez ainsi acc\u00e8s aux contenus de nos partenaires.<\/p>\n<p class=\"mb-xl@xs text-s@xs\">Plus d\u2019informations sur la page<a href=\"https:\/\/www.20minutes.fr\/gestion-cookies\" class=\"mx-xxs@xs color-ultramarine\" rel=\"nofollow noopener\" target=\"_blank\">Politique de gestion des cookies<\/a><\/p>\n<p>J\u2019accepte<\/p>\n<p>Alors que cette derni\u00e8re \u00e9voquait les attaques antis\u00e9mites dont elle est victime depuis le <a href=\"https:\/\/www.20minutes.fr\/monde\/israel\/\" class=\"color-ultramarine c-link\" rel=\"nofollow noopener\" target=\"_blank\">d\u00e9clenchement de la guerre \u00e0 Gaza<\/a> et son combat contre les discriminations, Pascal Praud avait en effet qualifi\u00e9 de \u00ab\u00a0bouillie intellectuelle\u00a0\u00bb l\u2019ouvrage dont elle faisait la promotion.<\/p>\n<p>Equilibre des points de vue<\/p>\n<p>Plus t\u00f4t, alors que Shannon Seban avan\u00e7ait que le RN \u00e9tait un parti raciste et x\u00e9nophobe, l\u2019animateur lui avait beno\u00eetement demand\u00e9 \u00ab\u00a0En quoi est-il raciste, le <a href=\"https:\/\/www.20minutes.fr\/politique\/rassemblement-national\/\" class=\"color-ultramarine c-link\" rel=\"nofollow noopener\" target=\"_blank\">Rassemblement national<\/a>\u00a0?\u00a0\u00bb, avant de d\u00e9noncer \u00ab\u00a0un m\u00e9li-m\u00e9lo de choses, de poncifs, de phrases creuses, de diversit\u00e9.\u00a0\u00bb<\/p>\n<p><a href=\"https:\/\/www.20minutes.fr\/dossier\/aymeric_caron\" class=\"c-link c-btn c-btn--primary\" rel=\"nofollow noopener\" target=\"_blank\">Notre dossier \u00ab Aymeric Caron \u00bb<\/a><\/p>\n<p>\u00ab\u00a0CNews est cens\u00e9e \u00eatre une cha\u00eene d\u2019information qui produit, donc, de l\u2019information (ici il n\u2019y en a pas), avec un \u00e9quilibre de points de vue (ici c\u2019est juste un plateau pro-RN)\u00a0\u00bb, s\u2019est offusqu\u00e9 Aymeric Caron, qui esp\u00e8re que l\u2019<a href=\"https:\/\/www.20minutes.fr\/dossier\/csa\" class=\"color-ultramarine c-link\" rel=\"nofollow noopener\" target=\"_blank\">Arcom<\/a> \u00e9pousera son indignation.<\/p>\n<p><script async src=\"https:\/\/platform.twitter.com\/widgets.js\" charset=\"utf-8\"><\/script><\/p>\n","protected":false},"excerpt":{"rendered":"Aymeric Caron en d\u00e9fenseur d\u2019une \u00e9lue Renaissance\u00a0? C\u2019est bien ce qui vient d\u2019arriver apr\u00e8s que le d\u00e9put\u00e9 de&hellip;\n","protected":false},"author":2,"featured_media":170956,"comment_status":"","ping_status":"","sticky":false,"template":"","format":"standard","meta":{"footnotes":""},"categories":[2],"tags":[11,6155,27525,9722,814,58,1011,27,665,1380,12,10160,10162,2556,25,252,133,30552],"class_list":{"0":"post-170955","1":"post","2":"type-post","3":"status-publish","4":"format-standard","5":"has-post-thumbnail","7":"category-actualites","8":"tag-actualites","9":"tag-antisemitisme","10":"tag-aymeric-caron","11":"tag-cnews","12":"tag-direct","13":"tag-divertissement","14":"tag-fr","15":"tag-france","16":"tag-gaza","17":"tag-livres","18":"tag-news","19":"tag-pascal-praud","20":"tag-racisme","21":"tag-rassemblement-national-rn","22":"tag-republique-francaise","23":"tag-television","24":"tag-video","25":"tag-xenophobie"},"share_on_mastodon":{"url":"https:\/\/pubeurope.com\/@fr\/114670774873628616","error":""},"_links":{"self":[{"href":"https:\/\/www.europesays.com\/fr\/wp-json\/wp\/v2\/posts\/170955","targetHints":{"allow":["GET"]}}],"collection":[{"href":"https:\/\/www.europesays.com\/fr\/wp-json\/wp\/v2\/posts"}],"about":[{"href":"https:\/\/www.europesays.com\/fr\/wp-json\/wp\/v2\/types\/post"}],"author":[{"embeddable":true,"href":"https:\/\/www.europesays.com\/fr\/wp-json\/wp\/v2\/users\/2"}],"replies":[{"embeddable":true,"href":"https:\/\/www.europesays.com\/fr\/wp-json\/wp\/v2\/comments?post=170955"}],"version-history":[{"count":0,"href":"https:\/\/www.europesays.com\/fr\/wp-json\/wp\/v2\/posts\/170955\/revisions"}],"wp:featuredmedia":[{"embeddable":true,"href":"https:\/\/www.europesays.com\/fr\/wp-json\/wp\/v2\/media\/170956"}],"wp:attachment":[{"href":"https:\/\/www.europesays.com\/fr\/wp-json\/wp\/v2\/media?parent=170955"}],"wp:term":[{"taxonomy":"category","embeddable":true,"href":"https:\/\/www.europesays.com\/fr\/wp-json\/wp\/v2\/categories?post=170955"},{"taxonomy":"post_tag","embeddable":true,"href":"https:\/\/www.europesays.com\/fr\/wp-json\/wp\/v2\/tags?post=170955"}],"curies":[{"name":"wp","href":"https:\/\/api.w.org\/{rel}","templated":true}]}}