{"id":170957,"date":"2025-06-12T14:05:14","date_gmt":"2025-06-12T14:05:14","guid":{"rendered":"https:\/\/www.europesays.com\/fr\/170957\/"},"modified":"2025-06-12T14:05:14","modified_gmt":"2025-06-12T14:05:14","slug":"la-consommation-dalcool-et-de-drogues-au-travail-a-augmente-de-107-en-huit-ans","status":"publish","type":"post","link":"https:\/\/www.europesays.com\/fr\/170957\/","title":{"rendered":"La consommation d\u2019alcool et de drogues au travail a augment\u00e9 de 107% en huit ans"},"content":{"rendered":"<p>Selon une \u00e9tude Ithylo r\u00e9v\u00e9l\u00e9e ce jeudi, la consommation d\u2019alcool et de drogues a explos\u00e9 en huit ans. Si en 2017, 2,6% des travailleurs \u00e9taient test\u00e9s positifs, en 2024, ils sont 5,3%.<\/p>\n<p class=\"fig-paragraph\">Les chiffres sont vertigineux. La consommation de drogues et alcool au travail a augment\u00e9 de\u2026107% en huit ans selon une \u00e9tude publi\u00e9e par Ithylo, marque de l\u2019entreprise Aperli (sp\u00e9cialis\u00e9e dans la pr\u00e9vention et le d\u00e9pistage), r\u00e9v\u00e9l\u00e9e par France Info ce jeudi 12 juin. Au total, ce sont 5,29% des travailleurs qui ont \u00e9t\u00e9 test\u00e9s positifs \u00e0<a href=\"http:\/\/www.lefigaro.fr\/voyages\/guides\/drogue-alcool-cette-compagnie-veut-infliger-aux-passagers-turbulents-500-euros-d-amende-20250612\" data-fig-type=\"NewsFlash\" data-gtm-custom-categorie=\"navigation\" data-gtm-custom-action=\"crossclick\" data-gtm-custom-label=\"Contextuel\" data-gtm-event=\"customEventSPE\" data-fig-domain=\"LEFIGARO\" target=\"_blank\" rel=\"noopener\">\u00a0l\u2019alcool\u00a0<\/a>ou aux\u00a0<a href=\"http:\/\/www.lefigaro.fr\/automobile\/depistage-routier-des-stupefiants-tout-est-permis-20250313\" data-fig-type=\"Article\" data-gtm-custom-categorie=\"navigation\" data-gtm-custom-action=\"crossclick\" data-gtm-custom-label=\"Contextuel\" data-gtm-event=\"customEventSPE\" data-fig-domain=\"LEFIGARO\" target=\"_blank\" rel=\"noopener\">stup\u00e9fiants.<\/a>\u00a0Ils \u00e9taient 2,55%, en 2017, soit une augmentation de 107% en huit ans.<\/p>\n<p class=\"fig-paragraph\">\u00ab On ne s\u2019attendait pas \u00e0 une telle augmentation\u00a0\u00bb, commente Jean-Jacques Cado pr\u00e9sident et fondateur d\u2019Aperli au Figaro. La hausse des cas positifs \u00e0 la drogue et \u00e0 l\u2019alcool s\u2019acc\u00e9l\u00e8re depuis le Covid. \u00ab Entre 2017 et 2021, les taux restaient relativement stables et lin\u00e9aires. En comparaison, la p\u00e9riode 2022-2024 affiche +43% de cas positifs \u00e0 l\u2019alcool et +52% aux stup\u00e9fiants, toutes substances confondues\u00a0\u00bb rel\u00e8ve l\u2019\u00e9tude.<\/p>\n<p class=\"fig-paragraph\">Le constat est sans appel\u00a0: la\u00a0<a href=\"http:\/\/www.lefigaro.fr\/faits-divers\/aeroport-de-roissy-un-trafic-de-cocaine-impliquant-des-bagagistes-demantele-20250607\" data-fig-type=\"NewsFlash\" data-gtm-custom-categorie=\"navigation\" data-gtm-custom-action=\"crossclick\" data-gtm-custom-label=\"Contextuel\" data-gtm-event=\"customEventSPE\" data-fig-domain=\"LEFIGARO\" target=\"_blank\" rel=\"noopener\">consommation de coca\u00efne\u00a0<\/a>a litt\u00e9ralement explos\u00e9, avec un nombre de cas positifs multipli\u00e9 par 13 entre 2017 et 2025: \u00abAutrefois r\u00e9serv\u00e9e \u00e0 certains milieux festifs ou cadres urbains, elle s\u2019est aujourd\u2019hui install\u00e9e jusque sur les chantiers, dans les entrep\u00f4ts ou les ateliers, comme en t\u00e9moignent plusieurs cas group\u00e9s\u00bb, observe l\u2019\u00e9tude. Une \u00e9volution qui fait \u00e9cho \u00e0 la progression nationale des usages de coca\u00efne.<\/p>\n<p class=\"fig-body-link\">\n            \u00c0 lire aussi<br \/>\n        <a class=\"fig-body-link__link fig-premium-mark\" href=\"http:\/\/www.lefigaro.fr\/politique\/j-ai-perdu-en-esperance-de-vie-alcool-drogue-a-l-assemblee-des-exces-qui-inquietent-20250524\" target=\"_blank\" data-fig-type=\"Article\" rel=\"noopener\" data-gtm-custom-categorie=\"navigation\" data-gtm-custom-action=\"crossclick\" data-gtm-custom-label=\"Contextuel\" data-gtm-event=\"customEventSPE\" data-fig-domain=\"LEFIGARO\">\u00ab\u00a0J\u2019ai perdu en esp\u00e9rance de vie\u00a0\u00bb\u00a0: alcool, drogue\u2026 \u00e0 l\u2019Assembl\u00e9e, des exc\u00e8s qui inqui\u00e8tent<br \/>\n    <\/a>\n<\/p>\n<p>Des causes multifactorielles<\/p>\n<p class=\"fig-paragraph\">Comment expliquer une telle augmentation\u00a0? L\u2019effet de groupe est un des facteurs de la consommation de stup\u00e9fiants sur le lieu de travail. Exemple marquant r\u00e9v\u00e9l\u00e9 par l\u2019\u00e9tude\u00a0: sur un chantier de nuit comptant 21 personnes, 7 int\u00e9rimaires log\u00e9s ensemble ont \u00e9t\u00e9 test\u00e9s positifs \u00e0 la coca\u00efne. L\u2019un d\u2019eux a confi\u00e9 que l\u2019un d\u2019eux avait apport\u00e9 de la drogue, consomm\u00e9e collectivement. \u00c0 ce facteur social s\u2019ajoutent des conditions de travail \u00e9prouvantes\u00a0: horaires d\u00e9cal\u00e9s, isolement, h\u00e9bergement pr\u00e9caire, et un manque d\u2019acc\u00e8s \u00e0 l\u2019information.<\/p>\n<p class=\"fig-paragraph\">Les int\u00e9rimaires apparaissent en premi\u00e8re ligne, davantage expos\u00e9s que les salari\u00e9s en contrat, les sous-traitants ou les prestataires. \u00abBien qu\u2019ils ne repr\u00e9sentent que 15% de l\u2019\u00e9chantillon total, ils concentrent \u00e0 eux seuls 25% des cas positifs au cannabis, 31% des cas positifs \u00e0 la coca\u00efne et 18% des cas positifs \u00e0 l\u2019alcool\u00bb, d\u00e9crypte l\u2019\u00e9tude. Malgr\u00e9 cette forte hausse, la poudre blanche n\u2019est pas la drogue la plus utilis\u00e9e dans le cadre du travail. Le cannabis arrive en t\u00eate, avec 1,8% des tests positifs, avec une multiplication par 1,3 par rapport \u00e0 2013.<\/p>\n<p class=\"fig-paragraph\">Quant \u00e0 l\u2019alcool, l\u2019\u00e9tude montre un pic net de consommation en soir\u00e9e et la nuit, notamment apr\u00e8s 17 heures, et en fin de semaine. \u00ab Le vendredi reste marqu\u00e9 par un taux de collaborateurs positifs \u00e0 l\u2019alcool presque 2 fois sup\u00e9rieur au taux moyen de positifs \u00e0 l\u2019alcool au global (3,16 % contre 1,59%)\u00bb. Si aucun profil type n\u2019est mentionn\u00e9 pour les personnes positives \u00e0 l\u2019alcool, \u00ab dans une pr\u00e9c\u00e9dente \u00e9tude on avait observ\u00e9 (sur un panel plus r\u00e9duit), que l\u2019\u00e2ge m\u00e9dian \u00e9tait 44 ans pour les personnes positives \u00e0 l\u2019alcool (contre 36 ans pour les stup\u00e9fiants). En revanche, le taux dans le sang \u00e9tait plus important chez les plus jeunes\u00a0\u00bb, pr\u00e9cise Jean-Jacques Cado au Figaro. Cette progression alarmante ne touche pas toutes les r\u00e9gions de mani\u00e8re uniforme. La Bretagne se retrouve en haut du podium, avec 6,6% de positifs \u00e0 l\u2019alcool et aux stup\u00e9fiants. Le centre Val de Loire le suit avec 5,9% de positifs, puis vient la Nouvelle-Aquitaine (2,8%). \u00ab Il faut que les entreprises continuent \u00e0 investir et travailler sur la pr\u00e9vention des addictions\u00a0\u00bb qui sont un des facteurs d\u2019accidentologie au travail, conclut Jean-Jacques Cado.<\/p>\n<p class=\"fig-paragraph\">*Afin de r\u00e9aliser cette \u00e9tude, ce sont plus de 110 000 personnes qui ont \u00e9t\u00e9 d\u00e9pist\u00e9es entre janvier 2017 et avril 2025 dans toute la France, sauf en Corse et dans les DROM. Une personne est d\u00e9finie comme positive \u00e0 l\u2019alcool si son taux est sup\u00e9rieur strictement \u00e0 0 mg\/L d\u2019air expir\u00e9.<\/p>\n","protected":false},"excerpt":{"rendered":"Selon une \u00e9tude Ithylo r\u00e9v\u00e9l\u00e9e ce jeudi, la consommation d\u2019alcool et de drogues a explos\u00e9 en huit ans.&hellip;\n","protected":false},"author":2,"featured_media":170958,"comment_status":"","ping_status":"","sticky":false,"template":"","format":"standard","meta":{"footnotes":""},"categories":[2],"tags":[339,11,5702,340,343,345,350,130,344,352,349,1052,33,341,257,313,1011,27,346,342,353,351,347,12,348,25,354],"class_list":{"0":"post-170957","1":"post","2":"type-post","3":"status-publish","4":"format-standard","5":"has-post-thumbnail","7":"category-actualites","8":"tag-actualite-economique","9":"tag-actualites","10":"tag-alcool","11":"tag-bourse","12":"tag-cac-40","13":"tag-chef-dentreprise","14":"tag-concurrence","15":"tag-consommation","16":"tag-creation-dentreprise","17":"tag-crise","18":"tag-delocalisations","19":"tag-drogue","20":"tag-economie","21":"tag-emploi","22":"tag-entreprise","23":"tag-entreprises","24":"tag-fr","25":"tag-france","26":"tag-grands-patrons","27":"tag-impots","28":"tag-licenciements","29":"tag-monopole","30":"tag-multinationales","31":"tag-news","32":"tag-privatisation","33":"tag-republique-francaise","34":"tag-unio"},"share_on_mastodon":{"url":"https:\/\/pubeurope.com\/@fr\/114670778646922907","error":""},"_links":{"self":[{"href":"https:\/\/www.europesays.com\/fr\/wp-json\/wp\/v2\/posts\/170957","targetHints":{"allow":["GET"]}}],"collection":[{"href":"https:\/\/www.europesays.com\/fr\/wp-json\/wp\/v2\/posts"}],"about":[{"href":"https:\/\/www.europesays.com\/fr\/wp-json\/wp\/v2\/types\/post"}],"author":[{"embeddable":true,"href":"https:\/\/www.europesays.com\/fr\/wp-json\/wp\/v2\/users\/2"}],"replies":[{"embeddable":true,"href":"https:\/\/www.europesays.com\/fr\/wp-json\/wp\/v2\/comments?post=170957"}],"version-history":[{"count":0,"href":"https:\/\/www.europesays.com\/fr\/wp-json\/wp\/v2\/posts\/170957\/revisions"}],"wp:featuredmedia":[{"embeddable":true,"href":"https:\/\/www.europesays.com\/fr\/wp-json\/wp\/v2\/media\/170958"}],"wp:attachment":[{"href":"https:\/\/www.europesays.com\/fr\/wp-json\/wp\/v2\/media?parent=170957"}],"wp:term":[{"taxonomy":"category","embeddable":true,"href":"https:\/\/www.europesays.com\/fr\/wp-json\/wp\/v2\/categories?post=170957"},{"taxonomy":"post_tag","embeddable":true,"href":"https:\/\/www.europesays.com\/fr\/wp-json\/wp\/v2\/tags?post=170957"}],"curies":[{"name":"wp","href":"https:\/\/api.w.org\/{rel}","templated":true}]}}