{"id":170961,"date":"2025-06-12T14:08:11","date_gmt":"2025-06-12T14:08:11","guid":{"rendered":"https:\/\/www.europesays.com\/fr\/170961\/"},"modified":"2025-06-12T14:08:11","modified_gmt":"2025-06-12T14:08:11","slug":"volley-ball-karin-sunderlikova-quitte-les-beziers-angels-une-centrale-colombienne-arrive","status":"publish","type":"post","link":"https:\/\/www.europesays.com\/fr\/170961\/","title":{"rendered":"Volley-ball\u00a0: Karin Sunderlikov\u00e1 quitte les B\u00e9ziers Angels, une centrale colombienne arrive"},"content":{"rendered":"<p>\n                                                                Apr\u00e8s l\u2019annonce du d\u00e9part de Ma\u00eblys Agnese, le mercato estival se poursuit du c\u00f4t\u00e9 des B\u00e9ziers Angels.\n                            <\/p>\n<p>Le futur visage du collectif des B\u00e9ziers Angels commence \u00e0 se dessiner. Apr\u00e8s plusieurs transferts officialis\u00e9s ces derniers jours, le club biterrois a annonc\u00e9\u00a0la prolongation de Ciara Debell (27 ans). Arriv\u00e9e il y a un an\u00a0en provenance du VC Maritza, la r\u00e9ceptionneuse \u2013 attaquante\u00a0am\u00e9ricaine va poursuivre l\u2019aventure aux B\u00e9ziers Angels.<\/p>\n<p>Une habitu\u00e9e du championnat<\/p>\n<p>Elle retrouvera sur les parquets du Palais des Sports un visage bien connu des observateurs de la Saforelle Power 6. Pass\u00e9e notamment par Marcq-en-Baroeul et Vandoeuvre-Nancy, avec qui elle a r\u00e9alis\u00e9 une tr\u00e8s belle saison en atteignant les demi-finales du championnat, la centrale internationale colombienne Valerin Carabali portera \u00e9galement le maillot biterrois la saison prochaine. \u00ab\u00a0Ce qui m\u2019a motiv\u00e9 pour signer \u00e0 B\u00e9ziers, c\u2019est que ce club a une \u00e9quipe ambitieuse, et je savais que c\u2019\u00e9tait le genre de d\u00e9fi que je voulais relever pour la saison prochaine, a d\u00e9clar\u00e9 la joueuse de 24 ans sur le site officiel du club. Le B\u00e9ziers Volley est consid\u00e9r\u00e9 comme un club tr\u00e8s comp\u00e9titif et ambitieux, avec un fort esprit d\u2019\u00e9quipe sur le terrain et en dehors.\u00a0\u00bb<\/p>\n<p>La meilleure marqueuse s\u2019en va<\/p>\n<p>Dans l\u2019autre sens, les B\u00e9ziers Angels ont officialis\u00e9 le d\u00e9part de\u00a0Karin Sunderlikov\u00e1. Apr\u00e8s une ann\u00e9e \u00e0 B\u00e9ziers, la pointue internationale slovaque et meilleure marqueuse biterroise cette saison va rejoindre la Hongrie et le club de Vasas.<\/p>\n","protected":false},"excerpt":{"rendered":"Apr\u00e8s l\u2019annonce du d\u00e9part de Ma\u00eblys Agnese, le mercato estival se poursuit du c\u00f4t\u00e9 des B\u00e9ziers Angels. Le&hellip;\n","protected":false},"author":2,"featured_media":170962,"comment_status":"","ping_status":"","sticky":false,"template":"","format":"standard","meta":{"footnotes":""},"categories":[1417],"tags":[1011,27,60,1470,1469],"class_list":{"0":"post-170961","1":"post","2":"type-post","3":"status-publish","4":"format-standard","5":"has-post-thumbnail","7":"category-volley","8":"tag-fr","9":"tag-france","10":"tag-sports","11":"tag-volley","12":"tag-volleyball"},"share_on_mastodon":{"url":"https:\/\/pubeurope.com\/@fr\/114670790506040485","error":""},"_links":{"self":[{"href":"https:\/\/www.europesays.com\/fr\/wp-json\/wp\/v2\/posts\/170961","targetHints":{"allow":["GET"]}}],"collection":[{"href":"https:\/\/www.europesays.com\/fr\/wp-json\/wp\/v2\/posts"}],"about":[{"href":"https:\/\/www.europesays.com\/fr\/wp-json\/wp\/v2\/types\/post"}],"author":[{"embeddable":true,"href":"https:\/\/www.europesays.com\/fr\/wp-json\/wp\/v2\/users\/2"}],"replies":[{"embeddable":true,"href":"https:\/\/www.europesays.com\/fr\/wp-json\/wp\/v2\/comments?post=170961"}],"version-history":[{"count":0,"href":"https:\/\/www.europesays.com\/fr\/wp-json\/wp\/v2\/posts\/170961\/revisions"}],"wp:featuredmedia":[{"embeddable":true,"href":"https:\/\/www.europesays.com\/fr\/wp-json\/wp\/v2\/media\/170962"}],"wp:attachment":[{"href":"https:\/\/www.europesays.com\/fr\/wp-json\/wp\/v2\/media?parent=170961"}],"wp:term":[{"taxonomy":"category","embeddable":true,"href":"https:\/\/www.europesays.com\/fr\/wp-json\/wp\/v2\/categories?post=170961"},{"taxonomy":"post_tag","embeddable":true,"href":"https:\/\/www.europesays.com\/fr\/wp-json\/wp\/v2\/tags?post=170961"}],"curies":[{"name":"wp","href":"https:\/\/api.w.org\/{rel}","templated":true}]}}