{"id":170971,"date":"2025-06-12T14:14:21","date_gmt":"2025-06-12T14:14:21","guid":{"rendered":"https:\/\/www.europesays.com\/fr\/170971\/"},"modified":"2025-06-12T14:14:21","modified_gmt":"2025-06-12T14:14:21","slug":"tdf-tour-de-france-a-quoi-devrait-ressembler-la-startlist-du-tour-de-france-2025","status":"publish","type":"post","link":"https:\/\/www.europesays.com\/fr\/170971\/","title":{"rendered":"TDF. Tour de France &#8211; \u00c0 quoi devrait ressembler la startlist du Tour de France 2025 !"},"content":{"rendered":"<p>Le <strong><a href=\"https:\/\/www.cyclismactu.net\/..\/news-tour-de-france-a-j-25-parcours-et-profils-des-etapes-du-tour-de-france-87899.html\" target=\"_blank\" rel=\"nofollow noopener\">Tour de France<\/a><\/strong> approche \u00e0 grands pas ! A moins d&rsquo;un mois du Grand D\u00e9part \u00e0 Florence,  on y voit un peu plus clair sur qui seront les principaux protagonistes  de cette 111e \u00e9dition. Si les <strong>Tadej Pogacar<\/strong> (UAE Team Emirates), <strong>Remco Evenepoel<\/strong> (Soudal Quick-Step)ou autre <strong>Jonas Vingegaard<\/strong>\u00a0(Visma | Lease a Bike) sont bien \u00e9videmment attendus au d\u00e9part, le flou  entoure encore la pr\u00e9sence ou non de certains autres coureurs. <strong>Cyclism&rsquo;Actu<\/strong> a donc regroup\u00e9 diff\u00e9rentes informations, venants de nombreuses sources, afin de constituer la startlist provisoire du <strong>Tour de France<\/strong> 2025. M\u00eame si d&rsquo;ici les prochaines semaines celle-ci est susceptible  d&rsquo;\u00e9voluer, retrouver ci-dessous les grandes lignes de la liste de d\u00e9part  de cette 112e \u00e9dition.<\/p>\n<p>Vid\u00e9o &#8211; En attendant le Tour de France 2025&#8230;  Lire la suite de l&rsquo;article&#13;<\/p>\n<p>\u00a0<\/p>\n<p>&#13;<br \/>\nLes 184 coureurs pr\u00e9vus sur le Tour de France 2025 :&#13;<\/p>\n<p>*en gras : les coureurs \u00e9tants quasiment assur\u00e9s de participer \/ en \u00e9criture classique : s\u00e9lection \u00e0 confirmer<\/p>\n<p>&#13;<br \/>\n&#13;<br \/>\nUAE Team Emirates XRG&#13;<\/p>\n<p>&#8211; <strong>Tadej Pogacar<\/strong><\/p>\n<p>&#13;<\/p>\n<p>&#8211; <strong>Joao Almeida<\/strong><\/p>\n<p>&#13;<\/p>\n<p>&#8211; <strong>Adam Yates<\/strong><\/p>\n<p>&#13;<\/p>\n<p>&#8211; <strong>Pavel Sivakov<\/strong><\/p>\n<p>&#13;<\/p>\n<p>&#8211; <strong>Marc Soler<\/strong><\/p>\n<p>&#13;<\/p>\n<p>&#8211; <strong>Jhonatan Narvaez<\/strong><\/p>\n<p>&#13;<\/p>\n<p>&#8211; <strong>Tim Wellens<\/strong><\/p>\n<p>&#13;<\/p>\n<p>&#8211; <strong>Nils Politt<\/strong><\/p>\n<p>&#13;<\/p>\n<p>\u00a0<\/p>\n<p>&#13;<br \/>\nVisma | Lease a Bike&#13;<\/p>\n<p>&#8211;<strong> Jonas Vingegaard<\/strong><\/p>\n<p>&#13;<\/p>\n<p>&#8211; <strong>Matteo Jorgenson<\/strong><\/p>\n<p>&#13;<\/p>\n<p>&#8211; <strong>Simon Yates<\/strong><\/p>\n<p>&#13;<\/p>\n<p>&#8211; <strong>Sepp Kuss<\/strong><\/p>\n<p>&#13;<\/p>\n<p>&#8211; <strong>Wout Van Aert<\/strong><\/p>\n<p>&#13;<\/p>\n<p>&#8211; <strong>Tiesj Benoot<\/strong><\/p>\n<p>&#13;<\/p>\n<p>&#8211; <strong>Victor Campenaerts<\/strong><\/p>\n<p>&#13;<\/p>\n<p>&#8211; <strong>Edoardo Affini<\/strong><\/p>\n<p>&#13;<\/p>\n<p>\u00a0<\/p>\n<p>&#13;<br \/>\nSoudal Quick-Step&#13;<\/p>\n<p>&#8211; <strong>Remco Evenepoel<\/strong><\/p>\n<p>&#13;<\/p>\n<p>&#8211; <strong>Ilan Van Wilder<\/strong><\/p>\n<p>&#13;<\/p>\n<p>&#8211; <strong>Valentin Paret-Peintre<\/strong><\/p>\n<p>&#13;<\/p>\n<p>&#8211; <strong>Maximilian Schachmann<\/strong><\/p>\n<p>&#13;<\/p>\n<p>&#8211; <strong>Louis Vervaeke<\/strong><\/p>\n<p>&#13;<\/p>\n<p>&#8211; <strong>Tim Merlier<\/strong><\/p>\n<p>&#13;<\/p>\n<p>&#8211; <strong>Bert Vanlerberghe<\/strong><\/p>\n<p>&#13;<\/p>\n<p>&#8211; Pascal Eenkhoorn ou Casper Pedersen ou Dries Van Gestel ou Pieter Serry<\/p>\n<p>&#13;<\/p>\n<p>\u00a0<\/p>\n<p>&#13;<br \/>\nRed Bull-BORA-hansgrohe&#13;<\/p>\n<p>&#8211; <strong>Primoz Roglic<\/strong><\/p>\n<p>&#13;<\/p>\n<p>&#8211; <strong>Florian Lipowitz<\/strong><\/p>\n<p>&#13;<\/p>\n<p>&#8211; <strong>Aleksandr Vlasov<\/strong><\/p>\n<p>&#13;<\/p>\n<p>&#8211; <strong>Daniel Felipe Martinez<\/strong><\/p>\n<p>&#13;<\/p>\n<p>&#8211; <strong>Jan Tratnik<\/strong><\/p>\n<p>&#13;<\/p>\n<p>&#8211; <strong>Danny van Poppel<\/strong><\/p>\n<p>&#13;<\/p>\n<p>&#8211; Oier Lazkano ou Matteo Sobrero<\/p>\n<p>&#13;<\/p>\n<p>&#8211; Mick van Dijke ou Laurence Pithie<\/p>\n<p>&#13;<\/p>\n<p>\u00a0<\/p>\n<p>&#13;<br \/>\nLidl-Trek&#13;<\/p>\n<p>&#8211; <strong>Jonathan Milan<\/strong><\/p>\n<p>&#13;<\/p>\n<p>&#8211; <strong>Simone Consonni<\/strong><\/p>\n<p>&#13;<\/p>\n<p>&#8211; <strong>Jasper Stuyven<\/strong><\/p>\n<p>&#13;<\/p>\n<p>&#8211; <strong>Thibau Nys<\/strong><\/p>\n<p>&#13;<\/p>\n<p>&#8211; <strong>Toms Skujins<\/strong><\/p>\n<p>&#13;<\/p>\n<p>&#8211; <strong>Mattias Skjelmose<\/strong><\/p>\n<p>&#13;<\/p>\n<p>&#8211; <strong>Edward Theuns<\/strong><\/p>\n<p>&#13;<\/p>\n<p>&#8211; Julien Bernard ou Tao Geoghegan Hart ou Tim Declercq<\/p>\n<p>&#13;<\/p>\n<p>\u00a0<\/p>\n<p>&#13;<br \/>\nAlpecin-Deceuninck&#13;<\/p>\n<p>&#8211; <strong>Jasper Philipsen<\/strong><\/p>\n<p>&#13;<\/p>\n<p>&#8211; <strong>Mathieu van der Poel<\/strong><\/p>\n<p>&#13;<\/p>\n<p>&#8211; <strong>Kaden Groves<\/strong><\/p>\n<p>&#13;<\/p>\n<p>&#8211; Oscar Riesebeek<\/p>\n<p>&#13;<\/p>\n<p>&#8211; Gianni Vermeersch<\/p>\n<p>&#13;<\/p>\n<p>&#8211; Xandro Meurisse<\/p>\n<p>&#13;<\/p>\n<p>&#8211; Silvan Dillier<\/p>\n<p>&#13;<\/p>\n<p>&#8211; Robbe Ghys ou Jonas Rickaert<\/p>\n<p>&#13;<\/p>\n<p>\u00a0<\/p>\n<p>&#13;<br \/>\nINEOS Grenadiers&#13;<\/p>\n<p>&#8211; <strong>Carlos Rodriguez<\/strong><\/p>\n<p>&#13;<\/p>\n<p>&#8211; <strong>Geraint Thomas<\/strong><\/p>\n<p>&#13;<\/p>\n<p>&#8211; <strong>Laurens De Plus<\/strong><\/p>\n<p>&#13;<\/p>\n<p>&#8211; <strong>Tobias Foss<\/strong><\/p>\n<p>&#13;<\/p>\n<p>&#8211; <strong>Filippo Ganna<\/strong><\/p>\n<p>&#13;<\/p>\n<p>&#8211; <strong>Magnus Sheffield<\/strong><\/p>\n<p>&#13;<\/p>\n<p>&#8211; Michal Kwiatkowski<\/p>\n<p>&#13;<\/p>\n<p>&#8211; Connor Swift ou Thymen Arensman<\/p>\n<p>&#13;<\/p>\n<p>\u00a0<\/p>\n<p>&#13;<br \/>\nBahrain Victorious&#13;<\/p>\n<p>&#8211; <strong>Lenny Martinez<\/strong><\/p>\n<p>&#13;<\/p>\n<p>&#8211; <strong>Santiago Buitrago<\/strong><\/p>\n<p>&#13;<\/p>\n<p>&#8211; <strong>Jack Haig<\/strong><\/p>\n<p>&#13;<\/p>\n<p>&#8211; <strong>Matej Mohoric<\/strong><\/p>\n<p>&#13;<\/p>\n<p>&#8211; <strong>Fred Wright<\/strong><\/p>\n<p>&#13;<\/p>\n<p>&#8211; <strong>Phil Bauhaus<\/strong><\/p>\n<p>&#13;<\/p>\n<p>&#8211; Robert Stannard<\/p>\n<p>&#13;<\/p>\n<p>&#8211; Kamil Gradek<\/p>\n<p>&#13;<\/p>\n<p>\u00a0<\/p>\n<p>&#13;<br \/>\nDecathlon AG2R La Mondiale&#13;<\/p>\n<p>&#8211; <strong>Felix Gall<\/strong><\/p>\n<p>&#13;<\/p>\n<p>&#8211; <strong>Benoit Cosnefroy<\/strong><\/p>\n<p>&#13;<\/p>\n<p>&#8211; <strong>Aur\u00e9lien Paret-Peintre<\/strong><\/p>\n<p>&#13;<\/p>\n<p>&#8211; <strong>Bruno Armirail<\/strong><\/p>\n<p>&#13;<\/p>\n<p>&#8211; <strong>Stefan Bissegger<\/strong><\/p>\n<p>&#13;<\/p>\n<p>&#8211; Paul Lapeira<\/p>\n<p>&#13;<\/p>\n<p>&#8211; Cl\u00e9ment Berthet<\/p>\n<p>&#13;<\/p>\n<p>&#8211; Stan Dewulf<\/p>\n<p>&#13;<\/p>\n<p>\u00a0<\/p>\n<p>&#13;<br \/>\nGroupama-FDJ&#13;<\/p>\n<p>&#8211; <strong>David Gaudu<\/strong><\/p>\n<p>&#13;<\/p>\n<p>&#8211; <strong>Guillaume Martin<\/strong><\/p>\n<p>&#13;<\/p>\n<p>&#8211; <strong>Valentin Madouas<\/strong><\/p>\n<p>&#13;<\/p>\n<p>&#8211; <strong>Romain Gr\u00e9goire<\/strong><\/p>\n<p>&#13;<\/p>\n<p>&#8211; <strong>Stefan K\u00fcng<\/strong><\/p>\n<p>&#13;<\/p>\n<p>&#8211; R\u00e9mi Cavagna<\/p>\n<p>&#13;<\/p>\n<p>&#8211; Lewis Askey<\/p>\n<p>&#13;<\/p>\n<p>&#8211; Quentin Pacher ou Rudy Molard<\/p>\n<p>&#13;<\/p>\n<p>\u00a0<\/p>\n<p>&#13;<br \/>\nEF Education-EasyPost&#13;<\/p>\n<p>&#8211; <strong>Richard Carapaz<\/strong><\/p>\n<p>&#13;<\/p>\n<p>&#8211; <strong>Neilson Powless<\/strong><\/p>\n<p>&#13;<\/p>\n<p>&#8211; <strong>Ben Healy<\/strong><\/p>\n<p>&#13;<\/p>\n<p>&#8211; <strong>Kasper Asgreen<\/strong><\/p>\n<p>&#13;<\/p>\n<p>&#8211; Alex Baudin<\/p>\n<p>&#13;<\/p>\n<p>&#8211; Harry Sweeny<\/p>\n<p>&#13;<\/p>\n<p>&#8211; Madis Mihkels<\/p>\n<p>&#13;<\/p>\n<p>&#8211; Vincenzo Albanese<\/p>\n<p>&#13;<\/p>\n<p>\u00a0<\/p>\n<p>&#13;<br \/>\nMovistar Team&#13;<\/p>\n<p>&#8211; <strong>Enric Mas<\/strong><\/p>\n<p>&#13;<\/p>\n<p>&#8211; <strong>Ivan Romeo<\/strong><\/p>\n<p>&#13;<\/p>\n<p>&#8211;<strong> Javier Romo<\/strong><\/p>\n<p>&#13;<\/p>\n<p>&#8211;<strong> Pablo Castrillo<\/strong><\/p>\n<p>&#13;<\/p>\n<p>&#8211; <strong>Nelson Oliveira<\/strong><\/p>\n<p>&#13;<\/p>\n<p>&#8211; <strong>Fernando Gaviria<\/strong><\/p>\n<p>&#13;<\/p>\n<p>&#8211; Ivan Garcia Cortina<\/p>\n<p>&#13;<\/p>\n<p>&#8211; Einer Rubio<\/p>\n<p>&#13;<\/p>\n<p>\u00a0<\/p>\n<p>&#13;<br \/>\nTeam Jayco AlUla&#13;<\/p>\n<p>&#8211; <strong>Ben O&rsquo;Connor<\/strong><\/p>\n<p>&#13;<\/p>\n<p>&#8211;<strong> Eddie Dunbar<\/strong><\/p>\n<p>&#13;<\/p>\n<p>&#8211; <strong>Mauro Schmid<\/strong><\/p>\n<p>&#13;<\/p>\n<p>&#8211; <strong>Dylan Groenewegen<\/strong><\/p>\n<p>&#13;<\/p>\n<p>&#8211; <strong>Michael Matthews<\/strong><\/p>\n<p>&#13;<\/p>\n<p>&#8211; <strong>Luka Mezgec<\/strong><\/p>\n<p>&#13;<\/p>\n<p>&#8211; <strong>Elmar Reinders<\/strong><\/p>\n<p>&#13;<\/p>\n<p>&#8211; Christopher Juul-Jensen<\/p>\n<p>&#13;<\/p>\n<p>\u00a0<\/p>\n<p>&#13;<br \/>\nIntermarch\u00e9-Wanty&#13;<\/p>\n<p>&#8211; <strong>Biniam Girmay<\/strong><\/p>\n<p>&#13;<\/p>\n<p>&#8211; <strong>Hugo Page<\/strong><\/p>\n<p>&#13;<\/p>\n<p>&#8211; <strong>Laurenz Rex<\/strong><\/p>\n<p>&#13;<\/p>\n<p>&#8211; <strong>Georg Zimmermann<\/strong><\/p>\n<p>&#13;<\/p>\n<p>&#8211; <strong>Kobe Goossens<\/strong><\/p>\n<p>&#13;<\/p>\n<p>&#8211; <strong>Louis Barr\u00e9<\/strong><\/p>\n<p>&#13;<\/p>\n<p>&#8211; Kamiel Bonneu ou Jonas Rutsch<\/p>\n<p>&#13;<\/p>\n<p>&#8211; Arne Marit ou Vito Braet<\/p>\n<p>&#13;<\/p>\n<p>\u00a0<\/p>\n<p>&#13;<br \/>\nXDS Astana&#13;<\/p>\n<p>&#8211; <strong>Cl\u00e9ment Champoussin<\/strong><\/p>\n<p>&#13;<\/p>\n<p>&#8211; <strong>Harold Tejada<\/strong><\/p>\n<p>&#13;<\/p>\n<p>&#8211; <strong>Alberto Bettiol<\/strong><\/p>\n<p>&#13;<\/p>\n<p>&#8211;<strong> Cees Bol<\/strong><\/p>\n<p>&#13;<\/p>\n<p>&#8211;<strong> Mike Teunissen<\/strong><\/p>\n<p>&#13;<\/p>\n<p>&#8211;<strong> Sergio Higuita<\/strong><\/p>\n<p>&#13;<\/p>\n<p>&#8211; Simone Velasco ou Harold Martin Lopez ou Henok Mulubrhan ou Yevgeniy Fedorov<\/p>\n<p>&#13;<\/p>\n<p>&#8211; Davide Ballerini ou Aaron Gate ou Max Kanter ou Matteo Malucelli<\/p>\n<p>&#13;<\/p>\n<p>\u00a0<\/p>\n<p>&#13;<br \/>\nPicnic PostNL&#13;<\/p>\n<p>&#8211; <strong>Oscar Onley<\/strong><\/p>\n<p>&#13;<\/p>\n<p>&#8211; <strong>Warren Barguil<\/strong><\/p>\n<p>&#13;<\/p>\n<p>&#8211; <strong>Frank van den Broek<\/strong><\/p>\n<p>&#13;<\/p>\n<p>&#8211; <strong>Tobias Lund Andresen<\/strong><\/p>\n<p>&#13;<\/p>\n<p>&#8211; Kevin Vermaerke<\/p>\n<p>&#13;<\/p>\n<p>&#8211; John Degenkolb<\/p>\n<p>&#13;<\/p>\n<p>&#8211; Nils Eekhoff<\/p>\n<p>&#13;<\/p>\n<p>&#8211; Pavel Bittner<\/p>\n<p>&#13;<\/p>\n<p>\u00a0<\/p>\n<p>&#13;<br \/>\nCofidis&#13;<\/p>\n<p>&#8211; <strong>Emanuel Buchmann<\/strong><\/p>\n<p>&#13;<\/p>\n<p>&#8211; <strong>Ion Izagirre<\/strong><\/p>\n<p>&#13;<\/p>\n<p>&#8211; <strong>Alex Aranburu<\/strong><\/p>\n<p>&#13;<\/p>\n<p>&#8211; <strong>Benjamin Thomas<\/strong><\/p>\n<p>&#13;<\/p>\n<p>&#8211; Bryan Coquard<\/p>\n<p>&#13;<\/p>\n<p>&#8211; Stanislaw Aniolkowski<\/p>\n<p>&#13;<\/p>\n<p>&#8211; Dylan Teuns<\/p>\n<p>&#13;<\/p>\n<p>&#8211; Alexis Renard ou Piet Allegaert<\/p>\n<p>&#13;<\/p>\n<p>\u00a0<\/p>\n<p>&#13;<br \/>\nArk\u00e9a-B&amp;B Hotels&#13;<\/p>\n<p>&#8211; <strong>K\u00e9vin Vauquelin<\/strong><\/p>\n<p>&#13;<\/p>\n<p>&#8211; <strong>Arnaud D\u00e9mare<\/strong><\/p>\n<p>&#13;<\/p>\n<p>&#8211; <strong>Cristian Rodriguez<\/strong><\/p>\n<p>&#13;<\/p>\n<p>&#8211; <strong>Ewen Costiou<\/strong><\/p>\n<p>&#13;<\/p>\n<p>&#8211; Amaury Capiot<\/p>\n<p>&#13;<\/p>\n<p>&#8211; Raul Garcia Pierna<\/p>\n<p>&#13;<\/p>\n<p>&#8211; Thibault Guernalec<\/p>\n<p>&#13;<\/p>\n<p>&#8211; Mathis Le Berre<\/p>\n<p>&#13;<\/p>\n<p>\u00a0<\/p>\n<p>&#13;<br \/>\nLotto&#13;<\/p>\n<p>&#8211; <strong>Arnaud De Lie<\/strong><\/p>\n<p>&#13;<\/p>\n<p>&#8211; <strong>Lennert Van Eetvelt<\/strong><\/p>\n<p>&#13;<\/p>\n<p>&#8211; <strong>Jasper De Buyst<\/strong><\/p>\n<p>&#13;<\/p>\n<p>&#8211; <strong>Jenno Berckmoes<\/strong><\/p>\n<p>&#13;<\/p>\n<p>&#8211; Alec Segaert<\/p>\n<p>&#13;<\/p>\n<p>&#8211; Brent Van Moer<\/p>\n<p>&#13;<\/p>\n<p>&#8211; Milan Menten<\/p>\n<p>&#13;<\/p>\n<p>&#8211; Arjen Livyns<\/p>\n<p>&#13;<\/p>\n<p>\u00a0<\/p>\n<p>&#13;<br \/>\nIsrael-Premier Tech&#13;<\/p>\n<p>&#8211; <strong>Joseph Blackmore<\/strong><\/p>\n<p>&#13;<\/p>\n<p>&#8211; <strong>Stephen Williams<\/strong><\/p>\n<p>&#13;<\/p>\n<p>&#8211; <strong>Alexey Lutsenko<\/strong><\/p>\n<p>&#13;<\/p>\n<p>&#8211; <strong>Michael Woods<\/strong><\/p>\n<p>&#13;<\/p>\n<p>&#8211; <strong>Pascal Ackermann<\/strong><\/p>\n<p>&#13;<\/p>\n<p>&#8211; <strong>Jake Stewart<\/strong><\/p>\n<p>&#13;<\/p>\n<p>&#8211; George Bennett<\/p>\n<p>&#13;<\/p>\n<p>&#8211; Mat\u00ees Louvel<\/p>\n<p>&#13;<\/p>\n<p>\u00a0<\/p>\n<p>&#13;<br \/>\nUno-X Mobility&#13;<\/p>\n<p>&#8211; <strong>Magnus Cort Nielsen<\/strong><\/p>\n<p>&#13;<\/p>\n<p>&#8211; <strong>Tobias Haaland Johannessen<\/strong><\/p>\n<p>&#13;<\/p>\n<p>&#8211; <strong>Alexander Kristoff<\/strong><\/p>\n<p>&#13;<\/p>\n<p>&#8211; <strong>Jonas Abrahamsen<\/strong><\/p>\n<p>&#13;<\/p>\n<p>&#8211; <strong>Soren Waerenskjold<\/strong><\/p>\n<p>&#13;<\/p>\n<p>&#8211; <strong>Andreas Leknessund<\/strong><\/p>\n<p>&#13;<\/p>\n<p>&#8211; <strong>Anders Haaland Johannessen<\/strong><\/p>\n<p>&#13;<\/p>\n<p>&#8211; Fredrik Dversnes ou Markus Hoelgaard ou Andreas Kron<\/p>\n<p>&#13;<\/p>\n<p>\u00a0<\/p>\n<p>&#13;<br \/>\nTudor Pro Cycling&#13;<\/p>\n<p>&#8211; <strong>Julian Alaphilippe<\/strong><\/p>\n<p>&#13;<\/p>\n<p>&#8211; <strong>Marc Hirschi<\/strong><\/p>\n<p>&#13;<\/p>\n<p>&#8211; <strong>Matteo Trentin<\/strong><\/p>\n<p>&#13;<\/p>\n<p>&#8211; <strong>Alberto Dainese<\/strong><\/p>\n<p>&#13;<\/p>\n<p>&#8211; Mathys Rondel<\/p>\n<p>&#13;<\/p>\n<p>&#8211; Marco Haller<\/p>\n<p>&#13;<\/p>\n<p>&#8211; Marius Mayrhofer<\/p>\n<p>&#13;<\/p>\n<p>&#8211; Michael Storer<\/p>\n<p>&#13;<\/p>\n<p>\u00a0<\/p>\n<p>&#13;<br \/>\nTotalEnergies&#13;<\/p>\n<p>&#8211; <strong>Steff Cras<\/strong><\/p>\n<p>&#13;<\/p>\n<p>&#8211; <strong>Mathieu Burgaudeau<\/strong><\/p>\n<p>&#13;<\/p>\n<p>&#8211; <strong>Anthony Turgis<\/strong><\/p>\n<p>&#13;<\/p>\n<p>&#8211; <strong>Matt\u00e9o Vercher\u00a0<\/strong><\/p>\n<p>&#13;<\/p>\n<p>&#8211; <strong>\u00c9milien Jeanni\u00e8re<\/strong><\/p>\n<p>&#13;<\/p>\n<p>&#8211; <strong>Jordan Jegat<\/strong><\/p>\n<p>&#13;<\/p>\n<p>&#8211; Pierre Latour<\/p>\n<p>&#13;<\/p>\n<p>&#8211; Sandy Dujardin<\/p>\n","protected":false},"excerpt":{"rendered":"Le Tour de France approche \u00e0 grands pas ! A moins d&rsquo;un mois du Grand D\u00e9part \u00e0 Florence,&hellip;\n","protected":false},"author":2,"featured_media":170972,"comment_status":"","ping_status":"","sticky":false,"template":"","format":"standard","meta":{"footnotes":""},"categories":[1411],"tags":[1154,207,211,1011,27,209,60,210,212,208,213],"class_list":{"0":"post-170971","1":"post","2":"type-post","3":"status-publish","4":"format-standard","5":"has-post-thumbnail","7":"category-cyclisme","8":"tag-cycling","9":"tag-cyclisme","10":"tag-ffc","11":"tag-fr","12":"tag-france","13":"tag-route","14":"tag-sports","15":"tag-tour-de-france","16":"tag-uci","17":"tag-velo","18":"tag-world-tour"},"share_on_mastodon":{"url":"https:\/\/pubeurope.com\/@fr\/114670814045671459","error":""},"_links":{"self":[{"href":"https:\/\/www.europesays.com\/fr\/wp-json\/wp\/v2\/posts\/170971","targetHints":{"allow":["GET"]}}],"collection":[{"href":"https:\/\/www.europesays.com\/fr\/wp-json\/wp\/v2\/posts"}],"about":[{"href":"https:\/\/www.europesays.com\/fr\/wp-json\/wp\/v2\/types\/post"}],"author":[{"embeddable":true,"href":"https:\/\/www.europesays.com\/fr\/wp-json\/wp\/v2\/users\/2"}],"replies":[{"embeddable":true,"href":"https:\/\/www.europesays.com\/fr\/wp-json\/wp\/v2\/comments?post=170971"}],"version-history":[{"count":0,"href":"https:\/\/www.europesays.com\/fr\/wp-json\/wp\/v2\/posts\/170971\/revisions"}],"wp:featuredmedia":[{"embeddable":true,"href":"https:\/\/www.europesays.com\/fr\/wp-json\/wp\/v2\/media\/170972"}],"wp:attachment":[{"href":"https:\/\/www.europesays.com\/fr\/wp-json\/wp\/v2\/media?parent=170971"}],"wp:term":[{"taxonomy":"category","embeddable":true,"href":"https:\/\/www.europesays.com\/fr\/wp-json\/wp\/v2\/categories?post=170971"},{"taxonomy":"post_tag","embeddable":true,"href":"https:\/\/www.europesays.com\/fr\/wp-json\/wp\/v2\/tags?post=170971"}],"curies":[{"name":"wp","href":"https:\/\/api.w.org\/{rel}","templated":true}]}}