{"id":170975,"date":"2025-06-12T14:16:15","date_gmt":"2025-06-12T14:16:15","guid":{"rendered":"https:\/\/www.europesays.com\/fr\/170975\/"},"modified":"2025-06-12T14:16:15","modified_gmt":"2025-06-12T14:16:15","slug":"mais-que-fait-eva-longoria-en-bretagne","status":"publish","type":"post","link":"https:\/\/www.europesays.com\/fr\/170975\/","title":{"rendered":"mais que fait Eva Longoria en Bretagne?"},"content":{"rendered":"<p>L\u2019actrice s\u2019est lanc\u00e9e dans un Tour de France culinaire pour son \u00e9mission \u00abA la recherche de la France\u00bb. Apr\u00e8s la Provence et Paris, Eva Longoria d\u00e9couvre la Bretagne au rythme des d\u00e9gustations et des danses celtiques.<\/p>\n<p class=\"fig-paragraph\">C\u2019est d\u00e9sormais la Bretagne qui est au menu. Apr\u00e8s Paris et la Provence, c\u2019est \u00e0 l\u2019ouest qu\u2019<a href=\"https:\/\/madame.lefigaro.fr\/tag\/eva-longoria\" target=\"_blank\" rel=\"noopener\" data-gtm-custom-categorie=\"navigation\" data-gtm-custom-action=\"crossclick\" data-gtm-custom-label=\"Contextuel\" data-gtm-event=\"customEventSPE\">Eva Longoria<\/a>\u00a0a pos\u00e9 ses valises. L\u2019actrice am\u00e9ricaine poursuit son tour de France culinaire pour les besoins de son \u00e9mission \u00ab\u00c0 la recherche de la France\u00bb, qui sera diffus\u00e9e en 2026 sur la cha\u00eene am\u00e9ricaine CNN. L\u2019ex-star de Desperate Housewives a ainsi \u00e9t\u00e9 aper\u00e7ue le lundi 2 juin sur le march\u00e9 de Cancale, c\u00e9l\u00e8bre pour ses hu\u00eetres. Selon\u00a0<a href=\"https:\/\/www.letelegramme.fr\/finistere\/plougonvelin-29217\/elle-a-apprecie-le-cidre-et-danse-avec-le-bagad-lactrice-americaine-eva-longoria-etait-en-tournage-a-plougonvelin-lundi-en-photos-6833676.php\" target=\"_blank\" rel=\"nofollow noopener\" data-gtm-custom-categorie=\"navigation\" data-gtm-custom-action=\"crossclick\" data-gtm-custom-label=\"Contextuel\" data-gtm-event=\"customEventSPE\">Le T\u00e9l\u00e9gramme<\/a>, elle s\u2019est laiss\u00e9e tenter par \u00abune demi-douzaine\u00bb d\u2019entre elles. Un passage remarqu\u00e9 et salu\u00e9 par la commune sur Instagram\u00a0: \u00abQuand on vous dit que les hu\u00eetres de Cancale sont mondialement r\u00e9put\u00e9es\u00a0!\u00bb<\/p>\n<p class=\"fig-paragraph\">Son s\u00e9jour breton ne s\u2019est pas arr\u00eat\u00e9 l\u00e0. Cette semaine, la vedette am\u00e9ricaine a \u00e9t\u00e9 vue attabl\u00e9e \u00e0 une terrasse intra-muros de Saint-Malo, avant de filer ce lundi 9 juin vers Plougonvelin dans le Finist\u00e8re, o\u00f9 elle aurait, selon\u00a0<a href=\"https:\/\/www.ouest-france.fr\/culture\/people\/pour-une-serie-americaine-la-star-eva-longoria-cuisine-des-algues-avec-une-cheffe-etoilee-bretonne-e49408d6-451b-11f0-aedb-e054fec24790#:~:text=R%C3%A9serv%C3%A9%20aux%20abonn%C3%A9s-,En%20visite%20dans%20le%20Finist%C3%A8re%2C%20la%20star%20Eva%20Longoria%20s,dans%C3%A9%20avec%20le%20cercle%20celtique.\" target=\"_blank\" rel=\"nofollow noopener\" data-gtm-custom-categorie=\"navigation\" data-gtm-custom-action=\"crossclick\" data-gtm-custom-label=\"Contextuel\" data-gtm-event=\"customEventSPE\">Ouest-France<\/a>, particip\u00e9 \u00e0 une cueillette d\u2019algues et \u00abdans\u00e9 avec le cercle celtique\u00bb.<\/p>\n<p>Un projet d\u2019envergure<\/p>\n<p class=\"fig-paragraph\">Le road trip d\u2019Eva Longoria \u00e0 travers les r\u00e9gions fran\u00e7aises a pour but de c\u00e9l\u00e9brer la richesse et la diversit\u00e9 du patrimoine culinaire hexagonal. \u00abJ\u2019ai h\u00e2te de me plonger dans les riches traditions gastronomiques du pays\u00bb, confiait-elle \u00e0\u00a0<a href=\"https:\/\/www.hollywoodreporter.com\/tv\/tv-news\/eva-longoria-searching-for-france-cnn-1236215484\/\" target=\"_blank\" rel=\"nofollow noopener\" data-gtm-custom-categorie=\"navigation\" data-gtm-custom-action=\"crossclick\" data-gtm-custom-label=\"Contextuel\" data-gtm-event=\"customEventSPE\">The Hollywood Reporter\u00a0<\/a>au lancement du projet, \u00abde revisiter les r\u00e9gions qui ont fa\u00e7onn\u00e9 mon palais et ma passion, et de c\u00e9l\u00e9brer l\u2019art et le patrimoine qui font de la cuisine et de la culture fran\u00e7aises un symbole mondial.\u00bb<\/p>\n<p class=\"fig-paragraph\">D\u00e9j\u00e0 tr\u00e8s attach\u00e9e \u00e0 la France, un amour n\u00e9 \u00e0 l\u2019\u00e9poque de sa relation avec le basketteur Tony Parke,r Eva Longoria multiplie les s\u00e9jours sur le territoire.\u00a0<a href=\"http:\/\/madame.lefigaro.fr\/celebrites\/actu-people\/everybody-stop-le-fils-d-eva-longoria-6-ans-s-enerve-contre-les-paparazzis-a-cannes-20250519\" data-fig-type=\"Article\" data-gtm-custom-categorie=\"navigation\" data-gtm-custom-action=\"crossclick\" data-gtm-custom-label=\"Contextuel\" data-gtm-event=\"customEventSPE\" data-fig-domain=\"MADAME\" target=\"_blank\" rel=\"noopener\">Apr\u00e8s avoir brill\u00e9 sur le tapis rouge du Festival de Cannes,<\/a>\u00a0elle enfile d\u00e9sormais le tablier. Prochaines \u00e9tapes\u00a0: L\u2019Alsace et la Gironde pour d\u2019autres d\u00e9couvertes gastronomiques.<\/p>\n","protected":false},"excerpt":{"rendered":"L\u2019actrice s\u2019est lanc\u00e9e dans un Tour de France culinaire pour son \u00e9mission \u00abA la recherche de la France\u00bb.&hellip;\n","protected":false},"author":2,"featured_media":170976,"comment_status":"","ping_status":"","sticky":false,"template":"","format":"standard","meta":{"footnotes":""},"categories":[1359],"tags":[976,829,972,58,59,6724,5634,638,1011,27,977,973,975,974],"class_list":{"0":"post-170975","1":"post","2":"type-post","3":"status-publish","4":"format-standard","5":"has-post-thumbnail","7":"category-people","8":"tag-actu-people","9":"tag-bretagne","10":"tag-celebrite","11":"tag-divertissement","12":"tag-entertainment","13":"tag-eva-longoria","14":"tag-festival-de-cannes","15":"tag-figaro","16":"tag-fr","17":"tag-france","18":"tag-madame","19":"tag-people","20":"tag-potain-de-stars","21":"tag-star"},"share_on_mastodon":{"url":"https:\/\/pubeurope.com\/@fr\/114670821877615470","error":""},"_links":{"self":[{"href":"https:\/\/www.europesays.com\/fr\/wp-json\/wp\/v2\/posts\/170975","targetHints":{"allow":["GET"]}}],"collection":[{"href":"https:\/\/www.europesays.com\/fr\/wp-json\/wp\/v2\/posts"}],"about":[{"href":"https:\/\/www.europesays.com\/fr\/wp-json\/wp\/v2\/types\/post"}],"author":[{"embeddable":true,"href":"https:\/\/www.europesays.com\/fr\/wp-json\/wp\/v2\/users\/2"}],"replies":[{"embeddable":true,"href":"https:\/\/www.europesays.com\/fr\/wp-json\/wp\/v2\/comments?post=170975"}],"version-history":[{"count":0,"href":"https:\/\/www.europesays.com\/fr\/wp-json\/wp\/v2\/posts\/170975\/revisions"}],"wp:featuredmedia":[{"embeddable":true,"href":"https:\/\/www.europesays.com\/fr\/wp-json\/wp\/v2\/media\/170976"}],"wp:attachment":[{"href":"https:\/\/www.europesays.com\/fr\/wp-json\/wp\/v2\/media?parent=170975"}],"wp:term":[{"taxonomy":"category","embeddable":true,"href":"https:\/\/www.europesays.com\/fr\/wp-json\/wp\/v2\/categories?post=170975"},{"taxonomy":"post_tag","embeddable":true,"href":"https:\/\/www.europesays.com\/fr\/wp-json\/wp\/v2\/tags?post=170975"}],"curies":[{"name":"wp","href":"https:\/\/api.w.org\/{rel}","templated":true}]}}