{"id":170977,"date":"2025-06-12T14:18:11","date_gmt":"2025-06-12T14:18:11","guid":{"rendered":"https:\/\/www.europesays.com\/fr\/170977\/"},"modified":"2025-06-12T14:18:11","modified_gmt":"2025-06-12T14:18:11","slug":"prix-robles-a-blois-terres-promises-western-universel","status":"publish","type":"post","link":"https:\/\/www.europesays.com\/fr\/170977\/","title":{"rendered":"Prix Robl\u00e8s \u00e0 Blois : Terres promises, western universel"},"content":{"rendered":"<p>Mon Am\u00e9rique \u00e0 moi est telle que je la r\u00eave, proclamait Johnny Halliday voici plus de 40\u00a0ans en interpr\u00e9tant une chanson \u00e9crite par Philippe Labro. Quel rapport entre les quelques vers du\u00a0journaliste, romancier et parolier r\u00e9cemment disparu et Terres promises, sign\u00e9 par B\u00e9n\u00e9dicte Dupr\u00e9\u00a0la\u00a0Tour, s\u00e9rieuse candidate au prix Robl\u00e8s 2025\u00a0? R\u00e9ponse\u00a0: la puissance de l\u2019imaginaire que d\u00e9gage le r\u00eave (ou le cauchemar) am\u00e9ricain li\u00e9 \u00e0 l\u2019\u00e9poque de la conqu\u00eate du &#8230; <\/p>\n<p>    Cet article a \u00e9t\u00e9 tronqu\u00e9. Abonnez-vous pour lire l&rsquo;article complet sur notre site.<\/p>\n<p style=\"margin: 0 !important; padding: 0 !important; font-size: 12px !important;\">Cet article a \u00e9t\u00e9 tronqu\u00e9. Abonnez-vous pour lire l&rsquo;article complet.<\/p>\n<p>    <a href=\"https:\/\/www.lanouvellerepublique.fr\/abonnements\" style=\"display: inline-block; margin-top: 5px !important; padding: 6px 12px !important; background: #cb1c27; color: white; text-decoration: none; border-radius: 4px; font-size: 12px !important;\" target=\"_blank\" rel=\"noopener\"><br \/>\n      S&rsquo;abonner<br \/>\n    <\/a><\/p>\n","protected":false},"excerpt":{"rendered":"Mon Am\u00e9rique \u00e0 moi est telle que je la r\u00eave, proclamait Johnny Halliday voici plus de 40\u00a0ans en&hellip;\n","protected":false},"author":2,"featured_media":170978,"comment_status":"","ping_status":"","sticky":false,"template":"","format":"standard","meta":{"footnotes":""},"categories":[1357],"tags":[1392,3469,1379,58,59,1011,27,1380,4368,1393,30553],"class_list":{"0":"post-170977","1":"post","2":"type-post","3":"status-publish","4":"format-standard","5":"has-post-thumbnail","7":"category-livres","8":"tag-a-la-une-local","9":"tag-blois","10":"tag-books","11":"tag-divertissement","12":"tag-entertainment","13":"tag-fr","14":"tag-france","15":"tag-livres","16":"tag-loir-et-cher","17":"tag-loisirs","18":"tag-prix-robles"},"share_on_mastodon":{"url":"https:\/\/pubeurope.com\/@fr\/114670829793187740","error":""},"_links":{"self":[{"href":"https:\/\/www.europesays.com\/fr\/wp-json\/wp\/v2\/posts\/170977","targetHints":{"allow":["GET"]}}],"collection":[{"href":"https:\/\/www.europesays.com\/fr\/wp-json\/wp\/v2\/posts"}],"about":[{"href":"https:\/\/www.europesays.com\/fr\/wp-json\/wp\/v2\/types\/post"}],"author":[{"embeddable":true,"href":"https:\/\/www.europesays.com\/fr\/wp-json\/wp\/v2\/users\/2"}],"replies":[{"embeddable":true,"href":"https:\/\/www.europesays.com\/fr\/wp-json\/wp\/v2\/comments?post=170977"}],"version-history":[{"count":0,"href":"https:\/\/www.europesays.com\/fr\/wp-json\/wp\/v2\/posts\/170977\/revisions"}],"wp:featuredmedia":[{"embeddable":true,"href":"https:\/\/www.europesays.com\/fr\/wp-json\/wp\/v2\/media\/170978"}],"wp:attachment":[{"href":"https:\/\/www.europesays.com\/fr\/wp-json\/wp\/v2\/media?parent=170977"}],"wp:term":[{"taxonomy":"category","embeddable":true,"href":"https:\/\/www.europesays.com\/fr\/wp-json\/wp\/v2\/categories?post=170977"},{"taxonomy":"post_tag","embeddable":true,"href":"https:\/\/www.europesays.com\/fr\/wp-json\/wp\/v2\/tags?post=170977"}],"curies":[{"name":"wp","href":"https:\/\/api.w.org\/{rel}","templated":true}]}}