{"id":170985,"date":"2025-06-12T14:22:19","date_gmt":"2025-06-12T14:22:19","guid":{"rendered":"https:\/\/www.europesays.com\/fr\/170985\/"},"modified":"2025-06-12T14:22:19","modified_gmt":"2025-06-12T14:22:19","slug":"quels-sont-les-symptomes-dune-intoxication-solaire","status":"publish","type":"post","link":"https:\/\/www.europesays.com\/fr\/170985\/","title":{"rendered":"quels sont les sympt\u00f4mes d&rsquo;une intoxication solaire ?"},"content":{"rendered":"<p>             <a href=\"https:\/\/ma-sante.news\/wp-content\/uploads\/2025\/06\/intoxication-solaire-coup-de-soleil-urgences-vertiges-maux-de-tete-Ma-Sante-.jpg\" data-caption=\"La France est frapp\u00e9e, depuis le mercredi 11 juin, par la premi\u00e8re vague caniculaire de l&#039;\u00e9t\u00e9. \u00a9 Freepik\" target=\"_blank\" rel=\"noopener\"><img loading=\"lazy\" decoding=\"async\" width=\"696\" height=\"464\" class=\"entry-thumb td-modal-image\" src=\"data:image\/svg+xml,%3Csvg%20xmlns=\" http:=\"\" data-lazy- data-lazy- alt=\"Un homme qui subit une intoxication solaire.\" title=\"intoxication solaire coup de soleil urgences vertiges maux de te\u0302te Ma Sante\u0301\" data-lazy-src=\"https:\/\/www.europesays.com\/fr\/wp-content\/uploads\/2025\/06\/intoxication-solaire-coup-de-soleil-urgences-vertiges-maux-de-tete-Ma-Sante--696x464.jpg\"\/><\/a>La France est frapp\u00e9e, depuis le mercredi 11 juin, par la premi\u00e8re vague caniculaire de l&rsquo;\u00e9t\u00e9. \u00a9 Freepik                                    \t\t\t             <a class=\"gofollow\" data-track=\"MjgsMCwxLDYw\" href=\"https:\/\/ma-sante.news\/inscrivez-vous-a-notre-newsletter\/\" target=\"_blank\" rel=\"noopener\"><img loading=\"lazy\" decoding=\"async\" width=\"1068\" height=\"131\" src=\"data:image\/svg+xml,%3Csvg%20xmlns=\" http:=\"\" data-lazy-src=\"https:\/\/www.europesays.com\/fr\/wp-content\/uploads\/2025\/03\/banniere-newsletter.png\"\/><\/a> <\/p>\n<p>L\u2019intoxication solaire, aussi appel\u00e9e \u00e0 tort \u00ab empoisonnement au soleil \u00bb, ne rel\u00e8ve ni de l\u2019exag\u00e9ration ni d\u2019un ph\u00e9nom\u00e8ne rare. Ce terme recouvre une r\u00e9alit\u00e9 clinique : une r\u00e9action aigu\u00eb m\u00ealant br\u00fblure cutan\u00e9e s\u00e9v\u00e8re et syndrome de surchauffe de l\u2019organisme. Contrairement \u00e0 <a href=\"https:\/\/ma-sante.news\/coup-de-soleil-brulure-conseils-soigner-139754\/\" target=\"_blank\" rel=\"noopener\">un simple coup de soleil<\/a>, cette forme de r\u00e9ponse inflammatoire s\u2019accompagne de sympt\u00f4mes syst\u00e9miques qui t\u00e9moignent d\u2019un v\u00e9ritable \u00e9tat de stress physiologique.<\/p>\n<p>Selon Sant\u00e9 Publique France, les \u00e9pisodes de forte chaleur, de plus en plus fr\u00e9quents, sont responsables chaque \u00e9t\u00e9 d\u2019une recrudescence des consultations pour troubles li\u00e9s \u00e0 l\u2019exposition solaire. En 2023,<a href=\"https:\/\/ma-sante.news\/canicule-comme-en-2023-un-ete-brulant-aux-urgences\/\" target=\"_blank\" rel=\"noopener\"> 16 000<\/a> <a href=\"https:\/\/ma-sante.news\/canicule-comme-en-2023-un-ete-brulant-aux-urgences\/\" target=\"_blank\" rel=\"noopener\">passages aux urgences ont \u00e9t\u00e9 recens\u00e9s pour motifs li\u00e9s \u00e0 la chaleur durant les vagues estivales.<\/a><\/p>\n<p>        Une r\u00e9action corporelle intense \u00e0 ne pas banaliser    <strong>Sympt\u00f4mes : au-del\u00e0 de la br\u00fblure, des signes d\u2019alerte corporelle<\/strong>    <\/p>\n<p>L\u2019intoxication solaire se manifeste par un ensemble de sympt\u00f4mes qui d\u00e9passent le cadre dermatologique. Si la peau est la premi\u00e8re \u00e0 souffrir, les effets ne s\u2019arr\u00eatent pas l\u00e0. Voici les signes les plus fr\u00e9quents, \u00e0 surveiller attentivement :<\/p>\n<p>\u201cCe type de r\u00e9action est typique d\u2019un exc\u00e8s d\u2019exposition solaire dans un contexte de chaleur \u00e9lev\u00e9e. Le corps ne parvient plus \u00e0 \u00e9vacuer la chaleur, et les d\u00e9fenses cutan\u00e9es sont d\u00e9pass\u00e9es\u201d, explique le Dr Laurence Malvy, infectiologue et membre de la cellule de veille canicule.<\/p>\n<p>        <strong>Des facteurs de risque bien identifi\u00e9s<\/strong>    <\/p>\n<p>Toutes les expositions au soleil ne se valent pas. Certains profils sont particuli\u00e8rement vuln\u00e9rables :<\/p>\n<ul class=\"wp-block-list\">\n<li>Les enfants, dont la peau est plus fine et sensible aux UV.<\/li>\n<li>Les personnes \u00e2g\u00e9es, qui r\u00e9gulent moins bien leur temp\u00e9rature corporelle.<\/li>\n<li>Les individus \u00e0 peau claire, souvent plus sensibles aux br\u00fblures.<\/li>\n<li>Les personnes sous m\u00e9dicaments photosensibilisants (certains antibiotiques, <a href=\"https:\/\/ma-sante.news\/soigner-acne-severe-adulte-3579\/\" target=\"_blank\" rel=\"noopener\">traitements contre l\u2019acn\u00e9<\/a>, diur\u00e9tiques, <a href=\"https:\/\/ma-sante.news\/infections-bacteriennes-graves-usage-anti-inflammatoires-danger-infection\/\" target=\"_blank\" rel=\"noopener\">anti-inflammatoires<\/a>).<\/li>\n<\/ul>\n<p>La combinaison d\u2019un soleil intense, d\u2019une hydratation insuffisante et d\u2019une exposition prolong\u00e9e sans protection cr\u00e9e les conditions id\u00e9ales pour une intoxication solaire.<\/p>\n<p>        Intoxication solaire : que faire ?\u00a0    <strong>Les bons r\u00e9flexes en cas de sympt\u00f4mes<\/strong>    <\/p>\n<p>Face \u00e0 une intoxication solaire, la r\u00e9action doit \u00eatre rapide et adapt\u00e9e. Voici les gestes de premiers secours recommand\u00e9s par les autorit\u00e9s sanitaires :<\/p>\n<ul class=\"wp-block-list\">\n<li>Cesser imm\u00e9diatement toute exposition au soleil.<\/li>\n<li>S\u2019hydrater abondamment avec de l\u2019eau ou des solutions de r\u00e9hydratation orale.<\/li>\n<li>Refroidir doucement la peau \u00e0 l\u2019aide de compresses humides ou d\u2019un bain ti\u00e8de.<\/li>\n<li>Appliquer un soin apaisant (type <a href=\"https:\/\/ma-sante.news\/laloe-vera-plante-mille-vertus-sante-bien-etre\/\" target=\"_blank\" rel=\"noopener\">aloe vera<\/a> ou \u00e9mulsion l\u00e9g\u00e8re non grasse).<\/li>\n<li>En cas de douleurs intenses, fi\u00e8vre \u00e9lev\u00e9e ou cloques \u00e9tendues, consulter un m\u00e9decin sans attendre.<\/li>\n<\/ul>\n<p>Les cr\u00e8mes \u00e0 base de cortisone ou les traitements anti-inflammatoires ne doivent \u00eatre utilis\u00e9s que sur avis m\u00e9dical, notamment en cas de br\u00fblure \u00e9tendue.<\/p>\n<p>        <strong>Mieux vaut pr\u00e9venir que gu\u00e9rir<\/strong>    <\/p>\n<p>La pr\u00e9vention reste la strat\u00e9gie la plus efficace. Les recommandations sont bien connues, mais souvent n\u00e9glig\u00e9es :<\/p>\n<ul class=\"wp-block-list\">\n<li>Appliquer <a href=\"https:\/\/ma-sante.news\/protection-solaire-le-guide-ideal-pour-profiter-du-soleil-sans-risque\/\" target=\"_blank\" rel=\"noopener\">un \u00e9cran solaire SPF 30 ou 50<\/a>, toutes les deux heures, et apr\u00e8s chaque baignade.<\/li>\n<li>Porter des v\u00eatements couvrants, un chapeau \u00e0 large bord et des lunettes solaires certifi\u00e9es.<\/li>\n<li>\u00c9viter l\u2019exposition entre 11h et 16h, p\u00e9riode o\u00f9 les UV sont les plus agressifs.<\/li>\n<li>S\u2019hydrater r\u00e9guli\u00e8rement, m\u00eame en l\u2019absence de soif.<\/li>\n<li>Limiter les expositions progressives, surtout en d\u00e9but de vacances.<\/li>\n<\/ul>\n<p>Le soleil n\u2019est pas un ennemi, mais il m\u00e9rite un respect attentif. Et si l\u2019on veut que l\u2019\u00e9t\u00e9 rime avec sant\u00e9, quelques pr\u00e9cautions bien appliqu\u00e9es feront toute la diff\u00e9rence.<\/p>\n<blockquote class=\"wp-block-quote is-layout-flow wp-block-quote-is-layout-flow\">\n<p><strong>\u00c0 SAVOIR\u00a0<\/strong><\/p>\n<p>L\u2019indice UV (UVI), d\u00e9velopp\u00e9 par l\u2019OMS, mesure l\u2019intensit\u00e9 des rayons ultraviolets responsables des l\u00e9sions cutan\u00e9es. Un UVI sup\u00e9rieur \u00e0 6 correspond \u00e0 un risque \u00e9lev\u00e9 de dommages cellulaires, notamment l\u2019apoptose k\u00e9ratinocytaire, impliqu\u00e9e dans les br\u00fblures solaires s\u00e9v\u00e8res.<\/p>\n<\/blockquote>\n<p>  <a class=\"gofollow\" data-track=\"MTIsMCwxLDYw\" href=\"https:\/\/ma-sante.news\/annonceurs\/\" target=\"_blank\" rel=\"noopener\"><img loading=\"lazy\" decoding=\"async\" width=\"2560\" height=\"2133\" src=\"data:image\/svg+xml,%3Csvg%20xmlns=\" http:=\"\" data-lazy-src=\"https:\/\/www.europesays.com\/fr\/wp-content\/uploads\/2025\/03\/pub-annonceurs-4-scaled.jpg\"\/><\/a>    <img loading=\"lazy\" decoding=\"async\" width=\"755\" height=\"495\" src=\"data:image\/svg+xml,%3Csvg%20xmlns=\" http:=\"\" data-lazy-src=\"https:\/\/www.europesays.com\/fr\/wp-content\/uploads\/2025\/03\/Image1.jpg\"\/>Inscrivez-vous \u00e0 notre newsletter <br \/>Ma Sant\u00e9                      <\/p>\n","protected":false},"excerpt":{"rendered":"La France est frapp\u00e9e, depuis le mercredi 11 juin, par la premi\u00e8re vague caniculaire de l&rsquo;\u00e9t\u00e9. \u00a9 Freepik&hellip;\n","protected":false},"author":2,"featured_media":170986,"comment_status":"","ping_status":"","sticky":false,"template":"","format":"standard","meta":{"footnotes":""},"categories":[10],"tags":[28146,27412,1011,27,72,71,4904],"class_list":{"0":"post-170985","1":"post","2":"type-post","3":"status-publish","4":"format-standard","5":"has-post-thumbnail","7":"category-sante","8":"tag-coup-de-soleil","9":"tag-cru00e8me-solaire","10":"tag-fr","11":"tag-france","12":"tag-health","13":"tag-sante","14":"tag-soleil"},"share_on_mastodon":{"url":"https:\/\/pubeurope.com\/@fr\/114670845617358449","error":""},"_links":{"self":[{"href":"https:\/\/www.europesays.com\/fr\/wp-json\/wp\/v2\/posts\/170985","targetHints":{"allow":["GET"]}}],"collection":[{"href":"https:\/\/www.europesays.com\/fr\/wp-json\/wp\/v2\/posts"}],"about":[{"href":"https:\/\/www.europesays.com\/fr\/wp-json\/wp\/v2\/types\/post"}],"author":[{"embeddable":true,"href":"https:\/\/www.europesays.com\/fr\/wp-json\/wp\/v2\/users\/2"}],"replies":[{"embeddable":true,"href":"https:\/\/www.europesays.com\/fr\/wp-json\/wp\/v2\/comments?post=170985"}],"version-history":[{"count":0,"href":"https:\/\/www.europesays.com\/fr\/wp-json\/wp\/v2\/posts\/170985\/revisions"}],"wp:featuredmedia":[{"embeddable":true,"href":"https:\/\/www.europesays.com\/fr\/wp-json\/wp\/v2\/media\/170986"}],"wp:attachment":[{"href":"https:\/\/www.europesays.com\/fr\/wp-json\/wp\/v2\/media?parent=170985"}],"wp:term":[{"taxonomy":"category","embeddable":true,"href":"https:\/\/www.europesays.com\/fr\/wp-json\/wp\/v2\/categories?post=170985"},{"taxonomy":"post_tag","embeddable":true,"href":"https:\/\/www.europesays.com\/fr\/wp-json\/wp\/v2\/tags?post=170985"}],"curies":[{"name":"wp","href":"https:\/\/api.w.org\/{rel}","templated":true}]}}