{"id":171001,"date":"2025-06-12T14:30:15","date_gmt":"2025-06-12T14:30:15","guid":{"rendered":"https:\/\/www.europesays.com\/fr\/171001\/"},"modified":"2025-06-12T14:30:15","modified_gmt":"2025-06-12T14:30:15","slug":"la-foule-pour-la-fermeture-de-jennyfer-a-steel","status":"publish","type":"post","link":"https:\/\/www.europesays.com\/fr\/171001\/","title":{"rendered":"la foule pour la fermeture de Jennyfer \u00e0 Steel"},"content":{"rendered":"<p>Elles \u00e9taient plusieurs dizaines, ce jeudi 12\u00a0juin, \u00e0 patienter sous le soleil, aux alentours de 13 heures, devant le magasin Jennyfer implant\u00e9 \u00e0 Steel depuis l\u2019ouverture du centre commercial en 2020.<\/p>\n<p>La marque de pr\u00eat-\u00e0-porter pris\u00e9e des adolescentes et des jeunes adultes a \u00e9t\u00e9 <a href=\"https:\/\/www.leprogres.fr\/economie\/2025\/04\/30\/la-marque-jennyfer-demande-sa-mise-en-liquidation-judiciaire\" target=\"_blank\" rel=\"nofollow noopener\">plac\u00e9e en liquidation judiciaire mercredi 30\u00a0avril<\/a> (mais <a href=\"https:\/\/www.leprogres.fr\/economie\/2025\/06\/12\/la-marque-jennyfer-et-350-salaries-repris-par-beaumanoir-et-celio\" target=\"_blank\" rel=\"nofollow noopener\">reprise ce jeudi par le groupe Beaumanoir<\/a>) et, comme dans tout l\u2019Hexagone, les trois boutiques de la Loire baissent d\u00e9finitivement le rideau.<\/p>\n<p>  Maximum 20 pi\u00e8ces par personne<\/p>\n<p>Avant sa fermeture d\u00e9finitive, le magasin du Pont-de-l\u2019\u00c2ne a lanc\u00e9 une grosse op\u00e9ration de d\u00e9stockage. Ce jeudi, il n\u2019y a d\u00e9j\u00e0 plus aucun mobilier ni rayon dans la boutique, seulement de grands cartons remplis de v\u00eatements au sol.<\/p>\n<p>Des affiches annoncent la couleur\u00a0: tout \u00e0 1\u00a0euro. \u00c0 13\u00a0h\u00a015, une employ\u00e9e fixe les r\u00e8gles devant des clientes particuli\u00e8rement impatientes\u00a0: \u00ab\u00a0On fait rentrer 20 personnes \u00e0 la fois, vous avez le droit \u00e0 10 minutes dans le magasin et la possibilit\u00e9 d\u2019acheter maximum 20 pi\u00e8ces par personne.\u00a0\u00bb<\/p>\n<p>\u00c0 en croire les premiers \u00e9changes, aucune n\u2019avait pr\u00e9vu de ressortir avec moins de 20 pi\u00e8ces. La fast fashion a encore de beaux jours devant elle.<\/p>\n","protected":false},"excerpt":{"rendered":"Elles \u00e9taient plusieurs dizaines, ce jeudi 12\u00a0juin, \u00e0 patienter sous le soleil, aux alentours de 13 heures, devant&hellip;\n","protected":false},"author":2,"featured_media":171002,"comment_status":"","ping_status":"","sticky":false,"template":"","format":"standard","meta":{"footnotes":""},"categories":[9653],"tags":[1111,11,2430,4406,33,7539,1777,674,1011,27,3367,12,25,4001,7538],"class_list":{"0":"post-171001","1":"post","2":"type-post","3":"status-publish","4":"format-standard","5":"has-post-thumbnail","7":"category-saint-etienne","8":"tag-actu","9":"tag-actualites","10":"tag-auvergne-rhone-alpes","11":"tag-commerce-et-services","12":"tag-economie","13":"tag-edition-loire-sud","14":"tag-eu","15":"tag-europe","16":"tag-fr","17":"tag-france","18":"tag-loire","19":"tag-news","20":"tag-republique-francaise","21":"tag-saint-etienne","22":"tag-saint-etienne-ville"},"share_on_mastodon":{"url":"https:\/\/pubeurope.com\/@fr\/114670876946877194","error":""},"_links":{"self":[{"href":"https:\/\/www.europesays.com\/fr\/wp-json\/wp\/v2\/posts\/171001","targetHints":{"allow":["GET"]}}],"collection":[{"href":"https:\/\/www.europesays.com\/fr\/wp-json\/wp\/v2\/posts"}],"about":[{"href":"https:\/\/www.europesays.com\/fr\/wp-json\/wp\/v2\/types\/post"}],"author":[{"embeddable":true,"href":"https:\/\/www.europesays.com\/fr\/wp-json\/wp\/v2\/users\/2"}],"replies":[{"embeddable":true,"href":"https:\/\/www.europesays.com\/fr\/wp-json\/wp\/v2\/comments?post=171001"}],"version-history":[{"count":0,"href":"https:\/\/www.europesays.com\/fr\/wp-json\/wp\/v2\/posts\/171001\/revisions"}],"wp:featuredmedia":[{"embeddable":true,"href":"https:\/\/www.europesays.com\/fr\/wp-json\/wp\/v2\/media\/171002"}],"wp:attachment":[{"href":"https:\/\/www.europesays.com\/fr\/wp-json\/wp\/v2\/media?parent=171001"}],"wp:term":[{"taxonomy":"category","embeddable":true,"href":"https:\/\/www.europesays.com\/fr\/wp-json\/wp\/v2\/categories?post=171001"},{"taxonomy":"post_tag","embeddable":true,"href":"https:\/\/www.europesays.com\/fr\/wp-json\/wp\/v2\/tags?post=171001"}],"curies":[{"name":"wp","href":"https:\/\/api.w.org\/{rel}","templated":true}]}}