{"id":171017,"date":"2025-06-12T14:38:14","date_gmt":"2025-06-12T14:38:14","guid":{"rendered":"https:\/\/www.europesays.com\/fr\/171017\/"},"modified":"2025-06-12T14:38:14","modified_gmt":"2025-06-12T14:38:14","slug":"avec-leur-mini-golf-innovant-ces-eleves-pres-de-rouen-remportent-un-titre-regional","status":"publish","type":"post","link":"https:\/\/www.europesays.com\/fr\/171017\/","title":{"rendered":"Avec leur mini-golf innovant, ces \u00e9l\u00e8ves pr\u00e8s de Rouen remportent un titre r\u00e9gional"},"content":{"rendered":"<p>            Par<br \/>\n        <strong><br \/>\n            <a href=\"https:\/\/actu.fr\/auteur\/laredaction\" title=\"Consulter tous les articles de R\u00e9daction Normandie\" target=\"_blank\" rel=\"noopener\">R\u00e9daction Normandie<\/a><br \/>\n        <\/strong><\/p>\n<p>        Publi\u00e9 le<\/p>\n<p>            12 juin 2025 \u00e0 16h08        <\/p>\n<p>Cinq \u00e9l\u00e8ves de TSTI2D (sciences et technologies de l\u2019industrie et du d\u00e9veloppement durable) de La Ch\u00e2taigneraie, au Mesnil-Esnard, pr\u00e8s de <a href=\"https:\/\/actu.fr\/normandie\/rouen_76540\" target=\"_blank\" rel=\"noopener\">Rouen<\/a> pr\u00e9sentaient leur travail : Diego Martinez, Alex Poullain, Maxime Corbet, Jules Maugard et Melissa Mabire ont r\u00e9alis\u00e9 un <strong>mini-golf<\/strong>, mais pas n\u2019importe lequel. Cette ing\u00e9niosit\u00e9 leur a permis de remporter le titre de champion de Normandie au concours des Olympiades des Sciences de L\u2019ing\u00e9nieur.<\/p>\n<p>Mini-golf, mode d\u2019emploi\u2026<\/p>\n<p class=\" wall-content\">\u00ab C\u2019est un mini-golf dont les parcours changent avec des m\u00e9canismes de contr\u00f4les. Le syst\u00e8me est aliment\u00e9 par des <strong>\u00e9nergies renouvelables<\/strong> et autonomes. Le tout est surveill\u00e9 par une intelligence artificielle qui filme les parcours des balles et calcule les scores. Nous remercions Thierry Pelerbe, notre professeur, sans lequel tout cela n\u2019aurait pas \u00e9t\u00e9 possible \u00bb, indiquent les \u00e9l\u00e8ves qui ont r\u00e9alis\u00e9 ce travail.<\/p>\n<p>    <img   decoding=\"async\" loading=\"lazy\" class=\"size-large\" src=\"https:\/\/www.europesays.com\/fr\/wp-content\/uploads\/2025\/06\/b292056918386b69205691838aa920v-768x640.jpg\" alt=\"Le minigolf\" width=\"768\" height=\"640\"\/><br \/>\n    Le mini-golf. \u00a9Photo CampusDes mois de travail acharn\u00e9<\/p>\n<p class=\" wall-content\">La comp\u00e9tition \u00e9tait difficile. Pour arriver \u00e0 ce niveau, les jeunes ont d\u00fb faire preuve de pers\u00e9v\u00e9rance : des mois de travail acharn\u00e9 qui prouvent leur go\u00fbt pour l\u2019innovation.<\/p>\n<p>Suivez l\u2019actualit\u00e9 de Rouen sur notre <a href=\"https:\/\/www.whatsapp.com\/channel\/0029VaKfnf99hXF2ddApFB1D\" target=\"_blank\" rel=\"noopener\">cha\u00eene WhatsApp <\/a>et sur notre <a href=\"https:\/\/www.tiktok.com\/@76actu.fr?lang=fr\" target=\"_blank\" rel=\"noopener\">compte TikTok<\/a><\/p>\n<p class=\" wall-content\">Suivez toute l\u2019actualit\u00e9 de vos villes et m\u00e9dias favoris en vous inscrivant \u00e0 <a href=\"https:\/\/moncompte.actu.fr\" title=\"D\u00e9couvez Mon Actu\" rel=\"nofollow noopener\" data-trk=\"{&quot;cta&quot;:{&quot;action&quot;:&quot;https:\\\/\\\/moncompte.actu.fr&quot;,&quot;category&quot;:&quot;mon compte&quot;,&quot;from&quot;:&quot;article footer&quot;,&quot;name&quot;:&quot;Mon actu&quot;,&quot;type&quot;:&quot;cta&quot;}}\" target=\"_blank\">Mon Actu<\/a>.<\/p>\n<p>                    <script async src=\"\/\/www.tiktok.com\/embed.js\"><\/script><\/p>\n","protected":false},"excerpt":{"rendered":"Par R\u00e9daction Normandie Publi\u00e9 le 12 juin 2025 \u00e0 16h08 Cinq \u00e9l\u00e8ves de TSTI2D (sciences et technologies de&hellip;\n","protected":false},"author":2,"featured_media":171018,"comment_status":"","ping_status":"","sticky":false,"template":"","format":"standard","meta":{"footnotes":""},"categories":[9587],"tags":[1111,11,436,1777,674,1011,27,223,1652,12,5161,25,9590,4426],"class_list":{"0":"post-171017","1":"post","2":"type-post","3":"status-publish","4":"format-standard","5":"has-post-thumbnail","7":"category-rouen","8":"tag-actu","9":"tag-actualites","10":"tag-environnement","11":"tag-eu","12":"tag-europe","13":"tag-fr","14":"tag-france","15":"tag-intelligence-artificielle","16":"tag-loisirs-culture","17":"tag-news","18":"tag-normandie","19":"tag-republique-francaise","20":"tag-rouen","21":"tag-transition-energetique"},"share_on_mastodon":{"url":"https:\/\/pubeurope.com\/@fr\/114670908597464347","error":""},"_links":{"self":[{"href":"https:\/\/www.europesays.com\/fr\/wp-json\/wp\/v2\/posts\/171017","targetHints":{"allow":["GET"]}}],"collection":[{"href":"https:\/\/www.europesays.com\/fr\/wp-json\/wp\/v2\/posts"}],"about":[{"href":"https:\/\/www.europesays.com\/fr\/wp-json\/wp\/v2\/types\/post"}],"author":[{"embeddable":true,"href":"https:\/\/www.europesays.com\/fr\/wp-json\/wp\/v2\/users\/2"}],"replies":[{"embeddable":true,"href":"https:\/\/www.europesays.com\/fr\/wp-json\/wp\/v2\/comments?post=171017"}],"version-history":[{"count":0,"href":"https:\/\/www.europesays.com\/fr\/wp-json\/wp\/v2\/posts\/171017\/revisions"}],"wp:featuredmedia":[{"embeddable":true,"href":"https:\/\/www.europesays.com\/fr\/wp-json\/wp\/v2\/media\/171018"}],"wp:attachment":[{"href":"https:\/\/www.europesays.com\/fr\/wp-json\/wp\/v2\/media?parent=171017"}],"wp:term":[{"taxonomy":"category","embeddable":true,"href":"https:\/\/www.europesays.com\/fr\/wp-json\/wp\/v2\/categories?post=171017"},{"taxonomy":"post_tag","embeddable":true,"href":"https:\/\/www.europesays.com\/fr\/wp-json\/wp\/v2\/tags?post=171017"}],"curies":[{"name":"wp","href":"https:\/\/api.w.org\/{rel}","templated":true}]}}