{"id":171025,"date":"2025-06-12T14:42:13","date_gmt":"2025-06-12T14:42:13","guid":{"rendered":"https:\/\/www.europesays.com\/fr\/171025\/"},"modified":"2025-06-12T14:42:13","modified_gmt":"2025-06-12T14:42:13","slug":"le-chef-dentreprise-avait-roule-sur-son-ami-pres-de-rennes-il-demande-sa-remise-en-liberte","status":"publish","type":"post","link":"https:\/\/www.europesays.com\/fr\/171025\/","title":{"rendered":"Le chef d\u2019entreprise avait roul\u00e9 sur son ami pr\u00e8s de Rennes\u00a0: il demande sa remise en libert\u00e9"},"content":{"rendered":"<p>Le 20 f\u00e9vrier 2025, G\u00e9rald Gallenne, chef d\u2019entreprise bien connu dans la r\u00e9gion, \u00e9tait <a href=\"https:\/\/www.letelegramme.fr\/ille-et-vilaine\/rennes-35000\/mort-dun-chef-dentreprise-ecrase-par-un-ami-pres-de-rennes-les-dessous-du-drame-6766337.php\" target=\"_blank\" rel=\"nofollow noopener\">d\u00e9c\u00e9d\u00e9 apr\u00e8s avoir \u00e9t\u00e9 \u00e9cras\u00e9<\/a> par la voiture d\u2019un de ses amis, C\u00e9dric Rochereuil. Le drame s\u2019\u00e9tait d\u00e9roul\u00e9 \u00e0 la suite d\u2019un repas<a href=\"https:\/\/www.letelegramme.fr\/ille-et-vilaine\/rennes-35000\/mort-dun-chef-dentreprise-pres-de-rennes-le-restaurant-avait-servi-de-lalcool-a-profusion-la-prefecture-le-ferme-6796712.php\" target=\"_blank\" rel=\"nofollow noopener\"> alcoolis\u00e9<\/a> qui s\u2019\u00e9tait \u00e9ternis\u00e9 au restaurant la Tabl\u00e9e de Moign\u00e9, au Rheu (35). Mis en examen pour meurtre en \u00e9tat d\u2019ivresse manifeste, C\u00e9dric Rochereuil avait \u00e9t\u00e9 plac\u00e9 en d\u00e9tention provisoire, le 26 f\u00e9vrier 2025.<\/p>\n<p>Ce jeudi 12 juin, son avocat, Olivier Pacheu demandait sa remise en libert\u00e9 sous contr\u00f4le judiciaire devant la chambre de l\u2019instruction. C\u00e9dric Rochereuil avait \u00e9t\u00e9 extrait de d\u00e9tention pour assister aux d\u00e9bats. Dans le box, l\u2019homme de 47 ans est arriv\u00e9 visiblement tr\u00e8s \u00e9prouv\u00e9 par la d\u00e9tention.<\/p>\n<p>Olivier Pacheu a demand\u00e9 que l\u2019audience se tienne \u00e0 huis clos afin de \u00ab prot\u00e9ger la famille qui souffre \u00e9norm\u00e9ment \u00bb. La chambre de l\u2019instruction a suivi.<\/p>\n<p>\u00ab Je demande une remise en libert\u00e9 parce que la loi le permet \u00bb, a succinctement expliqu\u00e9 Olivier Pacheu \u00e0 l\u2019issue de l\u2019audience. Une demande jug\u00e9e \u00ab ind\u00e9cente \u00bb par Ana\u00efg Le Noan, l\u2019avocate des parties civiles. \u00ab Trois mois et demi apr\u00e8s avoir tu\u00e9 un homme, laiss\u00e9 toute une famille dans une peine incommensurable et une entreprise dans une situation d\u00e9licate, c\u2019est ind\u00e9cent. Ce n\u2019est pas un simple accident, a ajout\u00e9 Me Le Noan. D\u2019ailleurs, le juge d\u2019instruction l\u2019a mis en examen pour meurtre. Les faits sont volontaires. Cette qualification n\u2019est pas un hasard ! \u00bb<\/p>\n<p>Un accident d\u00e9j\u00e0 en 2016<\/p>\n<p>C\u00e9dric Rochereuil a d\u00e9j\u00e0 \u00e9t\u00e9 condamn\u00e9 pour avoir provoqu\u00e9, en 2016, un grave accident de la circulation. Cette nuit-l\u00e0, sous l\u2019empire d\u2019un \u00e9tat alcoolique, le chef d\u2019entreprise avait perdu un \u0153il. Il avait \u00e9t\u00e9 condamn\u00e9 par le tribunal et son permis avait \u00e9t\u00e9 suspendu quelque temps.<\/p>\n<p>Le soir du drame de f\u00e9vrier dernier, G\u00e9rald Gallenne, qui \u00e9tait au courant de ce pr\u00e9c\u00e9dent accident, s\u2019\u00e9tait positionn\u00e9 devant le gros SUV \u00e9lectrique de C\u00e9dric Rochereuil pour l\u2019emp\u00eacher de prendre le volant. C\u00e9dric Rochereuil avait tout de m\u00eame appuy\u00e9 sur l\u2019acc\u00e9l\u00e9rateur et avait \u00e9cras\u00e9 son ami. Il \u00e9tait rest\u00e9 un temps sur place et avait fini par quitter les lieux en laissant sa victime agonisante. Malgr\u00e9 d\u2019importants moyens m\u00e9dicaux, la victime n\u2019avait pas pu \u00eatre r\u00e9anim\u00e9e.<\/p>\n<p>La d\u00e9cision de la chambre de l\u2019instruction sera rendue demain, vendredi 13 juin.<\/p>\n","protected":false},"excerpt":{"rendered":"Le 20 f\u00e9vrier 2025, G\u00e9rald Gallenne, chef d\u2019entreprise bien connu dans la r\u00e9gion, \u00e9tait d\u00e9c\u00e9d\u00e9 apr\u00e8s avoir \u00e9t\u00e9&hellip;\n","protected":false},"author":2,"featured_media":171026,"comment_status":"","ping_status":"","sticky":false,"template":"","format":"standard","meta":{"footnotes":""},"categories":[2821],"tags":[1111,11,829,765,1777,674,118,3383,1011,27,12,584,25],"class_list":{"0":"post-171025","1":"post","2":"type-post","3":"status-publish","4":"format-standard","5":"has-post-thumbnail","7":"category-rennes","8":"tag-actu","9":"tag-actualites","10":"tag-bretagne","11":"tag-en-continu","12":"tag-eu","13":"tag-europe","14":"tag-faits-divers","15":"tag-faits-divers-a-rennes","16":"tag-fr","17":"tag-france","18":"tag-news","19":"tag-rennes","20":"tag-republique-francaise"},"share_on_mastodon":{"url":"https:\/\/pubeurope.com\/@fr\/114670924190382916","error":""},"_links":{"self":[{"href":"https:\/\/www.europesays.com\/fr\/wp-json\/wp\/v2\/posts\/171025","targetHints":{"allow":["GET"]}}],"collection":[{"href":"https:\/\/www.europesays.com\/fr\/wp-json\/wp\/v2\/posts"}],"about":[{"href":"https:\/\/www.europesays.com\/fr\/wp-json\/wp\/v2\/types\/post"}],"author":[{"embeddable":true,"href":"https:\/\/www.europesays.com\/fr\/wp-json\/wp\/v2\/users\/2"}],"replies":[{"embeddable":true,"href":"https:\/\/www.europesays.com\/fr\/wp-json\/wp\/v2\/comments?post=171025"}],"version-history":[{"count":0,"href":"https:\/\/www.europesays.com\/fr\/wp-json\/wp\/v2\/posts\/171025\/revisions"}],"wp:featuredmedia":[{"embeddable":true,"href":"https:\/\/www.europesays.com\/fr\/wp-json\/wp\/v2\/media\/171026"}],"wp:attachment":[{"href":"https:\/\/www.europesays.com\/fr\/wp-json\/wp\/v2\/media?parent=171025"}],"wp:term":[{"taxonomy":"category","embeddable":true,"href":"https:\/\/www.europesays.com\/fr\/wp-json\/wp\/v2\/categories?post=171025"},{"taxonomy":"post_tag","embeddable":true,"href":"https:\/\/www.europesays.com\/fr\/wp-json\/wp\/v2\/tags?post=171025"}],"curies":[{"name":"wp","href":"https:\/\/api.w.org\/{rel}","templated":true}]}}