{"id":171027,"date":"2025-06-12T14:43:17","date_gmt":"2025-06-12T14:43:17","guid":{"rendered":"https:\/\/www.europesays.com\/fr\/171027\/"},"modified":"2025-06-12T14:43:17","modified_gmt":"2025-06-12T14:43:17","slug":"rennes-les-policiers-debarquent-dans-un-appartement-et-font-une-decouverte-dans-un-coffre-fort","status":"publish","type":"post","link":"https:\/\/www.europesays.com\/fr\/171027\/","title":{"rendered":"Rennes\u00a0: les policiers d\u00e9barquent dans un appartement et font une d\u00e9couverte dans un coffre-fort"},"content":{"rendered":"<p>Mardi 10 juin, la BAC de Rennes a conduit une op\u00e9ration anti-stup\u00e9fiants dans le quartier du Blosne. Les policiers ont perquisitionn\u00e9 un appartement, situ\u00e9 au 4e \u00e9tage, d\u2019un immeuble au 2 rue de Volga. Au sein du logement, un chien sp\u00e9cialis\u00e9 dans la d\u00e9tection de stup\u00e9fiant a men\u00e9 les policiers jusqu\u2019\u00e0 un coffre-fort.<\/p>\n<p>\u00c0 l\u2019int\u00e9rieur : 1,8 kg de r\u00e9sine de cannabis, 50 g d\u2019herbe, ainsi qu\u2019une arme de poing avec un chargeur de plusieurs cartouches de 9 mm. Quatre individus ont \u00e9t\u00e9 interpell\u00e9s pour d\u00e9tention de produits stup\u00e9fiants.<\/p>\n<p>Sur les r\u00e9seaux sociaux, le syndicat Alliance Police 35 a f\u00e9licit\u00e9 l\u2019ensemble des effectifs intervenants pour cette \u00ab belle affaire \u00bb.<\/p>\n","protected":false},"excerpt":{"rendered":"Mardi 10 juin, la BAC de Rennes a conduit une op\u00e9ration anti-stup\u00e9fiants dans le quartier du Blosne. Les&hellip;\n","protected":false},"author":2,"featured_media":171028,"comment_status":"","ping_status":"","sticky":false,"template":"","format":"standard","meta":{"footnotes":""},"categories":[2821],"tags":[1111,11,829,1777,674,3383,1011,27,848,12,584,25],"class_list":{"0":"post-171027","1":"post","2":"type-post","3":"status-publish","4":"format-standard","5":"has-post-thumbnail","7":"category-rennes","8":"tag-actu","9":"tag-actualites","10":"tag-bretagne","11":"tag-eu","12":"tag-europe","13":"tag-faits-divers-a-rennes","14":"tag-fr","15":"tag-france","16":"tag-ille-et-vilaine","17":"tag-news","18":"tag-rennes","19":"tag-republique-francaise"},"share_on_mastodon":{"url":"https:\/\/pubeurope.com\/@fr\/114670928217348315","error":""},"_links":{"self":[{"href":"https:\/\/www.europesays.com\/fr\/wp-json\/wp\/v2\/posts\/171027","targetHints":{"allow":["GET"]}}],"collection":[{"href":"https:\/\/www.europesays.com\/fr\/wp-json\/wp\/v2\/posts"}],"about":[{"href":"https:\/\/www.europesays.com\/fr\/wp-json\/wp\/v2\/types\/post"}],"author":[{"embeddable":true,"href":"https:\/\/www.europesays.com\/fr\/wp-json\/wp\/v2\/users\/2"}],"replies":[{"embeddable":true,"href":"https:\/\/www.europesays.com\/fr\/wp-json\/wp\/v2\/comments?post=171027"}],"version-history":[{"count":0,"href":"https:\/\/www.europesays.com\/fr\/wp-json\/wp\/v2\/posts\/171027\/revisions"}],"wp:featuredmedia":[{"embeddable":true,"href":"https:\/\/www.europesays.com\/fr\/wp-json\/wp\/v2\/media\/171028"}],"wp:attachment":[{"href":"https:\/\/www.europesays.com\/fr\/wp-json\/wp\/v2\/media?parent=171027"}],"wp:term":[{"taxonomy":"category","embeddable":true,"href":"https:\/\/www.europesays.com\/fr\/wp-json\/wp\/v2\/categories?post=171027"},{"taxonomy":"post_tag","embeddable":true,"href":"https:\/\/www.europesays.com\/fr\/wp-json\/wp\/v2\/tags?post=171027"}],"curies":[{"name":"wp","href":"https:\/\/api.w.org\/{rel}","templated":true}]}}