{"id":171029,"date":"2025-06-12T14:44:23","date_gmt":"2025-06-12T14:44:23","guid":{"rendered":"https:\/\/www.europesays.com\/fr\/171029\/"},"modified":"2025-06-12T14:44:23","modified_gmt":"2025-06-12T14:44:23","slug":"strasbourg-le-lycee-jean-monnet-laureat-du-concours-national-zerocliche-pour-legalite-filles-garcons-2","status":"publish","type":"post","link":"https:\/\/www.europesays.com\/fr\/171029\/","title":{"rendered":"Strasbourg. Le lyc\u00e9e Jean-Monnet laur\u00e9at du concours national #Z\u00e9roClich\u00e9 pour l\u2019\u00e9galit\u00e9 filles-gar\u00e7ons"},"content":{"rendered":"<p>Organis\u00e9 par le Cl\u00e9mi, <a href=\"https:\/\/www.dna.fr\/education\/2024\/05\/31\/college-victor-hugo-un-prix-national-au-concours-zerocliche\" target=\"_blank\" rel=\"noopener\">le concours #Z\u00e9roClich\u00e9<\/a> r\u00e9compense depuis treize \u00e9ditions maintenant les productions m\u00e9diatiques \u00ab\u00a0qui d\u00e9cryptent les st\u00e9r\u00e9otypes de genre dans la vie quotidienne\u00a0\u00bb, r\u00e9alis\u00e9es par des \u00e9l\u00e8ves scolaris\u00e9s de la maternelle au lyc\u00e9e, partout en France.<\/p>\n<p>Ce contenu est bloqu\u00e9 car vous n&rsquo;avez pas accept\u00e9 les cookies et autres traceurs.<\/p>\n<p>En cliquant sur \u00ab J\u2019accepte \u00bb, les cookies et autres traceurs seront d\u00e9pos\u00e9s et vous pourrez visualiser les contenus  (<a href=\"\" class=\"consentModule_policy\" target=\"_blank\" title=\"Consulter la politique de protection des donn\u00e9es du fournisseur\">plus d&rsquo;informations<\/a>).<\/p>\n<p>En cliquant sur \u00ab J\u2019accepte tous les cookies \u00bb, vous autorisez des d\u00e9p\u00f4ts de cookies et autres traceurs pour le stockage de vos donn\u00e9es sur nos sites et applications \u00e0 des fins de personnalisation et de ciblage publicitaire.<\/p>\n<p class=\"consentModule_secondaryText\">Vous gardez la possibilit\u00e9 de retirer votre consentement \u00e0 tout moment en consultant notre <a href=\"http:\/\/www.dna.fr\/protection-des-donnees\" target=\"_blank\" title=\"Consulter notre politique de protection des donn\u00e9es\" rel=\"noopener\">politique de protection des donn\u00e9es<\/a>. <br \/>&#13;<br \/>\n            <a href=\"http:\/\/www.dna.fr\/education\/2025\/06\/12\/javascript:Didomi.notice.show()\" class=\"consentModule_cmp\" target=\"_blank\" rel=\"noopener\">G\u00e9rer mes choix<\/a>&#13;\n        <\/p>\n<p>&#13;<br \/>\n                        J&rsquo;accepte&#13;<br \/>\n            J&rsquo;accepte tous les cookies&#13;\n        <\/p>\n<p>  Neuf productions r\u00e9compens\u00e9es en France<\/p>\n<p>Cette ann\u00e9e, sur plus de 500 productions cr\u00e9\u00e9es par 5\u00a0300 \u00e9l\u00e8ves au total et qui ont \u00e9t\u00e9 soumises au jury r\u00e9unissant des journalistes, des professionnels des m\u00e9dias ou encore des associations, seules neuf ont \u00e9t\u00e9 r\u00e9compens\u00e9es.Parmi les laur\u00e9ats, on retrouve le lyc\u00e9e strasbourgeois Jean-Monnet et la classe de premi\u00e8re STMG1 qui s\u2019est distingu\u00e9e avec sa production audio ax\u00e9e sur \u00ab <a href=\"https:\/\/nuage08.apps.education.fr\/index.php\/s\/8b7FrrtrBBKFeHB\" target=\"_blank\" rel=\"noopener\">les st\u00e9r\u00e9otypes de genre dans le foot<\/a> \u00bb.<\/p>\n<p>La c\u00e9r\u00e9monie de remise de prix, pr\u00e9sid\u00e9e par la journaliste de France Info Salhia Braklhia, s\u2019est tenue le 5\u00a0juin apr\u00e8s-midi dans les locaux de Radio France \u00e0 Paris.<\/p>\n","protected":false},"excerpt":{"rendered":"Organis\u00e9 par le Cl\u00e9mi, le concours #Z\u00e9roClich\u00e9 r\u00e9compense depuis treize \u00e9ditions maintenant les productions m\u00e9diatiques \u00ab\u00a0qui d\u00e9cryptent les&hellip;\n","protected":false},"author":2,"featured_media":170012,"comment_status":"","ping_status":"","sticky":false,"template":"","format":"standard","meta":{"footnotes":""},"categories":[2820],"tags":[1111,11,2880,1057,30447,30446,1777,674,107,1011,27,775,12,25,104,640],"class_list":{"0":"post-171029","1":"post","2":"type-post","3":"status-publish","4":"format-standard","5":"has-post-thumbnail","7":"category-strasbourg","8":"tag-actu","9":"tag-actualites","10":"tag-edition-strasbourg","11":"tag-education","12":"tag-enseignement-elementaire","13":"tag-enseignement-secondaire","14":"tag-eu","15":"tag-europe","16":"tag-fil-info","17":"tag-fr","18":"tag-france","19":"tag-grand-est","20":"tag-news","21":"tag-republique-francaise","22":"tag-societe","23":"tag-strasbourg"},"share_on_mastodon":{"url":"https:\/\/pubeurope.com\/@fr\/114670932078382954","error":""},"_links":{"self":[{"href":"https:\/\/www.europesays.com\/fr\/wp-json\/wp\/v2\/posts\/171029","targetHints":{"allow":["GET"]}}],"collection":[{"href":"https:\/\/www.europesays.com\/fr\/wp-json\/wp\/v2\/posts"}],"about":[{"href":"https:\/\/www.europesays.com\/fr\/wp-json\/wp\/v2\/types\/post"}],"author":[{"embeddable":true,"href":"https:\/\/www.europesays.com\/fr\/wp-json\/wp\/v2\/users\/2"}],"replies":[{"embeddable":true,"href":"https:\/\/www.europesays.com\/fr\/wp-json\/wp\/v2\/comments?post=171029"}],"version-history":[{"count":0,"href":"https:\/\/www.europesays.com\/fr\/wp-json\/wp\/v2\/posts\/171029\/revisions"}],"wp:featuredmedia":[{"embeddable":true,"href":"https:\/\/www.europesays.com\/fr\/wp-json\/wp\/v2\/media\/170012"}],"wp:attachment":[{"href":"https:\/\/www.europesays.com\/fr\/wp-json\/wp\/v2\/media?parent=171029"}],"wp:term":[{"taxonomy":"category","embeddable":true,"href":"https:\/\/www.europesays.com\/fr\/wp-json\/wp\/v2\/categories?post=171029"},{"taxonomy":"post_tag","embeddable":true,"href":"https:\/\/www.europesays.com\/fr\/wp-json\/wp\/v2\/tags?post=171029"}],"curies":[{"name":"wp","href":"https:\/\/api.w.org\/{rel}","templated":true}]}}