{"id":171032,"date":"2025-06-12T14:46:13","date_gmt":"2025-06-12T14:46:13","guid":{"rendered":"https:\/\/www.europesays.com\/fr\/171032\/"},"modified":"2025-06-12T14:46:13","modified_gmt":"2025-06-12T14:46:13","slug":"en-marge-du-sommet-de-locean-a-nice-le-prince-albert-ii-recompense-par-une-medaille-pour-son-engagement-dans-la-preservation-de-lenvironnement","status":"publish","type":"post","link":"https:\/\/www.europesays.com\/fr\/171032\/","title":{"rendered":"En marge du sommet de l&rsquo;Oc\u00e9an \u00e0 Nice, le prince Albert II r\u00e9compens\u00e9 par une m\u00e9daille pour son engagement dans la pr\u00e9servation de l&rsquo;environnement"},"content":{"rendered":"<p>C\u2019est un honneur qu\u2019il a re\u00e7u \u00ab\u00a0avec gratitude\u00a0\u00bb a soulign\u00e9 le prince Albert II en montant \u00e0 la tribune, ce mercredi apr\u00e8s-midi, de la <strong>Woods Hole Oceanographic Institution<\/strong>, appel\u00e9 \u00e0 recevoir la m\u00e9daille du Centenaire.<\/p>\n<p>\u00a0<\/p>\n<p><strong>L\u2019organisation am\u00e9ricaine \u00e0 but non lucratif, premi\u00e8re au monde d\u00e9di\u00e9e \u00e0 la recherche, l\u2019exploration et l\u2019\u00e9ducation dans le domaine des oc\u00e9ans, a souhait\u00e9 r\u00e9compenser le Souverain pour ses engagements environnementaux<\/strong>. Et aux c\u00f4t\u00e9s de <strong>Peter de Menocal<\/strong> qui pr\u00e9side l\u2019institution, c\u2019est l\u2019ancien Secr\u00e9taire d\u2019\u00c9tat am\u00e9ricain, <strong>John Kerry<\/strong>, tr\u00e8s engag\u00e9 dans les questions climatiques, qui est venu honorer le Prince rappelant, au micro de Monaco Info, son r\u00f4le de \u00ab\u00a0pionnier\u00a0\u00bb et le travail accompli.<\/p>\n<p>              <img ci-src=\"https:\/\/www.nicematin.com\/environnement\/Image+MON11Q106_MA_PRINCE+ALBERT+MEDAILLE+WOODS+HOLE+INSTITUTE+AVEC+JOHN+KERRY-kBa1ad9l.jpg?vh=85f14a&amp;ci_seal=05d5adf137\" alt=\"\"\/><br \/>\n        L\u2019institution se d\u00e9crit comme la premi\u00e8re organisation \u00e0 but non lucratif au monde \u00e0 investir dans la recherche, l\u2019exploration et l\u2019\u00e9ducation dans le domaine des oc\u00e9ans. <strong>Photo Michael Al\u00e9si\/Palais princier.<\/strong> <\/p>\n<p>La voie de la science comme chemin<\/p>\n<p>\u00a0<\/p>\n<p>\u00ab\u00a0Alors que <a href=\"https:\/\/www.nicematin.com\/politique\/-si-on-sauve-la-mediterranee-on-sauvera-l-ocean-la-region-sud-se-presente-comme-un-laboratoire-au-sommet-de-nice-989652\" rel=\"nofollow noopener\" target=\"_blank\">la communaut\u00e9 mondiale se r\u00e9unit \u00e0 Nice pour se concentrer sur l\u2019oc\u00e9an<\/a> et son avenir, nous devons nous tourner vers les principes et le travail durable de la Woods Hole Oceanographic Institution comme une source de conseils plus que jamais qu\u2019auparavant. En 2018, j\u2019ai eu le plaisir de visiter vos installations et j\u2019ai pu constater sur le site la qualit\u00e9 et la d\u00e9termination de vos \u00e9quipes\u00a0\u00bb, a soulign\u00e9 le Souverain en prenant la parole apr\u00e8s avoir re\u00e7u sa distinction.<\/p>\n<p>\u00a0<\/p>\n<p>Comme un bilan sur les \u00e9changes en cours, il a relev\u00e9 avoir constat\u00e9 \u00ab\u00a0une volont\u00e9, celle d\u2019une majorit\u00e9 de nos concitoyens, conscients de la situation et pr\u00eats \u00e0 s\u2019engager dans l\u2019action. Cette volont\u00e9 s\u2019est particuli\u00e8rement manifest\u00e9e le week-end dernier \u00e0 Monaco, o\u00f9 nous avons organis\u00e9 le Blue Economy and Finance Forum qui a r\u00e9v\u00e9l\u00e9 l\u2019ambition et la possibilit\u00e9 de cr\u00e9er un nouveau paradigme de d\u00e9veloppement capable de r\u00e9concilier l\u2019humanit\u00e9 avec la mer. Pourtant, nous sommes confront\u00e9s \u00e0 un d\u00e9fi majeur. Un d\u00e9fi politique majeur qui d\u00e9coule de la diversit\u00e9 des agendas et des circonstances. Je ne connais qu\u2019une seule fa\u00e7on de le relever, et c\u2019est celle que je poursuis, comme vous, sur la voie de la science.\u00a0\u00bb<\/p>\n<p>\u00a0<\/p>\n<p>Pour le Souverain, la prise de conscience passera par l\u2019appui sur \u00ab\u00a0une expertise rigoureuse et cr\u00e9dible et \u00e9couter ceux qui s\u2019efforcent de mieux comprendre les ph\u00e9nom\u00e8nes les plus complexes afin de nous permettre de trouver des solutions appropri\u00e9es\u00a0\u00bb.<\/p>\n","protected":false},"excerpt":{"rendered":"C\u2019est un honneur qu\u2019il a re\u00e7u \u00ab\u00a0avec gratitude\u00a0\u00bb a soulign\u00e9 le prince Albert II en montant \u00e0 la&hellip;\n","protected":false},"author":2,"featured_media":171033,"comment_status":"","ping_status":"","sticky":false,"template":"","format":"standard","meta":{"footnotes":""},"categories":[2819],"tags":[1111,11,436,1777,674,1011,27,12,2401,882,25],"class_list":{"0":"post-171032","1":"post","2":"type-post","3":"status-publish","4":"format-standard","5":"has-post-thumbnail","7":"category-nice","8":"tag-actu","9":"tag-actualites","10":"tag-environnement","11":"tag-eu","12":"tag-europe","13":"tag-fr","14":"tag-france","15":"tag-news","16":"tag-nice","17":"tag-provence-alpes-cote-dazur","18":"tag-republique-francaise"},"share_on_mastodon":{"url":"https:\/\/pubeurope.com\/@fr\/114670939886427460","error":""},"_links":{"self":[{"href":"https:\/\/www.europesays.com\/fr\/wp-json\/wp\/v2\/posts\/171032","targetHints":{"allow":["GET"]}}],"collection":[{"href":"https:\/\/www.europesays.com\/fr\/wp-json\/wp\/v2\/posts"}],"about":[{"href":"https:\/\/www.europesays.com\/fr\/wp-json\/wp\/v2\/types\/post"}],"author":[{"embeddable":true,"href":"https:\/\/www.europesays.com\/fr\/wp-json\/wp\/v2\/users\/2"}],"replies":[{"embeddable":true,"href":"https:\/\/www.europesays.com\/fr\/wp-json\/wp\/v2\/comments?post=171032"}],"version-history":[{"count":0,"href":"https:\/\/www.europesays.com\/fr\/wp-json\/wp\/v2\/posts\/171032\/revisions"}],"wp:featuredmedia":[{"embeddable":true,"href":"https:\/\/www.europesays.com\/fr\/wp-json\/wp\/v2\/media\/171033"}],"wp:attachment":[{"href":"https:\/\/www.europesays.com\/fr\/wp-json\/wp\/v2\/media?parent=171032"}],"wp:term":[{"taxonomy":"category","embeddable":true,"href":"https:\/\/www.europesays.com\/fr\/wp-json\/wp\/v2\/categories?post=171032"},{"taxonomy":"post_tag","embeddable":true,"href":"https:\/\/www.europesays.com\/fr\/wp-json\/wp\/v2\/tags?post=171032"}],"curies":[{"name":"wp","href":"https:\/\/api.w.org\/{rel}","templated":true}]}}