{"id":171038,"date":"2025-06-12T14:49:15","date_gmt":"2025-06-12T14:49:15","guid":{"rendered":"https:\/\/www.europesays.com\/fr\/171038\/"},"modified":"2025-06-12T14:49:15","modified_gmt":"2025-06-12T14:49:15","slug":"le-retour-de-la-consigne-du-verre-dans-les-supermarches-officiellement-lance","status":"publish","type":"post","link":"https:\/\/www.europesays.com\/fr\/171038\/","title":{"rendered":"le retour de la consigne du verre dans les supermarch\u00e9s officiellement lanc\u00e9"},"content":{"rendered":"<p>Le dispositif a \u00e9t\u00e9 pr\u00e9sent\u00e9 par Citeo dans un Super U de l\u2019agglom\u00e9ration nantaise ce jeudi matin. Les Pays de la Loire font partie des quatre r\u00e9gions \u00e0 l\u2019exp\u00e9rimenter, en attendant un d\u00e9ploiement dans la France enti\u00e8re.<\/p>\n<p class=\"fig-paragraph\">L&rsquo;\u00e9co-organisme\u00a0<a href=\"https:\/\/www.lefigaro.fr\/decideurs\/les-decideurs-de-citeo-20200113\" target=\"_blank\" data-fig-type=\"Article\" rel=\"noopener\" data-gtm-custom-categorie=\"navigation\" data-gtm-custom-action=\"crossclick\" data-gtm-custom-label=\"Contextuel\" data-gtm-event=\"customEventSPE\" data-fig-domain=\"LEFIGARO\">Citeo<\/a>\u00a0a amorc\u00e9 jeudi le retour en France de\u00a0<a href=\"http:\/\/www.lefigaro.fr\/flash-eco\/plastique-aluminium-vers-la-consigne-des-bouteilles-et-canettes-en-france-20250611\" target=\"_blank\" data-fig-type=\"NewsFlash\" rel=\"noopener\" data-gtm-custom-categorie=\"navigation\" data-gtm-custom-action=\"crossclick\" data-gtm-custom-label=\"Contextuel\" data-gtm-event=\"customEventSPE\" data-fig-domain=\"LEFIGARO\">la consigne<\/a>\u00a0du verre \u00e0 grande \u00e9chelle dans un magasin Super U situ\u00e9 \u00e0 Saint-S\u00e9bastien-sur-Loire, dans l&rsquo;agglom\u00e9ration de\u00a0<a href=\"http:\/\/www.lefigaro.fr\/nantes\/nantes-2-individus-arretes-pour-avoir-pulverise-un-bus-apres-la-victoire-du-psg-20250611\" target=\"_blank\" data-fig-type=\"NewsFlash\" rel=\"noopener\" data-gtm-custom-categorie=\"navigation\" data-gtm-custom-action=\"crossclick\" data-gtm-custom-label=\"Contextuel\" data-gtm-event=\"customEventSPE\" data-fig-domain=\"LEFIGARO\">Nantes<\/a>. La soci\u00e9t\u00e9 sp\u00e9cialis\u00e9e dans le\u00a0<a href=\"http:\/\/www.lefigaro.fr\/flash-eco\/consigne-prime-bonus-malus-ce-que-contient-le-plan-du-gouvernement-pour-lutter-contre-la-pollution-plastique-20250612\" target=\"_blank\" data-fig-type=\"NewsFlash\" rel=\"noopener\" data-gtm-custom-categorie=\"navigation\" data-gtm-custom-action=\"crossclick\" data-gtm-custom-label=\"Contextuel\" data-gtm-event=\"customEventSPE\" data-fig-domain=\"LEFIGARO\">recyclage<\/a>\u00a0esp\u00e8re ainsi am\u00e9liorer les performances en mati\u00e8re de r\u00e9emploi des emballages de la France, mauvaise \u00e9l\u00e8ve dans ce domaine. L&rsquo;exp\u00e9rimentation de ce dispositif, test\u00e9 dans quatre grandes r\u00e9gions du nord-ouest du pays (Pays-de-la-Loire, mais \u00e9galement Bretagne, Normandie et Hauts-de-France), sera men\u00e9e pendant 18 mois, et touchera potentiellement quelque 16 millions d&rsquo;habitants.<\/p>\n<p class=\"fig-paragraph\">\u00abC&rsquo;est un d\u00e9but parce qu&rsquo;on pose aujourd&rsquo;hui la premi\u00e8re pierre\u00bb, a d\u00e9clar\u00e9 le directeur g\u00e9n\u00e9ral de Citeo, Jean Hornain, selon qui, \u00e0 ce jour, \u00ab\u00e0 peu pr\u00e8s 80 magasins\u00bb sont entr\u00e9s dans la danse, avant environ 300 d&rsquo;ici le mois de juillet, et sans doute 700 \u00e0 l&rsquo;\u00e9ch\u00e9ance de septembre-octobre sur la r\u00e9gion. En cas de succ\u00e8s, \u00abl&rsquo;objectif c&rsquo;est de le faire sur la France enti\u00e8re\u00bb, a poursuivi le dirigeant de cette entreprise \u00e0 mission sans but lucratif, lors d&rsquo;une conf\u00e9rence de presse, ajoutant qu&rsquo;il faudrait pour cela \u00abembarquer nos concitoyens\u00bb pour faire de ce geste \u00abun r\u00e9flexe au quotidien\u00bb.<\/p>\n<p>De 10 \u00e0 20 centimes par produit<\/p>\n<p class=\"fig-paragraph\">Le d\u00e9ploiement, progressif, doit mener \u00e0 la mise en march\u00e9 de 55 millions d&#8217;emballages r\u00e9employables dans 750 magasins, selon Citeo, qui table sur 30 millions d&#8217;emballages d\u00e8s 2025 et le reste en 2026. Le montant de la consigne, inclus dans le prix de vente et que les clients des enseignes engag\u00e9es r\u00e9cup\u00e8reront en rapportant leurs contenants, est fix\u00e9 \u00e0 dix centimes pour les petits emballages, et 20 centimes pour les plus grands formats.<\/p>\n<p class=\"fig-paragraph\">Sur les emballages, une petite \u00e9tiquette violette \u00abrapportez-moi pour r\u00e9emploi\u00bb signale les produits consignables. Le consommateur peut d\u00e9sormais rapporter son emballage dans n&rsquo;importe quel magasin partenaire de l&rsquo;op\u00e9ration, pas forc\u00e9ment celui o\u00f9 il l&rsquo;a achet\u00e9, ce qui lui permet de r\u00e9cup\u00e9rer le montant de la consigne et de rendre l&#8217;emballage pour qu&rsquo;il puisse \u00eatre collect\u00e9, lav\u00e9 et remis en circulation.<\/p>\n<p class=\"fig-paragraph\">Plus de 50 industriels, dont de nombreux brasseurs, sont engag\u00e9s dans l&rsquo;op\u00e9ration, avec huit distributeurs: Syst\u00e8me U, donc, mais \u00e9galement Carrefour, Intermarch\u00e9, Monoprix, Biocoop, Leclerc, Brasserie du Bout du Monde et Auchan. Huit r\u00e9f\u00e9rences de boissons (bi\u00e8re, eau, jus de fruits) et soupes \u00e9taient disponibles jeudi, mais ce chiffre a vocation \u00e0 atteindre plusieurs dizaines, selon Citeo.<\/p>\n<p class=\"fig-paragraph\">L&rsquo;objectif fix\u00e9 par la loi Agec sur l&rsquo;\u00e9conomie circulaire \u00e9tait de 10% d&#8217;emballages r\u00e9employ\u00e9s d&rsquo;ici \u00e0 2027, avec un objectif interm\u00e9diaire de 5% pour 2023 mais le r\u00e9emploi plafonne \u00e0 1,5%, selon les derniers chiffres de l&rsquo;observatoire du r\u00e9emploi.<\/p>\n<p>    Dans chaque magasin, comme ici \u00e0 Saint-S\u00e9bastien-sur-Loire, une borne permet de r\u00e9cup\u00e9rer un bon d\u2019achat ou d\u2019\u00eatre cr\u00e9dit\u00e9 \u00e0 chaque fois qu\u2019une bouteille est retourn\u00e9e.<br \/>\n                LT\/Le Figaro<\/p>\n","protected":false},"excerpt":{"rendered":"Le dispositif a \u00e9t\u00e9 pr\u00e9sent\u00e9 par Citeo dans un Super U de l\u2019agglom\u00e9ration nantaise ce jeudi matin. Les&hellip;\n","protected":false},"author":2,"featured_media":171039,"comment_status":"","ping_status":"","sticky":false,"template":"","format":"standard","meta":{"footnotes":""},"categories":[2818],"tags":[1111,11,30557,30558,1777,674,462,1011,27,2640,2642,766,2638,2643,2637,2639,2646,2645,2641,2635,2644,2647,12,2636,25],"class_list":{"0":"post-171038","1":"post","2":"type-post","3":"status-publish","4":"format-standard","5":"has-post-thumbnail","7":"category-nantes","8":"tag-actu","9":"tag-actualites","10":"tag-consigne","11":"tag-emballages","12":"tag-eu","13":"tag-europe","14":"tag-fc-nantes","15":"tag-fr","16":"tag-france","17":"tag-hauts-paves-saint-felix","18":"tag-ile-de-nantes","19":"tag-nantes","20":"tag-nantes-bellevue-chantenay-sainte-anne","21":"tag-nantes-breil-barberie","22":"tag-nantes-centre-ville","23":"tag-nantes-dervallieres-zola","24":"tag-nantes-doulon-bottiere","25":"tag-nantes-erdre","26":"tag-nantes-malakoff-saint-donatien","27":"tag-nantes-metropole","28":"tag-nantes-nord","29":"tag-nantes-sud","30":"tag-news","31":"tag-pays-de-la-loire","32":"tag-republique-francaise"},"share_on_mastodon":{"url":"https:\/\/pubeurope.com\/@fr\/114670951746693768","error":""},"_links":{"self":[{"href":"https:\/\/www.europesays.com\/fr\/wp-json\/wp\/v2\/posts\/171038","targetHints":{"allow":["GET"]}}],"collection":[{"href":"https:\/\/www.europesays.com\/fr\/wp-json\/wp\/v2\/posts"}],"about":[{"href":"https:\/\/www.europesays.com\/fr\/wp-json\/wp\/v2\/types\/post"}],"author":[{"embeddable":true,"href":"https:\/\/www.europesays.com\/fr\/wp-json\/wp\/v2\/users\/2"}],"replies":[{"embeddable":true,"href":"https:\/\/www.europesays.com\/fr\/wp-json\/wp\/v2\/comments?post=171038"}],"version-history":[{"count":0,"href":"https:\/\/www.europesays.com\/fr\/wp-json\/wp\/v2\/posts\/171038\/revisions"}],"wp:featuredmedia":[{"embeddable":true,"href":"https:\/\/www.europesays.com\/fr\/wp-json\/wp\/v2\/media\/171039"}],"wp:attachment":[{"href":"https:\/\/www.europesays.com\/fr\/wp-json\/wp\/v2\/media?parent=171038"}],"wp:term":[{"taxonomy":"category","embeddable":true,"href":"https:\/\/www.europesays.com\/fr\/wp-json\/wp\/v2\/categories?post=171038"},{"taxonomy":"post_tag","embeddable":true,"href":"https:\/\/www.europesays.com\/fr\/wp-json\/wp\/v2\/tags?post=171038"}],"curies":[{"name":"wp","href":"https:\/\/api.w.org\/{rel}","templated":true}]}}