{"id":171048,"date":"2025-06-12T14:54:16","date_gmt":"2025-06-12T14:54:16","guid":{"rendered":"https:\/\/www.europesays.com\/fr\/171048\/"},"modified":"2025-06-12T14:54:16","modified_gmt":"2025-06-12T14:54:16","slug":"solidart-lexpo-amie-du-secours-populaire-qui-reunit-120-artistes-au-grand-coeur-a-lille","status":"publish","type":"post","link":"https:\/\/www.europesays.com\/fr\/171048\/","title":{"rendered":"Solid\u2019Art, l\u2019expo amie du Secours Populaire qui r\u00e9unit 120 artistes au grand c\u0153ur \u00e0 Lille"},"content":{"rendered":"<p>            Par<br \/>\n        <strong><br \/>\n            <a href=\"https:\/\/actu.fr\/auteur\/redaction-lille\" title=\"Consulter tous les articles de R\u00e9daction Lille\" target=\"_blank\" rel=\"noopener\">R\u00e9daction Lille<\/a><br \/>\n        <\/strong><\/p>\n<p>        Publi\u00e9 le<\/p>\n<p>            12 juin 2025 \u00e0 15h44        <\/p>\n<p>Du 13 au 15\u00a0juin 2025, d\u00e9couvrez <b>1500 \u0153uvres d\u2019art <\/b>expos\u00e9es \u00e0 <b>l\u2019h\u00f4tel de ville <\/b>de <a href=\"https:\/\/actu.fr\/hauts-de-france\/lille_59350\" target=\"_blank\" rel=\"noopener\">Lille<\/a><b> <\/b>dans le cadre de <b>Solid\u2019Art.<\/b> Vous pouvez acheter les tableaux, et c\u2019est pour la bonne cause\u2009: les profits financeront les vacances des b\u00e9n\u00e9ficiaires du<b> Secours Populaire<\/b>\u2009! C\u2019est une grande foire locale de l\u2019art, sans droit d\u2019inscription pour les artistes, sans droit d\u2019entr\u00e9e pour les 8000 visiteurs attendus, mais un contact garanti pour un dialogue directement avec l\u2019artiste. Sans l\u2019interm\u00e9diaire d\u2019un marchand ou d\u2019une galerie aussi.<\/p>\n<p>Grande f\u00eate de l\u2019art contemporain<\/p>\n<p class=\" wall-content\">C\u2019est \u00ab\u2009la grande f\u00eate de l\u2019art contemporain, vivante, ouverte, g\u00e9n\u00e9reuse\u2009\u00bb comme l\u2019\u00e9crit Arnaud Deslandes, le maire de Lille qui a port\u00e9 les derni\u00e8res \u00e9ditions de Solid\u2019 Art dans sa d\u00e9l\u00e9gation d\u2019adjoint.<\/p>\n<p class=\" wall-content\">Pour le Secours Populaire, il s\u2019agit d\u2019une lev\u00e9e de fonds in\u00e9dite. Sur l\u2019\u00e9dition 2024, elle a permis la collecte de pr\u00e8s de 250\u2009000\u00a0\u20ac \u00e9quivalent \u00e0 4\u2009900 journ\u00e9es de vacances, puisque c\u2019est le financement de cette op\u00e9ration qui est l\u2019enjeu du salon.<\/p>\n<p>120 artistes, 1500 \u0153uvres<\/p>\n<p class=\" wall-content\">La mobilisation des artistes est exemplaire car les organisateurs en attendent 120 pr\u00e9sentant 1\u2009500 \u0153uvres. \u00ab\u2009IIs deviennent ainsi les ambassadeurs du Secours Populaire dans une d\u00e9marche d\u2019acc\u00e8s \u00e0 la culture, d\u2019\u00e9changes et de g\u00e9n\u00e9rosit\u00e9\u2009\u00bb affirme Florian Neveu devenu commissaire des salons Solid \u2018Art, qui essaiment partout en France.<\/p>\n<p class=\" wall-content\">Chaque \u00e9dition est l\u2019occasion d\u2019une d\u00e9couverte\u2009: l\u2019an dernier, ce fut la peintre animali\u00e8re Sandrot, la marraine du salon. Pour l\u2019\u00e9dition 2025, c\u2019est l\u2019artiste britannique, Luke Newton install\u00e9e \u00e0 Roubaix qui a fait l\u2019objet d\u2019une pr\u00e9sentation de ses \u0153uvres au mus\u00e9e de la Piscine qui parraine l\u2019op\u00e9ration<\/p>\n<p>Vid\u00e9os : en ce moment sur Actu<\/p>\n<p class=\" wall-content\">En investissant l\u2019espace public, comme cette op\u00e9ration d\u2019embellissement du tr\u00e8s laid \u00e9dicule renfermant la machinerie du parking de la Grand-place\u2009; un adh\u00e9sif peint sur la base d\u2019une \u0153uvre de Luke Newton la recouvre d\u00e9sormais.<\/p>\n<p>Hommage \u00e0 Gilles Defacque<\/p>\n<p class=\" wall-content\">Le souvenir de <a href=\"https:\/\/actu.fr\/hauts-de-france\/lille_59350\/lille-le-prato-annonce-la-disparition-de-gilles-defacque_62055748.html\" target=\"_blank\" rel=\"noopener\">Gilles Defacque<\/a> sera pr\u00e9sent, lui qui fit valoir ses talents de dessinateur et qui dans les derni\u00e8res \u00e9ditions de Solid\u2019Art, donnait l\u2019impression d\u2019accueillir lui-m\u00eame chaque visiteur dans l\u2019H\u00f4tel de ville.<\/p>\n<p class=\" wall-content\">Vendredi 13\u00a0juin \u00e0 19\u2009h\u200930, JEF AEROSOL, l\u2019artiste pochoiriste, r\u00e9alisera un portrait du clown, qui pourra \u00eatre reproduit abondamment. Une performance accompagn\u00e9e \u00e0 l\u2019accord\u00e9on par Salim Sferdjella et ponctu\u00e9e de lectures de textes par Jacques Motte.<\/p>\n<p class=\" wall-content\"><b>Jean-Michel Stievenard<\/b><\/p>\n<p>Solid\u2019Art, les 13, 14, 15\u00a0juin dans le grand hall de l\u2019h\u00f4tel de ville. Chaque achat d\u2019une \u0153uvre fait l\u2019objet d\u2019un don de 50\u2009% au Secours Populaire et donne droit \u00e0 l\u2019ouverture d\u2019un cr\u00e9dit d\u2019imp\u00f4t.<\/p>\n<p class=\" wall-content\">Suivez toute l\u2019actualit\u00e9 de vos villes et m\u00e9dias favoris en vous inscrivant \u00e0 <a href=\"https:\/\/moncompte.actu.fr\" title=\"D\u00e9couvez Mon Actu\" rel=\"nofollow noopener\" data-trk=\"{&quot;cta&quot;:{&quot;action&quot;:&quot;https:\\\/\\\/moncompte.actu.fr&quot;,&quot;category&quot;:&quot;mon compte&quot;,&quot;from&quot;:&quot;article footer&quot;,&quot;name&quot;:&quot;Mon actu&quot;,&quot;type&quot;:&quot;cta&quot;}}\" target=\"_blank\">Mon Actu<\/a>.<\/p>\n","protected":false},"excerpt":{"rendered":"Par R\u00e9daction Lille Publi\u00e9 le 12 juin 2025 \u00e0 15h44 Du 13 au 15\u00a0juin 2025, d\u00e9couvrez 1500 \u0153uvres&hellip;\n","protected":false},"author":2,"featured_media":171049,"comment_status":"","ping_status":"","sticky":false,"template":"","format":"standard","meta":{"footnotes":""},"categories":[2815],"tags":[1111,11,1777,674,1011,27,811,1307,12,25,104,3400],"class_list":{"0":"post-171048","1":"post","2":"type-post","3":"status-publish","4":"format-standard","5":"has-post-thumbnail","7":"category-lille","8":"tag-actu","9":"tag-actualites","10":"tag-eu","11":"tag-europe","12":"tag-fr","13":"tag-france","14":"tag-hauts-de-france","15":"tag-lille","16":"tag-news","17":"tag-republique-francaise","18":"tag-societe","19":"tag-solidarite"},"share_on_mastodon":{"url":"https:\/\/pubeurope.com\/@fr\/114670971301990022","error":""},"_links":{"self":[{"href":"https:\/\/www.europesays.com\/fr\/wp-json\/wp\/v2\/posts\/171048","targetHints":{"allow":["GET"]}}],"collection":[{"href":"https:\/\/www.europesays.com\/fr\/wp-json\/wp\/v2\/posts"}],"about":[{"href":"https:\/\/www.europesays.com\/fr\/wp-json\/wp\/v2\/types\/post"}],"author":[{"embeddable":true,"href":"https:\/\/www.europesays.com\/fr\/wp-json\/wp\/v2\/users\/2"}],"replies":[{"embeddable":true,"href":"https:\/\/www.europesays.com\/fr\/wp-json\/wp\/v2\/comments?post=171048"}],"version-history":[{"count":0,"href":"https:\/\/www.europesays.com\/fr\/wp-json\/wp\/v2\/posts\/171048\/revisions"}],"wp:featuredmedia":[{"embeddable":true,"href":"https:\/\/www.europesays.com\/fr\/wp-json\/wp\/v2\/media\/171049"}],"wp:attachment":[{"href":"https:\/\/www.europesays.com\/fr\/wp-json\/wp\/v2\/media?parent=171048"}],"wp:term":[{"taxonomy":"category","embeddable":true,"href":"https:\/\/www.europesays.com\/fr\/wp-json\/wp\/v2\/categories?post=171048"},{"taxonomy":"post_tag","embeddable":true,"href":"https:\/\/www.europesays.com\/fr\/wp-json\/wp\/v2\/tags?post=171048"}],"curies":[{"name":"wp","href":"https:\/\/api.w.org\/{rel}","templated":true}]}}