{"id":171052,"date":"2025-06-12T14:57:10","date_gmt":"2025-06-12T14:57:10","guid":{"rendered":"https:\/\/www.europesays.com\/fr\/171052\/"},"modified":"2025-06-12T14:57:10","modified_gmt":"2025-06-12T14:57:10","slug":"la-collaboration-economique-entre-la-france-et-la-chine-honoree-a-marseille","status":"publish","type":"post","link":"https:\/\/www.europesays.com\/fr\/171052\/","title":{"rendered":"La collaboration \u00e9conomique entre la France et la Chine honor\u00e9e \u00e0 Marseille"},"content":{"rendered":"<p>A l&rsquo;occasion du 60e anniversaire des relations diplomatiques entre la Chine et la France, Marseille accueille la conf\u00e9rence de lancement des Prix Comite France Chine (CFC) de l&rsquo;Innovation 2025 &#8211; coorganis\u00e9e par le CFC et Provence Promotion.\u00a0<\/p>\n<p>\u00ab\u00a0Marseille a \u00e9t\u00e9 nomm\u00e9e capitale europ\u00e9enne de l&rsquo;innovation en 2023. La r\u00e9gion est riche de recherche, de talents, de d\u00e9veloppement, et abrite le seul a\u00e9roport de France avec un trajet direct vers la Chine.\u00a0\u00bb Sybille Dubois-Fontaine (CEO Comit\u00e9 France Chine) est claire ; Marseille constitue un lieu strat\u00e9gique privil\u00e9gi\u00e9 pour c\u00e9l\u00e9brer la <a href=\"https:\/\/www.laprovence.com\/article\/societe\/4174059\/la-provence-reve-dun-futur-made-in-china.html\" target=\"_blank\" rel=\"nofollow noopener\">coop\u00e9ration \u00e9conomique et commerciale sino-fran\u00e7aise.<\/a><\/p>\n","protected":false},"excerpt":{"rendered":"A l&rsquo;occasion du 60e anniversaire des relations diplomatiques entre la Chine et la France, Marseille accueille la conf\u00e9rence&hellip;\n","protected":false},"author":2,"featured_media":171053,"comment_status":"","ping_status":"","sticky":false,"template":"","format":"standard","meta":{"footnotes":""},"categories":[2814],"tags":[17,1111,11,309,2765,33,2811,2834,1777,674,1011,27,4339,884,12,882,25],"class_list":{"0":"post-171052","1":"post","2":"type-post","3":"status-publish","4":"format-standard","5":"has-post-thumbnail","7":"category-marseille","8":"tag-17","9":"tag-actu","10":"tag-actualites","11":"tag-chine","12":"tag-collaboration","13":"tag-economie","14":"tag-economique","15":"tag-entre","16":"tag-eu","17":"tag-europe","18":"tag-fr","19":"tag-france","20":"tag-honoree","21":"tag-marseille","22":"tag-news","23":"tag-provence-alpes-cote-dazur","24":"tag-republique-francaise"},"share_on_mastodon":{"url":"https:\/\/pubeurope.com\/@fr\/114670983265328558","error":""},"_links":{"self":[{"href":"https:\/\/www.europesays.com\/fr\/wp-json\/wp\/v2\/posts\/171052","targetHints":{"allow":["GET"]}}],"collection":[{"href":"https:\/\/www.europesays.com\/fr\/wp-json\/wp\/v2\/posts"}],"about":[{"href":"https:\/\/www.europesays.com\/fr\/wp-json\/wp\/v2\/types\/post"}],"author":[{"embeddable":true,"href":"https:\/\/www.europesays.com\/fr\/wp-json\/wp\/v2\/users\/2"}],"replies":[{"embeddable":true,"href":"https:\/\/www.europesays.com\/fr\/wp-json\/wp\/v2\/comments?post=171052"}],"version-history":[{"count":0,"href":"https:\/\/www.europesays.com\/fr\/wp-json\/wp\/v2\/posts\/171052\/revisions"}],"wp:featuredmedia":[{"embeddable":true,"href":"https:\/\/www.europesays.com\/fr\/wp-json\/wp\/v2\/media\/171053"}],"wp:attachment":[{"href":"https:\/\/www.europesays.com\/fr\/wp-json\/wp\/v2\/media?parent=171052"}],"wp:term":[{"taxonomy":"category","embeddable":true,"href":"https:\/\/www.europesays.com\/fr\/wp-json\/wp\/v2\/categories?post=171052"},{"taxonomy":"post_tag","embeddable":true,"href":"https:\/\/www.europesays.com\/fr\/wp-json\/wp\/v2\/tags?post=171052"}],"curies":[{"name":"wp","href":"https:\/\/api.w.org\/{rel}","templated":true}]}}