{"id":171058,"date":"2025-06-12T15:00:13","date_gmt":"2025-06-12T15:00:13","guid":{"rendered":"https:\/\/www.europesays.com\/fr\/171058\/"},"modified":"2025-06-12T15:00:13","modified_gmt":"2025-06-12T15:00:13","slug":"quartier-villette-paul-bert-sept-voitures-incendiees-dans-la-nuit","status":"publish","type":"post","link":"https:\/\/www.europesays.com\/fr\/171058\/","title":{"rendered":"quartier Villette-Paul-Bert, sept voitures incendi\u00e9es dans la nuit"},"content":{"rendered":"<p>Sept voitures ont \u00e9t\u00e9 br\u00fbl\u00e9es la nuit du 11 au 12\u00a0juin dans le quartier Villette-Paul-Bert\u00a0: 5 dans la rue Saint Sidoine, perpendiculaire \u00e0 la rue Baraban, c\u00f4t\u00e9 est. Et 2 dans la rue Saint-Antoine, \u00e9galement perpendiculaire \u00e0 Baraban mais c\u00f4t\u00e9 Ouest.\u00a0Depuis plusieurs ann\u00e9es cette partie du quartier Villette Paul-Bert conna\u00eet des incidents en s\u00e9rie. Le dernier en date remonte aux premiers jours de janvier\u00a02025, rue Saint-Victorien. Il avait d\u00e9j\u00e0 connu de tels soucis en 2014, 2016 et 2020, p\u00e9riodes o\u00f9 de nombreuses voitures avaient br\u00fbl\u00e9, mais c\u2018\u00e9tait principalement soit en d\u00e9but d\u2019ann\u00e9e soit autour du 14\u00a0juillet.<\/p>\n<p><strong>Rue Saint Sidoine<\/strong><\/p>\n<p>\u00c0 hauteur du N\u00b0\u00a020 de la rue, ce sont 5 voitures qui ont \u00e9t\u00e9 incendi\u00e9es, cette nuit\u00a0: une Citro\u00ebn C3, 2 C4, et une Suzuki. Et une autre voiture, d\u00e9j\u00e0 enlev\u00e9e qui \u00e9tait gar\u00e9e entre les 2 C4. Une riveraine, victime, raconte\u00a0: \u00ab Ma Citro\u00ebn C4 n\u2019affichait que 50\u00a0000\u00a0km, elle est devenue \u00e9pave en quelques instants. Je suis tr\u00e8s inqui\u00e8te car il y a 2 ans dans le quartier on m\u2019a d\u00e9j\u00e0 vol\u00e9 une autre voiture, je crains que l\u2019assurance soit compliqu\u00e9e \u00e0 l\u2019avenir\u00a0\u00bb.<\/p>\n<p>Si toutes les autos sont devenues des \u00e9paves, la porte d\u2019entr\u00e9e de l\u2019immeuble au N\u00b0\u00a020 a souffert \u00e9galement, de la chaleur de l\u2019incendie, au point qu\u2019elle se retrouve compl\u00e8tement \u00e9toil\u00e9e et, a minima, elle devra \u00eatre chang\u00e9e. Quant au mur, la fum\u00e9e l\u2019a noirci sur toute la hauteur de l\u2019immeuble.<\/p>\n<p>  <strong>Rue Saint-Antoine<\/strong><\/p>\n<p>Entre les N\u00b0\u00a013 et\u00a015, ce sont 2 voitures qui ont br\u00fbl\u00e9, une Peugeot 308, encore sur place, et une Opel Yaris, d\u00e9j\u00e0 enlev\u00e9e. Un riverain qui demeure dans l\u2019immeuble devant lequel les voitures \u00e9taient gar\u00e9es t\u00e9moigne\u00a0: \u00ab Vers 1 heure du matin j\u2019ai entendu plusieurs explosions, c\u2019\u00e9tait inqui\u00e9tant puis j\u2019ai pens\u00e9 que c\u2019\u00e9taient les pneus qui explosaient et il y a peut-\u00eatre eu aussi les r\u00e9servoirs.\u00a0\u00bb<\/p>\n<p>Les pompiers et les forces de l\u2019ordre se sont mobilis\u00e9s rapidement.<\/p>\n","protected":false},"excerpt":{"rendered":"Sept voitures ont \u00e9t\u00e9 br\u00fbl\u00e9es la nuit du 11 au 12\u00a0juin dans le quartier Villette-Paul-Bert\u00a0: 5 dans la&hellip;\n","protected":false},"author":2,"featured_media":171059,"comment_status":"","ping_status":"","sticky":false,"template":"","format":"standard","meta":{"footnotes":""},"categories":[1889],"tags":[1111,11,2430,2757,1777,674,274,1011,27,1310,2428,4751,4750,12,25,2429],"class_list":{"0":"post-171058","1":"post","2":"type-post","3":"status-publish","4":"format-standard","5":"has-post-thumbnail","7":"category-lyon","8":"tag-actu","9":"tag-actualites","10":"tag-auvergne-rhone-alpes","11":"tag-edition-lyon-villeurbanne","12":"tag-eu","13":"tag-europe","14":"tag-faits-divers-justice","15":"tag-fr","16":"tag-france","17":"tag-incendie","18":"tag-lyon","19":"tag-lyon-3e","20":"tag-lyon-3e-arrondissement","21":"tag-news","22":"tag-republique-francaise","23":"tag-rhone"},"share_on_mastodon":{"url":"https:\/\/pubeurope.com\/@fr\/114670995059384929","error":""},"_links":{"self":[{"href":"https:\/\/www.europesays.com\/fr\/wp-json\/wp\/v2\/posts\/171058","targetHints":{"allow":["GET"]}}],"collection":[{"href":"https:\/\/www.europesays.com\/fr\/wp-json\/wp\/v2\/posts"}],"about":[{"href":"https:\/\/www.europesays.com\/fr\/wp-json\/wp\/v2\/types\/post"}],"author":[{"embeddable":true,"href":"https:\/\/www.europesays.com\/fr\/wp-json\/wp\/v2\/users\/2"}],"replies":[{"embeddable":true,"href":"https:\/\/www.europesays.com\/fr\/wp-json\/wp\/v2\/comments?post=171058"}],"version-history":[{"count":0,"href":"https:\/\/www.europesays.com\/fr\/wp-json\/wp\/v2\/posts\/171058\/revisions"}],"wp:featuredmedia":[{"embeddable":true,"href":"https:\/\/www.europesays.com\/fr\/wp-json\/wp\/v2\/media\/171059"}],"wp:attachment":[{"href":"https:\/\/www.europesays.com\/fr\/wp-json\/wp\/v2\/media?parent=171058"}],"wp:term":[{"taxonomy":"category","embeddable":true,"href":"https:\/\/www.europesays.com\/fr\/wp-json\/wp\/v2\/categories?post=171058"},{"taxonomy":"post_tag","embeddable":true,"href":"https:\/\/www.europesays.com\/fr\/wp-json\/wp\/v2\/tags?post=171058"}],"curies":[{"name":"wp","href":"https:\/\/api.w.org\/{rel}","templated":true}]}}