{"id":17107,"date":"2025-04-11T10:59:15","date_gmt":"2025-04-11T10:59:15","guid":{"rendered":"https:\/\/www.europesays.com\/fr\/17107\/"},"modified":"2025-04-11T10:59:15","modified_gmt":"2025-04-11T10:59:15","slug":"savez-vous-que-ces-deux-acteurs-de-la-serie-sont-en-couple-dans-la-vie","status":"publish","type":"post","link":"https:\/\/www.europesays.com\/fr\/17107\/","title":{"rendered":"Savez-vous que ces deux acteurs de la s\u00e9rie sont en couple dans la vie ?"},"content":{"rendered":"<p>Deux acteurs de la s\u00e9rie Downton Abbey sont en couple depuis un petit moment. Ensemble, ils ont un petit gar\u00e7on \u00e2g\u00e9 de quatre ans. Un amour v\u00e9cu en toute discr\u00e9tion.<\/p>\n<p>Rares sont les s\u00e9ries \u00e0 se poursuivre sur grand \u00e9cran. La plupart du temps, c&rsquo;est l&rsquo;inverse qui se passe. Mais ce n&rsquo;est pas le cas pour <a href=\"https:\/\/www.programme-tv.net\/news\/series-tv\/374933-en-pleine-rumeur-sur-un-prequel-de-downton-abbey-joanne-froggatt-anna-bates-reagit\/\" data-api-deeplink=\"teleloisirs:\/\/news\/374933\" target=\"_blank\" rel=\"noopener\">Downton Abbey<\/a>. Apr\u00e8s six saisons, deux films ont d\u00e9j\u00e0 vu le jour. L&rsquo;id\u00e9e de passer du petit au grand \u00e9cran est venue dans la t\u00eate du producteur Gareth Neame lors de l&rsquo;\u00e9criture de la troisi\u00e8me saison de la s\u00e9rie, soit bien avant la d\u00e9cision d&rsquo;arr\u00eater la s\u00e9rie, \u00e0 la fin de la saison 6. Le but \u00e9tant de s&rsquo;arr\u00eater en plein succ\u00e8s et de ne pas faire la saison de trop, avant de poursuivre l&rsquo;aventure au cin\u00e9ma, de mani\u00e8re ponctuelle.<\/p>\n<p>Laura Carmichael et C. Michael Fox sont tomb\u00e9s amoureux lors de la saison 5 de Downton Abbey<\/p>\n<p>Dix ans apr\u00e8s la fin de la s\u00e9rie, les fans ont r\u00e9cemment appris que deux acteurs \u00e9taient en couple. <b>Il s&rsquo;agit de Laura Carmichael et Michael C. Fox, qui ont respectivement jou\u00e9 les personnages de Lady Edith Crawley et Andrew Parker. <\/b>C&rsquo;est en toute discr\u00e9tion que les deux com\u00e9diens sont tomb\u00e9s amoureux l&rsquo;un de l&rsquo;autre. Ils sont m\u00eame devenus parents d&rsquo;un petit gar\u00e7on appel\u00e9 Lucas, \u00e2g\u00e9 de quatre ans. C&rsquo;est lorsque Michael C. Fox a rejoint le casting de la cinqui\u00e8me saison de Downton Abbey que la magie a op\u00e9r\u00e9 et, ensemble, ils ont aussi jou\u00e9 dans le second volet de la saga, intitul\u00e9 Downton Abbey\u00a0: Une nouvelle \u00e8re. <a href=\"https:\/\/www.programme-tv.net\/news\/cinema\/374604-downton-abbey-3-le-titre-dechirant-du-troisieme-film-brise-le-coeur-des-fans\/\" data-api-deeplink=\"teleloisirs:\/\/news\/374604\" target=\"_blank\" rel=\"noopener\">Le troisi\u00e8me volet de la saga est d&rsquo;ailleurs tr\u00e8s attendu par les fans <\/a>et <a href=\"https:\/\/www.programme-tv.net\/news\/cinema\/374608-downton-abbey-3-cet-acteur-donne-des-details-juteux-sur-son-personnage-qui-aura-un-grand-impact-sur-la-fin-de-la-serie\/\" data-api-deeplink=\"teleloisirs:\/\/news\/374608\" target=\"_blank\" rel=\"noopener\">un acteur a d\u00e9j\u00e0 donn\u00e9 quelques d\u00e9tails juteux sur son personnage.<\/a> Ce prochain film sera aussi l&rsquo;occasion de rendre hommage \u00e0 <a href=\"https:\/\/www.programme-tv.net\/news\/people\/361550-maggie-smith-inoubliable-actrice-de-la-saga-harry-potter-est-morte-a-89-ans\/\" data-api-deeplink=\"teleloisirs:\/\/news\/361550\" target=\"_blank\" rel=\"noopener\">Maggie Smith, morte en septembre dernier \u00e0 l&rsquo;\u00e2ge de 89 ans.<\/a><\/p>\n<p>                        Laura Carmichael et Michael C. Fox, un couple de Downton Abbey discret sur sa vie priv\u00e9e<\/p>\n<p>Tr\u00e8s discr\u00e8te sur sa vie priv\u00e9e, Laura Carmichael a tout de m\u00eame fait quelques confidences au magazine Town and Country o\u00f9 elle a d\u00e9clar\u00e9 : \u00ab\u00a0Quand on peut travailler et qu&rsquo;on aime \u00e7a, c&rsquo;est une telle joie. Je suis tomb\u00e9e amoureuse et je me suis fait de merveilleux amis. Quelle chance j&rsquo;ai ?\u00a0\u00bb De son c\u00f4t\u00e9, Michael C. Fox a confi\u00e9 au Sunday Post : \u00ab\u00a0Nous essayons de ne pas trop parler de notre histoire d&rsquo;amour en dehors de notre vie priv\u00e9e \u2013 et c&rsquo;\u00e9tait pareil sur le plateau. C&rsquo;\u00e9tait juste professionnel.\u00a0\u00bb<\/p>\n<p>Article \u00e9crit avec la collaboration de 6m\u00e9dias.<\/p>\n","protected":false},"excerpt":{"rendered":"Deux acteurs de la s\u00e9rie Downton Abbey sont en couple depuis un petit moment. Ensemble, ils ont un&hellip;\n","protected":false},"author":2,"featured_media":17108,"comment_status":"","ping_status":"","sticky":false,"template":"","format":"standard","meta":{"footnotes":""},"categories":[1359],"tags":[6928,244,6924,58,6932,6930,59,1011,27,6926,6929,6931,6925,127,973,1722,129,6927],"class_list":{"0":"post-17107","1":"post","2":"type-post","3":"status-publish","4":"format-standard","5":"has-post-thumbnail","7":"category-people","8":"tag-channel_interviews","9":"tag-commentaire","10":"tag-couples-de-stars","11":"tag-divertissement","12":"tag-downton-abbey","13":"tag-elizabeth-mcgovern","14":"tag-entertainment","15":"tag-fr","16":"tag-france","17":"tag-guid_6088961398001","18":"tag-hugh-bonneville","19":"tag-jim-carter","20":"tag-laura-carmichael","21":"tag-netflix","22":"tag-people","23":"tag-pub-streaming-netflix","24":"tag-svod","25":"tag-uuid_49487fb8-07aa-474c-8d20-127ea056000c"},"share_on_mastodon":{"url":"https:\/\/pubeurope.com\/@fr\/114318984099599718","error":""},"_links":{"self":[{"href":"https:\/\/www.europesays.com\/fr\/wp-json\/wp\/v2\/posts\/17107","targetHints":{"allow":["GET"]}}],"collection":[{"href":"https:\/\/www.europesays.com\/fr\/wp-json\/wp\/v2\/posts"}],"about":[{"href":"https:\/\/www.europesays.com\/fr\/wp-json\/wp\/v2\/types\/post"}],"author":[{"embeddable":true,"href":"https:\/\/www.europesays.com\/fr\/wp-json\/wp\/v2\/users\/2"}],"replies":[{"embeddable":true,"href":"https:\/\/www.europesays.com\/fr\/wp-json\/wp\/v2\/comments?post=17107"}],"version-history":[{"count":0,"href":"https:\/\/www.europesays.com\/fr\/wp-json\/wp\/v2\/posts\/17107\/revisions"}],"wp:featuredmedia":[{"embeddable":true,"href":"https:\/\/www.europesays.com\/fr\/wp-json\/wp\/v2\/media\/17108"}],"wp:attachment":[{"href":"https:\/\/www.europesays.com\/fr\/wp-json\/wp\/v2\/media?parent=17107"}],"wp:term":[{"taxonomy":"category","embeddable":true,"href":"https:\/\/www.europesays.com\/fr\/wp-json\/wp\/v2\/categories?post=17107"},{"taxonomy":"post_tag","embeddable":true,"href":"https:\/\/www.europesays.com\/fr\/wp-json\/wp\/v2\/tags?post=17107"}],"curies":[{"name":"wp","href":"https:\/\/api.w.org\/{rel}","templated":true}]}}