{"id":171081,"date":"2025-06-12T15:12:12","date_gmt":"2025-06-12T15:12:12","guid":{"rendered":"https:\/\/www.europesays.com\/fr\/171081\/"},"modified":"2025-06-12T15:12:12","modified_gmt":"2025-06-12T15:12:12","slug":"la-ville-et-leurometropole-de-strasbourg-se-joignent-a-lappel-europeen-en-faveur-dune-nouvelle-ere-de-gouvernance-de-lunion-europeenne","status":"publish","type":"post","link":"https:\/\/www.europesays.com\/fr\/171081\/","title":{"rendered":"La Ville et l\u2019Eurom\u00e9tropole de Strasbourg se joignent \u00e0 l&rsquo;appel europ\u00e9en en faveur d&rsquo;une nouvelle \u00e8re de gouvernance de l&rsquo;Union europ\u00e9enne"},"content":{"rendered":"<p class=\"st-surtitre\">\n            La Ville et l\u2019Eurom\u00e9tropole de Strasbourg se joignent aux maires et dirigeants r\u00e9gionaux de plus de 80 villes, r\u00e9gions et 12 r\u00e9seaux \u00e0 travers l&rsquo;Europe pour appeler \u00e0 une nouvelle \u00e8re dans la gouvernance de l&rsquo;Union europ\u00e9enne (UE) qui reconna\u00eet les gouvernements locaux et r\u00e9gionaux comme des partenaires essentiels pour fa\u00e7onner l&rsquo;avenir de l&rsquo;Europe.\n        <\/p>\n<p>Initi\u00e9e par les villes de Malm\u00f6 et de Fribourg, respectivement pr\u00e9sidentes mondiale et europ\u00e9enne du Conseil international pour les initiatives \u00e9cologiques locales (ICLEI), cette lettre commune souligne que les autorit\u00e9s locales, qui sont responsables de la mise en \u0153uvre de pr\u00e8s de 70 % de la l\u00e9gislation du Pacte vert europ\u00e9en et de 69 % des d\u00e9penses publiques li\u00e9es au climat, jouent un r\u00f4le central dans la mise en \u0153uvre de changements concrets et ne doivent pas \u00eatre mises \u00e0 l&rsquo;\u00e9cart des processus politiques europ\u00e9ens.\u00a0<\/p>\n<p>Les \u00e9lus locaux de toute l&rsquo;Union europ\u00e9enne, notamment de Barcelone, Vienne, Rotterdam, Wroclaw et Strasbourg, appellent \u00e0 passer de la consultation \u00e0 une v\u00e9ritable collaboration au niveau europ\u00e9en, en saisissant l&rsquo;occasion cruciale que repr\u00e9sentent les pr\u00e9paratifs du prochain budget septennal pour investir dans le d\u00e9veloppement r\u00e9gional, la coh\u00e9sion sociale et l&rsquo;innovation.<\/p>\n<p>Martin W.W. Horn, maire de Fribourg, en Allemagne : \u00ab\u00a0Les sondages d&rsquo;opinion montrent que les collectivit\u00e9s locales sont le niveau de gouvernance qui inspire le plus confiance. Cette confiance se gagne chaque jour en impliquant les citoyens dans les questions qui leur tiennent le plus \u00e0 c\u0153ur. Si l&rsquo;Europe veut apporter les changements transformateurs dont nos communaut\u00e9s ont urgemment besoin, les collectivit\u00e9s locales et r\u00e9gionales doivent \u00eatre dot\u00e9es du mandat, de la reconnaissance et des ressources n\u00e9cessaires pour les concevoir et les mettre en \u0153uvre. Une \u00e9laboration efficace des politiques de l&rsquo;UE ne consiste pas \u00e0 centraliser les responsabilit\u00e9s, mais \u00e0 les partager avec ceux qui sont les mieux plac\u00e9s pour comprendre les besoins sur le terrain. C&rsquo;est ainsi que nous pourrons cr\u00e9er une Europe prosp\u00e8re et r\u00e9siliente, ancr\u00e9e dans ses territoires et \u00e0 l&rsquo;\u00e9coute de ses citoyens.\u00a0\u00bb<\/p>\n<p>La lettre exhorte la Commission europ\u00e9enne, le Conseil et le Parlement \u00e0 reconna\u00eetre les collectivit\u00e9s locales et r\u00e9gionales comme des partenaires cl\u00e9s en \u00e9tablissant d\u00e8s le d\u00e9part des dialogues structur\u00e9s et permanents incluant la d\u00e9finition des priorit\u00e9s, la co-conception des politiques, le financement et la mise en \u0153uvre. Elle invite \u00e9galement les institutions europ\u00e9ennes \u00e0 int\u00e9grer les retours d&rsquo;exp\u00e9rience des collectivit\u00e9s locales et r\u00e9gionales tout au long du processus l\u00e9gislatif afin de garantir des r\u00e9sultats plus efficaces et mieux fond\u00e9s.<br \/>En tant que moteurs de la transformation de l&rsquo;Europe dans des domaines tels que le logement durable, l&rsquo;\u00e9nergie propre, l&rsquo;innovation num\u00e9rique, les infrastructures et la sant\u00e9 publique, les collectivit\u00e9s locales et r\u00e9gionales soulignent que les financements de l&rsquo;UE doivent r\u00e9pondre aux besoins des communaut\u00e9s. Un r\u00f4le plus important des collectivit\u00e9s locales et r\u00e9gionales dans la prise de d\u00e9cision est \u00e9galement essentiel pour transformer les ambitions europ\u00e9ennes en changements durables dans les communaut\u00e9s.<\/p>\n<p>Katrin Stjernfeldt Jammeh, maire de Malm\u00f6, en Su\u00e8de : \u00ab\u00a0Comme l&rsquo;a d\u00e9clar\u00e9 la pr\u00e9sidente de la Commission europ\u00e9enne, Mme von der Leyen, le statu quo n&rsquo;est plus une option. Nous ne pouvons pas nous permettre de continuer comme si de rien n&rsquo;\u00e9tait ni de laisser le potentiel local et r\u00e9gional inexploit\u00e9. Les collectivit\u00e9s locales et r\u00e9gionales ne sont pas seulement des prestataires de services locaux, elles sont aussi des investisseurs majeurs dans l&rsquo;\u00e9conomie europ\u00e9enne et la transition verte. Elles sont des laboratoires et des moteurs de progr\u00e8s, elles investissent des milliards dans les infrastructures, les services sociaux et publics qui permettent aux entreprises de s&rsquo;implanter, d&rsquo;op\u00e9rer et de prosp\u00e9rer. \u00a0Nos villes et nos r\u00e9gions sont les moteurs de la cr\u00e9ation d&#8217;emplois, de la r\u00e9silience et de la comp\u00e9titivit\u00e9 de l&rsquo;Europe, et il est temps que la gouvernance de l&rsquo;UE en tienne compte\u00a0\u00bb.\u00a0<\/p>\n<p>Parmi les signataires figurent les maires, adjoints au maire et pr\u00e9sidents de Barcelone, de Grenoble-Alpes m\u00e9tropole, de Pescara, de Mannheim, de Rotterdam, d&rsquo;Utrecht, de Tallinn, de Budapest, de Braga, de la Ville et l\u2019Eurom\u00e9tropole de Strasbourg, de Matosinhos, de Cascais, d&rsquo;Aalborg, Turku, V\u00e4xj\u00f6, Vitoria-Gasteiz, Katerini et Wroclaw, ainsi que des repr\u00e9sentants de la m\u00e9tropole verte d\u2019Arnhem-Nijmegen et de la province de Noord-Holland. Des r\u00e9seaux europ\u00e9ens, notamment Eurocities, ACR+, Fedarene, Climate Alliance et CEMR, ont \u00e9galement approuv\u00e9 cette initiative.<\/p>\n<p>ICLEI Europe est le secr\u00e9tariat europ\u00e9en d&rsquo;ICLEI &#8211; Local Governments for Sustainability \/ Conseil international pour les initiatives \u00e9cologiques locales, un r\u00e9seau mondial de plus de 2 500 collectivit\u00e9s locales et r\u00e9gionales engag\u00e9es dans le d\u00e9veloppement urbain durable. ICLEI Europe aide les collectivit\u00e9s locales \u00e0 b\u00e2tir des communaut\u00e9s plus durables, plus r\u00e9silientes et plus \u00e9quitables.<br \/>\u00a0<\/p>\n","protected":false},"excerpt":{"rendered":"La Ville et l\u2019Eurom\u00e9tropole de Strasbourg se joignent aux maires et dirigeants r\u00e9gionaux de plus de 80 villes,&hellip;\n","protected":false},"author":2,"featured_media":171082,"comment_status":"","ping_status":"","sticky":false,"template":"","format":"standard","meta":{"footnotes":""},"categories":[1586],"tags":[11,1777,674,21364,1011,27,12,25,640],"class_list":{"0":"post-171081","1":"post","2":"type-post","3":"status-publish","4":"format-standard","5":"has-post-thumbnail","7":"category-europe","8":"tag-actualites","9":"tag-eu","10":"tag-europe","11":"tag-europe-et-international","12":"tag-fr","13":"tag-france","14":"tag-news","15":"tag-republique-francaise","16":"tag-strasbourg"},"share_on_mastodon":{"url":"https:\/\/pubeurope.com\/@fr\/114671042192447554","error":""},"_links":{"self":[{"href":"https:\/\/www.europesays.com\/fr\/wp-json\/wp\/v2\/posts\/171081","targetHints":{"allow":["GET"]}}],"collection":[{"href":"https:\/\/www.europesays.com\/fr\/wp-json\/wp\/v2\/posts"}],"about":[{"href":"https:\/\/www.europesays.com\/fr\/wp-json\/wp\/v2\/types\/post"}],"author":[{"embeddable":true,"href":"https:\/\/www.europesays.com\/fr\/wp-json\/wp\/v2\/users\/2"}],"replies":[{"embeddable":true,"href":"https:\/\/www.europesays.com\/fr\/wp-json\/wp\/v2\/comments?post=171081"}],"version-history":[{"count":0,"href":"https:\/\/www.europesays.com\/fr\/wp-json\/wp\/v2\/posts\/171081\/revisions"}],"wp:featuredmedia":[{"embeddable":true,"href":"https:\/\/www.europesays.com\/fr\/wp-json\/wp\/v2\/media\/171082"}],"wp:attachment":[{"href":"https:\/\/www.europesays.com\/fr\/wp-json\/wp\/v2\/media?parent=171081"}],"wp:term":[{"taxonomy":"category","embeddable":true,"href":"https:\/\/www.europesays.com\/fr\/wp-json\/wp\/v2\/categories?post=171081"},{"taxonomy":"post_tag","embeddable":true,"href":"https:\/\/www.europesays.com\/fr\/wp-json\/wp\/v2\/tags?post=171081"}],"curies":[{"name":"wp","href":"https:\/\/api.w.org\/{rel}","templated":true}]}}