{"id":171083,"date":"2025-06-12T15:13:10","date_gmt":"2025-06-12T15:13:10","guid":{"rendered":"https:\/\/www.europesays.com\/fr\/171083\/"},"modified":"2025-06-12T15:13:10","modified_gmt":"2025-06-12T15:13:10","slug":"la-commissaire-europeenne-albuquerque-plaide-en-faveur-de-linvestissement-dans-lepargne-a-risque","status":"publish","type":"post","link":"https:\/\/www.europesays.com\/fr\/171083\/","title":{"rendered":"La commissaire europ\u00e9enne Albuquerque plaide en faveur de l&rsquo;investissement dans l&rsquo;\u00e9pargne \u00e0 risque"},"content":{"rendered":"<p>\n         Publi\u00e9 le<br \/>\n            12\/06\/2025 &#8211; 17:00 UTC+2<\/p>\n<p><img decoding=\"async\" class=\"c-ad__placeholder__logo\" src=\"https:\/\/static.euronews.com\/website\/images\/logos\/logo-euronews-grey-6-180x22.svg\" width=\"180\" height=\"22\" alt=\"\" loading=\"lazy\"\/>PUBLICIT\u00c9<\/p>\n<p>L&rsquo;Union de l&rsquo;\u00e9pargne et de l&rsquo;investissement est \u00ab\u00a0une id\u00e9e qui cherche \u00e0 cr\u00e9er des opportunit\u00e9s pour que l&rsquo;\u00e9pargne des gens soit investie avec un rendement plus \u00e9lev\u00e9, en particulier lorsque nous pensons \u00e0 l&rsquo;\u00e9pargne \u00e0 long terme\u00a0\u00bb, a-t-elle d\u00e9clar\u00e9.<\/p>\n<p>\u00ab\u00a0Nous recommanderons aux \u00c9tats membres de cr\u00e9er un compte d&rsquo;\u00e9pargne et d&rsquo;investissement qui offrira une s\u00e9rie d&rsquo;options d&rsquo;investissement simples, peu co\u00fbteuses (&#8230;) et assorties d&rsquo;incitations fiscales, afin que les gens se sentent plus attir\u00e9s par ce type d&rsquo;investissement\u00a0\u00bb.<\/p>\n<p>L&rsquo;investissement sur le march\u00e9 des capitaux comporte des risques<\/p>\n<p>La commissaire europ\u00e9enne reconna\u00eet que l&rsquo;alternative aux d\u00e9p\u00f4ts \u00e0 terme est l&rsquo;investissement dans des produits financiers plus risqu\u00e9s, \u00e0 moyen et long terme.<\/p>\n<p>\u00ab\u00a0Nous recommanderons aux \u00c9tats membres de cr\u00e9er ces comptes, dans lesquels les produits propos\u00e9s sont \u00e9videmment adapt\u00e9s au profil de l\u2019investisseur particulier. Mais oui, l&rsquo;investissement sur le march\u00e9 des capitaux comporte des risques. Il n&rsquo;y a pas de garantie de capital\u00a0\u00bb.<\/p>\n<p>Mais s&rsquo;il s&rsquo;agit d&rsquo;un d\u00e9p\u00f4t \u00e0 faible taux d&rsquo;int\u00e9r\u00eat, les clients de la banque perdent de l&rsquo;argent en raison de l&rsquo;inflation.<\/p>\n<p>\u00ab\u00a0Ils ne s\u2019en rendent probablement pas compte. En effet, si nous pla\u00e7ons 1 000 euros sur un compte \u00e9pargne, \u00e0 la fin de l\u2019ann\u00e9e, nous aurons toujours ces 1 000 euros, plus les int\u00e9r\u00eats. En r\u00e9alit\u00e9, c&rsquo;est qu&rsquo;avec ces 1 000 euros, nous pouvons acheter moins de choses. Lorsque l&rsquo;on dit que l&rsquo;argent est perdu dans les comptes \u00e9pargne, il ne s&rsquo;agit pas d&rsquo;une perte du montant en euros, mais de ce que l&rsquo;on peut acheter avec ces derniers. Il s&rsquo;agit donc d&rsquo;une perte et d&rsquo;un gaspillage de l&rsquo;effort d&rsquo;\u00e9pargne\u00a0\u00bb, a soulign\u00e9 Maria Lu\u00eds Albuquerque.<\/p>\n<p>Non au protectionnisme dans le secteur bancaire<\/p>\n<p>En ce qui concerne les positions protectionnistes de certains gouvernements de l&rsquo;UE en mati\u00e8re de fusions et d&rsquo;acquisitions de banques \u00e9trang\u00e8res, comme c&rsquo;est le cas au Portugal, la commissaire europ\u00e9enne nous met en garde.<\/p>\n<p>\u00ab\u00a0Il existe en fait des attitudes protectionnistes tr\u00e8s ax\u00e9es sur une perspective nationale. J&rsquo;ai dit que nous devions changer notre fa\u00e7on de penser et que nous devions comprendre que national signifie europ\u00e9en\u00a0\u00bb, a-t-elle d\u00e9clar\u00e9.<\/p>\n<p>\u00ab\u00a0La Commission, comme vous le savez, ne commente jamais les cas sp\u00e9cifiques. Mais en ce qui concerne les questions bancaires, nous avons mis en place une union bancaire qui concerne d\u00e9j\u00e0 tous les pays de la zone euro et dans laquelle sont d\u00e9finies les r\u00e8gles \u00e0 suivre pour les fusions et acquisitions d&rsquo;institutions bancaires. C&rsquo;est la Banque centrale europ\u00e9enne, l&rsquo;autorit\u00e9 de surveillance comp\u00e9tente et les autorit\u00e9s de la concurrence qui doivent se prononcer sur toute op\u00e9ration sp\u00e9cifique\u00a0\u00bb.<\/p>\n<p>Fusions dans le secteur bancaire europ\u00e9en ?<\/p>\n<p>Les entreprises et les banques europ\u00e9ennes doivent \u00eatre plus grandes et gagner en envergure pour rivaliser avec les \u00c9tats-Unis et d&rsquo;autres r\u00e9gions, affirme Maria Lu\u00eds Albuquerque.<\/p>\n<p>\u00ab\u00a0Pour que nous puissions rivaliser avec les \u00c9tats-Unis, la Chine et les grands blocs internationaux, nous avons besoin d&rsquo;une force qui repr\u00e9sente l&rsquo;Union europ\u00e9enne dans son ensemble et non pas chacun des \u00c9tats membres s\u00e9par\u00e9ment.<\/p>\n<p>\u00ab\u00a0Parce qu&rsquo;aucun d&rsquo;entre nous n&rsquo;est assez grand, m\u00eame les plus grands, ou assez puissant pour faire face \u00e0 ce niveau de concurrence. C&rsquo;est pourquoi nous avons besoin d&rsquo;entreprises et de banques capables de rivaliser avec les grandes institutions financi\u00e8res mondiales pour offrir des services plus nombreux et de meilleure qualit\u00e9, \u00e0 des prix plus comp\u00e9titifs\u00a0\u00bb, a expliqu\u00e9 Maria Lu\u00eds Albuquerque.<\/p>\n","protected":false},"excerpt":{"rendered":"Publi\u00e9 le 12\/06\/2025 &#8211; 17:00 UTC+2 PUBLICIT\u00c9 L&rsquo;Union de l&rsquo;\u00e9pargne et de l&rsquo;investissement est \u00ab\u00a0une id\u00e9e qui cherche&hellip;\n","protected":false},"author":2,"featured_media":171084,"comment_status":"","ping_status":"","sticky":false,"template":"","format":"standard","meta":{"footnotes":""},"categories":[1586],"tags":[11,4282,2196,30559,1777,674,1779,1011,27,399,12,17749,25,1778,364],"class_list":{"0":"post-171083","1":"post","2":"type-post","3":"status-publish","4":"format-standard","5":"has-post-thumbnail","7":"category-europe","8":"tag-actualites","9":"tag-banques","10":"tag-commission-europeenne","11":"tag-economie-europeenne","12":"tag-eu","13":"tag-europe","14":"tag-european-union","15":"tag-fr","16":"tag-france","17":"tag-investissement","18":"tag-news","19":"tag-politique-europeenne","20":"tag-republique-francaise","21":"tag-ue","22":"tag-union-europeenne"},"share_on_mastodon":{"url":"https:\/\/pubeurope.com\/@fr\/114671046366219342","error":""},"_links":{"self":[{"href":"https:\/\/www.europesays.com\/fr\/wp-json\/wp\/v2\/posts\/171083","targetHints":{"allow":["GET"]}}],"collection":[{"href":"https:\/\/www.europesays.com\/fr\/wp-json\/wp\/v2\/posts"}],"about":[{"href":"https:\/\/www.europesays.com\/fr\/wp-json\/wp\/v2\/types\/post"}],"author":[{"embeddable":true,"href":"https:\/\/www.europesays.com\/fr\/wp-json\/wp\/v2\/users\/2"}],"replies":[{"embeddable":true,"href":"https:\/\/www.europesays.com\/fr\/wp-json\/wp\/v2\/comments?post=171083"}],"version-history":[{"count":0,"href":"https:\/\/www.europesays.com\/fr\/wp-json\/wp\/v2\/posts\/171083\/revisions"}],"wp:featuredmedia":[{"embeddable":true,"href":"https:\/\/www.europesays.com\/fr\/wp-json\/wp\/v2\/media\/171084"}],"wp:attachment":[{"href":"https:\/\/www.europesays.com\/fr\/wp-json\/wp\/v2\/media?parent=171083"}],"wp:term":[{"taxonomy":"category","embeddable":true,"href":"https:\/\/www.europesays.com\/fr\/wp-json\/wp\/v2\/categories?post=171083"},{"taxonomy":"post_tag","embeddable":true,"href":"https:\/\/www.europesays.com\/fr\/wp-json\/wp\/v2\/tags?post=171083"}],"curies":[{"name":"wp","href":"https:\/\/api.w.org\/{rel}","templated":true}]}}