{"id":171089,"date":"2025-06-12T15:16:10","date_gmt":"2025-06-12T15:16:10","guid":{"rendered":"https:\/\/www.europesays.com\/fr\/171089\/"},"modified":"2025-06-12T15:16:10","modified_gmt":"2025-06-12T15:16:10","slug":"la-menace-dorages-violents-a-paris-et-en-ile-de-france-se-precise-la-vigilance-meteo-declenchee","status":"publish","type":"post","link":"https:\/\/www.europesays.com\/fr\/171089\/","title":{"rendered":"La menace d&rsquo;orages violents \u00e0 Paris et en \u00cele-de-France se pr\u00e9cise, la vigilance m\u00e9t\u00e9o d\u00e9clench\u00e9e"},"content":{"rendered":"<p>            Par<br \/>\n        <strong><br \/>\n            <a href=\"https:\/\/actu.fr\/auteur\/thomas-martin\" title=\"Consulter tous les articles de Thomas Martin\" target=\"_blank\" rel=\"noopener\">Thomas Martin<\/a><br \/>\n        <\/strong><\/p>\n<p>        Publi\u00e9 le<\/p>\n<p>            12 juin 2025 \u00e0 17h08        <\/p>\n<p>Avec le <a href=\"https:\/\/actu.fr\/meteo\/pic-de-chaleur-et-orages-a-paris-et-en-ile-de-france-voici-les-secteurs-concernes-selon-meteo-france_62754245.html\" target=\"_blank\" rel=\"noopener\">pic de chaleur<\/a> annonc\u00e9 \u00e0 Paris et en \u00cele-de-France, la menace des <a href=\"https:\/\/actu.fr\/tag\/orages\" target=\"_blank\" rel=\"noopener\">orages<\/a> \u00e9tait \u00e9galement bien pr\u00e9sente. Elle se pr\u00e9cise de plus en plus et <a href=\"https:\/\/actu.fr\/tag\/meteo-france\" target=\"_blank\" rel=\"noopener\">M\u00e9t\u00e9o-France<\/a> a plac\u00e9 l\u2019ensemble de la r\u00e9gion en <strong>vigilance jaune<\/strong> \u00e0 partir du vendredi 13 juin en d\u00e9but d\u2019apr\u00e8s-midi. Les pr\u00e9visions.<\/p>\n<p>Des orages potentiellement forts avec des chutes de gr\u00eale<\/p>\n<p class=\" wall-content\">Ce jeudi, le thermom\u00e8tre flirte avec les 32\u00b0C dans la capitale et les temp\u00e9ratures resteront encore \u00e9lev\u00e9s ce soir dans la r\u00e9gion mais sans d\u00e9gradation du temps. Le temps sera \u00e0 nouveau ensoleill\u00e9 en \u00cele-de-France vendredi et les temp\u00e9ratures semblables \u00e0 celles de ce jeudi.\u00a0<\/p>\n<p class=\" wall-content\">Mais, selon M\u00e9t\u00e9o-France, en fin de journ\u00e9e, une d\u00e9gradation orageuse marqu\u00e9e est attendue des Pays de la Loire \u00e0 la Normandie, au bassin parisien et aux Hauts-de-France : \u00ab\u00a0ces orages pourront \u00eatre forts avec des chutes de gr\u00eale, de fortes rafales et d\u2019intenses pluies\u00a0\u00bb.\u00a0<\/p>\n<p class=\" wall-content\">La quantit\u00e9 de pr\u00e9cipitations pr\u00e9vue est de l\u2019ordre de 10 millim\u00e8tres \u00e0 Paris. Les orages pourront \u00eatre accompagn\u00e9s de rafales atteignant 65 km\/h, localement, en fin d\u2019apr\u00e8s-midi.<\/p>\n<p class=\" wall-content\">Le temps devrait toujours \u00eatre agit\u00e9 samedi. Le matin, il devrait \u00eatre couvert avec des pluies prenant un caract\u00e8re orageux. La hauteur de pr\u00e9cipitations pr\u00e9vue est de 2 millim\u00e8tres \u00e0 Paris.\u00a0Des orages sont encore possibles l\u2019apr\u00e8s-midi avec 3 millim\u00e8tres de pr\u00e9cipitations dans la capitale.\u00a0<\/p>\n<p>Vid\u00e9os : en ce moment sur Actu<\/p>\n<p class=\" wall-content\">\n<p class=\" wall-content\">Il devrait falloir attendre vraiment dimanche pour profiter d\u2019un temps \u00e0 nouveau calme.\u00a0<\/p>\n<p class=\" wall-content\">Suivez toute l\u2019actualit\u00e9 de vos villes et m\u00e9dias favoris en vous inscrivant \u00e0 <a href=\"https:\/\/moncompte.actu.fr\" title=\"D\u00e9couvez Mon Actu\" rel=\"nofollow noopener\" data-trk=\"{&quot;cta&quot;:{&quot;action&quot;:&quot;https:\\\/\\\/moncompte.actu.fr&quot;,&quot;category&quot;:&quot;mon compte&quot;,&quot;from&quot;:&quot;article footer&quot;,&quot;name&quot;:&quot;Mon actu&quot;,&quot;type&quot;:&quot;cta&quot;}}\" target=\"_blank\">Mon Actu<\/a>.<\/p>\n","protected":false},"excerpt":{"rendered":"Par Thomas Martin Publi\u00e9 le 12 juin 2025 \u00e0 17h08 Avec le pic de chaleur annonc\u00e9 \u00e0 Paris&hellip;\n","protected":false},"author":2,"featured_media":171090,"comment_status":"","ping_status":"","sticky":false,"template":"","format":"standard","meta":{"footnotes":""},"categories":[4],"tags":[11,1011,27,2487,2357,12,4594,25],"class_list":{"0":"post-171089","1":"post","2":"type-post","3":"status-publish","4":"format-standard","5":"has-post-thumbnail","7":"category-france","8":"tag-actualites","9":"tag-fr","10":"tag-france","11":"tag-meteo","12":"tag-meteo-france","13":"tag-news","14":"tag-orages","15":"tag-republique-francaise"},"share_on_mastodon":{"url":"https:\/\/pubeurope.com\/@fr\/114671058185227882","error":""},"_links":{"self":[{"href":"https:\/\/www.europesays.com\/fr\/wp-json\/wp\/v2\/posts\/171089","targetHints":{"allow":["GET"]}}],"collection":[{"href":"https:\/\/www.europesays.com\/fr\/wp-json\/wp\/v2\/posts"}],"about":[{"href":"https:\/\/www.europesays.com\/fr\/wp-json\/wp\/v2\/types\/post"}],"author":[{"embeddable":true,"href":"https:\/\/www.europesays.com\/fr\/wp-json\/wp\/v2\/users\/2"}],"replies":[{"embeddable":true,"href":"https:\/\/www.europesays.com\/fr\/wp-json\/wp\/v2\/comments?post=171089"}],"version-history":[{"count":0,"href":"https:\/\/www.europesays.com\/fr\/wp-json\/wp\/v2\/posts\/171089\/revisions"}],"wp:featuredmedia":[{"embeddable":true,"href":"https:\/\/www.europesays.com\/fr\/wp-json\/wp\/v2\/media\/171090"}],"wp:attachment":[{"href":"https:\/\/www.europesays.com\/fr\/wp-json\/wp\/v2\/media?parent=171089"}],"wp:term":[{"taxonomy":"category","embeddable":true,"href":"https:\/\/www.europesays.com\/fr\/wp-json\/wp\/v2\/categories?post=171089"},{"taxonomy":"post_tag","embeddable":true,"href":"https:\/\/www.europesays.com\/fr\/wp-json\/wp\/v2\/tags?post=171089"}],"curies":[{"name":"wp","href":"https:\/\/api.w.org\/{rel}","templated":true}]}}