{"id":171097,"date":"2025-06-12T15:22:16","date_gmt":"2025-06-12T15:22:16","guid":{"rendered":"https:\/\/www.europesays.com\/fr\/171097\/"},"modified":"2025-06-12T15:22:16","modified_gmt":"2025-06-12T15:22:16","slug":"bastianini-decu-des-nouveautes-ktm-je-mattendais-a-beaucoup-plus","status":"publish","type":"post","link":"https:\/\/www.europesays.com\/fr\/171097\/","title":{"rendered":"Bastianini d\u00e9\u00e7u des nouveaut\u00e9s KTM\u00a0:\u00a0\u00ab\u00a0Je m&rsquo;attendais \u00e0 beaucoup plus\u00a0\u00bb"},"content":{"rendered":"<p>Des moments difficiles, <a href=\"https:\/\/fr.motorsport.com\/driver\/enea-bastianini\/109398\/\" target=\"_blank\" rel=\"noopener\">Enea Bastianini<\/a> en a d\u00e9j\u00e0 connu dans sa carri\u00e8re, et ce il y a encore r\u00e9cemment. La saison 2023 avait en effet \u00e9t\u00e9 particuli\u00e8rement \u00e9prouvante pour lui, alors qu&rsquo;il d\u00e9butait dans son r\u00f4le de pilote officiel Ducati et avait \u00e9t\u00e9 bless\u00e9 d&#8217;embl\u00e9e, en plus d&rsquo;avoir du mal \u00e0 prendre ses marques. Il avait fallu attendre la fin de l&rsquo;ann\u00e9e et sa victoire en Malaisie pour enfin lancer une bien meilleure dynamique.<\/p>\n<p>Le d\u00e9fi auquel Bastianini est confront\u00e9 cette ann\u00e9e est toutefois d&rsquo;un tout autre niveau. Sa condition physique n&rsquo;est aucunement en cause dans sa 15e place au <a href=\"https:\/\/fr.motorsport.com\/motogp\/news\/championnat-marquez-envole-bagnaia-trois-ans\/10730647\/\" target=\"_self\" rel=\"noopener\">championnat<\/a> et son maigre butin de 35 points. L&rsquo;Italien est \u00e0 la peine dans son adaptation \u00e0 la KTM, affichant des performances et un \u00e9tat d&rsquo;esprit qui contrastent fortement avec ceux de son co\u00e9quipier, <a href=\"https:\/\/fr.motorsport.com\/driver\/maverick-vinales\/96553\/\" target=\"_blank\" rel=\"noopener\">Maverick Vi\u00f1ales<\/a>, pourtant lui aussi arriv\u00e9 dans le groupe autrichien cette ann\u00e9e.<\/p>\n<p>Lire aussi :<\/p>\n<p>Reboost\u00e9 par sa r\u00e9cente visite \u00e0 Mattighofen, on pouvait comprendre que Bastianini attendait avec impatience le test de lundi, au MotorLand Arag\u00f3n, une des tr\u00e8s rares occasions d&rsquo;\u00e9valuer du nouveau mat\u00e9riel dans le courant de la saison. Mais alors que <a href=\"https:\/\/fr.motorsport.com\/motogp\/news\/ktm-veritable-test-positif-aerodynamique-aragon\/10731218\/\" target=\"_self\" rel=\"noopener\">les conclusions dress\u00e9es par les autres pilotes de la marque<\/a>\u00a0se sont r\u00e9v\u00e9l\u00e9es positives, Bastianini a regrett\u00e9 ne pas avoir re\u00e7u la seule pi\u00e8ce qu&rsquo;il avait demand\u00e9e, une nouvelle selle.<\/p>\n<p>\u00ab\u00a0La selle n&rsquo;\u00e9tait pas l\u00e0. Elle n&rsquo;est malheureusement pas encore arriv\u00e9e, mais on a test\u00e9 plusieurs car\u00e9nages. Il y a eu des choses qui ont fonctionn\u00e9 un peu mieux. Cet apr\u00e8s-midi, par contre, j&rsquo;ai essay\u00e9 des r\u00e9glages qui ne m&rsquo;ont pas plu. Malheureusement, je ne peux pas \u00eatre tr\u00e8s content du test\u00a0\u00bb, expliquait lundi Enea Bastianini, ajoutant\u00a0:\u00a0\u00ab\u00a0Je m&rsquo;attendais \u00e0 beaucoup plus.\u00a0\u00bb<\/p>\n<p>\u00ab\u00a0Tous les pilotes ont des demandes diff\u00e9rentes. Je pense que certaines pi\u00e8ces de la moto requi\u00e8rent plus de temps que d&rsquo;autres. Il est plus facile de fournir vite des car\u00e9nages, comme ceux qu&rsquo;on a essay\u00e9s aujourd&rsquo;hui, mais pour un ch\u00e2ssis, un bras oscillant ou quoi que ce soit de diff\u00e9rent, il faut du temps et pour le moment on n&rsquo;a rien \u00e0 essayer dans ces choses-l\u00e0.\u00a0\u00bb<\/p>\n<p>   <img decoding=\"async\" draggable=\"false\" src=\"https:\/\/www.europesays.com\/fr\/wp-content\/uploads\/2025\/06\/enea-bastianini-red-bull-ktm-t.jpg\" alt=\"Enea Bastianini a test\u00e9 des car\u00e9nages, comme les autres pilotes KTM.\" width=\"1200\" height=\"800\" loading=\"lazy\"\/> <\/p>\n<p class=\"title\">Enea Bastianini a test\u00e9 des car\u00e9nages, comme les autres pilotes KTM.<\/p>\n<p class=\"photographer\">Photo de: KTM Images<\/p>\n<p>\u00ab\u00a0Honn\u00eatement, \u00e7a fait un moment que j&rsquo;attends ce test pour voir si on re\u00e7oit quelque chose qui peut m&rsquo;aider dans le pilotage\u00a0\u00bb, avait-il pr\u00e9venu la veille apr\u00e8s la course, qu&rsquo;il avait conclue en 12e position, \u00e0 17 secondes de la premi\u00e8re KTM. Un \u00e9ni\u00e8me Grand Prix difficile pour lui\u00a0:\u00a0\u00ab\u00a0Les sensations \u00e9taient mauvaises, je sentais encore les vibrations \u00e0 l&rsquo;avant, les m\u00eames blocages habituels, et j&rsquo;\u00e9tais tout le temps \u00e0 la limite. Quand on veut se battre avec les autres, on a besoin d&rsquo;\u00eatre agressif en entr\u00e9e de virage et, actuellement, la moto ne me permet pas de le faire.\u00a0\u00bb<\/p>\n<p>Un car\u00e9nage satisfaisant, mais sera-t-il homologu\u00e9 ?<\/p>\n<p>Le temps d\u00e9di\u00e9 \u00e0 ses r\u00e9glages lundi n&rsquo;a donc visiblement pas apport\u00e9 de r\u00e9ponse probante. Quant aux car\u00e9nages que tous les pilotes KTM ont pu tester, ils ont r\u00e9v\u00e9l\u00e9 du mieux. N\u00e9anmoins, l&rsquo;Italien s&rsquo;est dit incertain de pouvoir compter pour le reste de la saison sur le seul package a\u00e9ro qui lui a vraiment plu, une seule nouvelle homologation \u00e9tant possible pour le constructeur.<\/p>\n<p>\u00ab\u00a0Des car\u00e9nages, il y en avait m\u00eame trop\u00a0!\u00a0KTM travaille, c&rsquo;est s\u00fbr, ils nous montrent qu&rsquo;ils sont \u00e0 fond, donc je peux \u00eatre content du travail qu&rsquo;ils r\u00e9alisent. Mais le probl\u00e8me c&rsquo;est que ce qu&rsquo;ils font n&rsquo;est pas adapt\u00e9 \u00e0 ce que je demande. M\u00eame si, il est vrai, qu&rsquo;un car\u00e9nage que j&rsquo;ai essay\u00e9 m&rsquo;a plu\u00a0\u2013\u00a0je ne peux pas dire lequel\u00a0!\u00a0Il y en a un qui m&rsquo;a plu plus que les autres, avec lequel j&rsquo;arrive \u00e0 mieux tourner. \u00c7a a \u00e9t\u00e9 le seul aspect positif de cette journ\u00e9e.\u00a0\u00bb<\/p>\n<p>Bastianini ignorait lundi s&rsquo;il s&rsquo;agissait de la pi\u00e8ce qui a \u00e9galement plu aux autres pilotes.\u00a0\u00ab\u00a0Mais Maverick n&rsquo;a pas fait son chrono uniquement gr\u00e2ce au car\u00e9nage\u00a0\u00bb, a-t-il toutefois rappel\u00e9, alors que son co\u00e9quipier a sign\u00e9 le meilleur temps de ce test, 1&Prime;3 plus rapide que lui.<\/p>\n<p>\u00ab\u00a0Il roule bien, il est tr\u00e8s comp\u00e9titif et au moment o\u00f9 il faut pousser fort, il le fait. Pour moi, c&rsquo;est un gage de confiance mais \u00e7a me pousse aussi \u00e0 me dire &lsquo;Punaise\u00a0!\u00a0Qu&rsquo;est-ce qui m&rsquo;\u00e9chappe\u00a0?&rsquo;. Il y a clairement quelque chose que je n&rsquo;arrive pas \u00e0 faire fonctionner.\u00a0\u00bb<\/p>\n<p>Lire aussi :<\/p>\n<p>Dans cet article<\/p>\n<p>    L\u00e9na Buffa\n<\/p>\n<p>    MotoGP\n<\/p>\n<p>    Enea Bastianini\n<\/p>\n<p>    Tech 3\n<\/p>\n<p>Soyez le premier inform\u00e9 et souscrivez aux alertes mails pour recevoir les infos en temps r\u00e9el<\/p>\n<p>    S&rsquo;abonner aux alertes de news<\/p>\n","protected":false},"excerpt":{"rendered":"Des moments difficiles, Enea Bastianini en a d\u00e9j\u00e0 connu dans sa carri\u00e8re, et ce il y a encore&hellip;\n","protected":false},"author":2,"featured_media":171098,"comment_status":"","ping_status":"","sticky":false,"template":"","format":"standard","meta":{"footnotes":""},"categories":[1413],"tags":[3377,1011,27,1457,1456,1458,26453,60,3374,29118],"class_list":{"0":"post-171097","1":"post","2":"type-post","3":"status-publish","4":"format-standard","5":"has-post-thumbnail","7":"category-moto","8":"tag-enea-bastianini","9":"tag-fr","10":"tag-france","11":"tag-moto","12":"tag-motocycle","13":"tag-motogp","14":"tag-motorland-aragu00f3n","15":"tag-sports","16":"tag-tech-3","17":"tag-test-daragu00f3n"},"share_on_mastodon":{"url":"https:\/\/pubeurope.com\/@fr\/114671081676507126","error":""},"_links":{"self":[{"href":"https:\/\/www.europesays.com\/fr\/wp-json\/wp\/v2\/posts\/171097","targetHints":{"allow":["GET"]}}],"collection":[{"href":"https:\/\/www.europesays.com\/fr\/wp-json\/wp\/v2\/posts"}],"about":[{"href":"https:\/\/www.europesays.com\/fr\/wp-json\/wp\/v2\/types\/post"}],"author":[{"embeddable":true,"href":"https:\/\/www.europesays.com\/fr\/wp-json\/wp\/v2\/users\/2"}],"replies":[{"embeddable":true,"href":"https:\/\/www.europesays.com\/fr\/wp-json\/wp\/v2\/comments?post=171097"}],"version-history":[{"count":0,"href":"https:\/\/www.europesays.com\/fr\/wp-json\/wp\/v2\/posts\/171097\/revisions"}],"wp:featuredmedia":[{"embeddable":true,"href":"https:\/\/www.europesays.com\/fr\/wp-json\/wp\/v2\/media\/171098"}],"wp:attachment":[{"href":"https:\/\/www.europesays.com\/fr\/wp-json\/wp\/v2\/media?parent=171097"}],"wp:term":[{"taxonomy":"category","embeddable":true,"href":"https:\/\/www.europesays.com\/fr\/wp-json\/wp\/v2\/categories?post=171097"},{"taxonomy":"post_tag","embeddable":true,"href":"https:\/\/www.europesays.com\/fr\/wp-json\/wp\/v2\/tags?post=171097"}],"curies":[{"name":"wp","href":"https:\/\/api.w.org\/{rel}","templated":true}]}}