{"id":171103,"date":"2025-06-12T15:25:10","date_gmt":"2025-06-12T15:25:10","guid":{"rendered":"https:\/\/www.europesays.com\/fr\/171103\/"},"modified":"2025-06-12T15:25:10","modified_gmt":"2025-06-12T15:25:10","slug":"video-n-lang-allez-lom-maxifoot","status":"publish","type":"post","link":"https:\/\/www.europesays.com\/fr\/171103\/","title":{"rendered":"VIDEO : N. Lang &#8211; &quot;allez l&#039;OM !&quot; &#8211; Maxifoot"},"content":{"rendered":"<ol>\n<li><a href=\"https:\/\/news.google.com\/rss\/articles\/CBMicEFVX3lxTE5lQjVIRkxnZXg0dlBoeVZpbVVlWGJCRkFzZHVXYXhrUE82b3JzVVN1di1KamFzWVlQVmxDNFpwSmRKZ2tsSjZIdHhxSE9PaFdRd2V4ZEc3bkIxdmx0TGljWENCRnlfSTU4TFlWWEJTNmHSAXBBVV95cUxQYUhCNHpOS0xRajNXbXprMTJWakpYSnRfT3BIdVl6N0dpbGZaY190TmphMnRVcGNPYndkQTR4aEg5Y3Y0b2N6NU1iQW5CVjliTjVERlN6ODdiRE83OW15ZFhyLXBZWk10aEpZOXB3UzZY?oc=5\" target=\"_blank\" rel=\"noopener\">VIDEO : N. Lang &#8211; \u00ab\u00a0allez l&rsquo;OM !\u00a0\u00bb<\/a>&nbsp;&nbsp;Maxifoot<\/li>\n<li><a href=\"https:\/\/news.google.com\/rss\/articles\/CBMiowFBVV95cUxPeEVSOWlSN3pFRzRhMUhMNE1Ja0dhQkx1alRteG1sc3h3LWxKOXFRTlJUTm83bklscjdpWXNIbHFRYjZnc0NCdXF2NEEtSF9vMG9wXzd1OEl6TDczY19tdmh1OFMzdVUwajRXcl9hazk5NEQ0N1I3ZlZrQmhWX0ptamdrU2MtZlBkekJHajR4Y1kwNTZKNFVJekRKN0g3N1dZSVk0?oc=5\" target=\"_blank\" rel=\"noopener\">OM : la vid\u00e9o de Noa Lang qui va plaire aux supporters<\/a>&nbsp;&nbsp;Foot Mercato<\/li>\n<li><a href=\"https:\/\/news.google.com\/rss\/articles\/CBMi0wFBVV95cUxOM2ItVl9zUnhZMHAtaEtYbWVBUFRBeWxwWjVOYlhqbjBUNVViZzBQc3pVdUp6aGlMbld2YVc2OEhqR1pEVFl3QnViaTF5eTUtSWNwM0NYQWdjSTJacmJPSUJlb0ExSmdsSUthRmJNcVMzTVRqbkRoRVdFbjlYbk9aNUdoNjZLWEU2YTU3Y2RMYmNpTXJ3dm9vd1VleVRldmdwWW1qcWtwMWhRY2ZLblI3T0NId21CU282TWg0aVA4WmVoOVpHWjdEcHU5WHBicm9NbGM4?oc=5\" target=\"_blank\" rel=\"noopener\">\u00ab Allez l&rsquo;OM \u00bb : l&rsquo;int\u00e9r\u00eat de l&rsquo;Olympique de Marseille pour Noa Lang semble \u00eatre r\u00e9ciproque<\/a>&nbsp;&nbsp;L&rsquo;\u00c9quipe<\/li>\n<li><a href=\"https:\/\/news.google.com\/rss\/articles\/CBMixAFBVV95cUxOVFdESUR4ODRwT0pEU3Zyb0NITTFxak1aT1FwejlJbnBjcjRwNHZlbm5ZYzMtVnRLbkRCUWpodEIwa2lDY21kVC1hMlRIeE5MMkRyQmFtWHdzRVRwMGF6TGNqaXY1a0l4ZlZxOFMxOVlHSkhUb0NuSGg0ZllmUWNEcDhLTmZtVldPcEtTa3MyQmZrVlVxWjZydS11S1BUY0p1REZMSzRlVXJoUjNsSUlJU0FrSjJWNjMwSnZxV0RrbGRzdjU1?oc=5\" target=\"_blank\" rel=\"noopener\">JUL et \u00ab\u00a0Allez l&rsquo;OM\u00a0\u00bb, la vid\u00e9o de Noa Lang qui enflamme Marseille<\/a>&nbsp;&nbsp;RMC Sport<\/li>\n<li><a href=\"https:\/\/news.google.com\/rss\/articles\/CBMinAFBVV95cUxQLUhGZVJnNGZHSFlUUjJTLUxwb3lSaWhZb0hlZ3dUSGxJb2dSOG1DdkxRNENxbmIwUGFzQUZ1cU5kZWNyRWpWeFVvU1hoWjBpcnNNLUR1RFVNQU1MREh6bTBEM3Nxcl9ITnB3b2MxRGE5X21iR29hWklJUUxsRk5OakJiNHhmWk5VU2h5VVo5ZzFkVll3bzJTa3dxY0M?oc=5\" target=\"_blank\" rel=\"noopener\">OM : Noa Lang s\u2019affiche en mode supporter de l&rsquo;OM !<\/a>&nbsp;&nbsp;Le Phoc\u00e9en<\/li>\n<\/ol>\n","protected":false},"excerpt":{"rendered":"VIDEO : N. Lang &#8211; \u00ab\u00a0allez l&rsquo;OM !\u00a0\u00bb&nbsp;&nbsp;Maxifoot OM : la vid\u00e9o de Noa Lang qui va plaire&hellip;\n","protected":false},"author":2,"featured_media":171104,"comment_status":"","ping_status":"","sticky":false,"template":"","format":"standard","meta":{"footnotes":""},"categories":[1410],"tags":[2266,2262,2261,1981,83,2260,451,2263,462,2269,2257,63,1011,27,2265,1441,453,66,447,2267,955,2268,241,149,70,1817,93,2264,2258,2259,60,969,455],"class_list":{"0":"post-171103","1":"post","2":"type-post","3":"status-publish","4":"format-standard","5":"has-post-thumbnail","7":"category-football","8":"tag-as-monaco","9":"tag-bundesligua","10":"tag-calcio","11":"tag-classement","12":"tag-coupe-de-france","13":"tag-coupe-de-la-ligue","14":"tag-coupe-du-monde","15":"tag-equipe","16":"tag-fc-nantes","17":"tag-fifa","18":"tag-foot","19":"tag-football","20":"tag-fr","21":"tag-france","22":"tag-girondins-bordeaux","23":"tag-joueur","24":"tag-liga","25":"tag-ligue-1","26":"tag-ligue-des-champions","27":"tag-losc","28":"tag-match","29":"tag-ogc-nice","30":"tag-ol","31":"tag-om","32":"tag-premier-league","33":"tag-pronostic","34":"tag-psg","35":"tag-rc-lens","36":"tag-resultat","37":"tag-score","38":"tag-sports","39":"tag-transfert","40":"tag-uefa"},"share_on_mastodon":{"url":"https:\/\/pubeurope.com\/@fr\/114671093358758479","error":""},"_links":{"self":[{"href":"https:\/\/www.europesays.com\/fr\/wp-json\/wp\/v2\/posts\/171103","targetHints":{"allow":["GET"]}}],"collection":[{"href":"https:\/\/www.europesays.com\/fr\/wp-json\/wp\/v2\/posts"}],"about":[{"href":"https:\/\/www.europesays.com\/fr\/wp-json\/wp\/v2\/types\/post"}],"author":[{"embeddable":true,"href":"https:\/\/www.europesays.com\/fr\/wp-json\/wp\/v2\/users\/2"}],"replies":[{"embeddable":true,"href":"https:\/\/www.europesays.com\/fr\/wp-json\/wp\/v2\/comments?post=171103"}],"version-history":[{"count":0,"href":"https:\/\/www.europesays.com\/fr\/wp-json\/wp\/v2\/posts\/171103\/revisions"}],"wp:featuredmedia":[{"embeddable":true,"href":"https:\/\/www.europesays.com\/fr\/wp-json\/wp\/v2\/media\/171104"}],"wp:attachment":[{"href":"https:\/\/www.europesays.com\/fr\/wp-json\/wp\/v2\/media?parent=171103"}],"wp:term":[{"taxonomy":"category","embeddable":true,"href":"https:\/\/www.europesays.com\/fr\/wp-json\/wp\/v2\/categories?post=171103"},{"taxonomy":"post_tag","embeddable":true,"href":"https:\/\/www.europesays.com\/fr\/wp-json\/wp\/v2\/tags?post=171103"}],"curies":[{"name":"wp","href":"https:\/\/api.w.org\/{rel}","templated":true}]}}