{"id":171105,"date":"2025-06-12T15:26:10","date_gmt":"2025-06-12T15:26:10","guid":{"rendered":"https:\/\/www.europesays.com\/fr\/171105\/"},"modified":"2025-06-12T15:26:10","modified_gmt":"2025-06-12T15:26:10","slug":"la-maternite-une-arnaque-complete-le-succes-fou-de-marine-leonardi-la-maman-la-plus-drole-de-france","status":"publish","type":"post","link":"https:\/\/www.europesays.com\/fr\/171105\/","title":{"rendered":"\u00ab\u00a0La maternit\u00e9\u00a0? Une arnaque compl\u00e8te\u00a0!\u00a0\u00bb\u00a0: le succ\u00e8s fou de Marine Leonardi, la maman la plus dr\u00f4le de France"},"content":{"rendered":"<p class=\"paragraph text_align_left\">Une soir\u00e9e entre filles. Ce jeudi de juin, Aur\u00e9lia, B\u00e9reng\u00e8re et Caroline \u2014 toutes trois trentenaires, toutes trois jeunes mamans, l\u2019une d\u2019entre elles ne pouvant, d\u2019ailleurs, dissimuler sous son pull un heureux \u00e9v\u00e9nement imminent \u2014 sont venues sans leurs compagnons au Casino Barri\u00e8re de Toulouse (Haute-Garonne) voir le show <a href=\"https:\/\/www.leparisien.fr\/culture-loisirs\/humour\/\" target=\"_blank\" rel=\"noreferrer nofollow noopener\">de l\u2019humoriste<\/a> Marine Leonardi, l\u2019une des sensations comiques du moment.<\/p>\n<p class=\"paragraph text_align_left\">\u00ab Mon conjoint \u00e9tait vert de ne pas \u00eatre invit\u00e9, confie l\u2019une des fans de <a href=\"https:\/\/www.leparisien.fr\/culture-loisirs\/humour\/humour-comment-france-inter-a-renouvele-une-large-partie-de-ses-chroniqueurs-apres-laffaire-meurice-21-09-2024-WBJ3HZXCUJG6TKAAHSSJNR5OKM.php\" target=\"_blank\" rel=\"noreferrer nofollow noopener\">la chroniqueuse de France Inter<\/a>. Mais il fallait un baby-sitter pour garder les enfants ! \u00bb Rires complices des trois amies, d\u00e9barrass\u00e9es \u00e0 la fois de la marmaille et des \u00e9poux pendant quelques heures salvatrices. Lib\u00e9ratrices.<\/p>\n","protected":false},"excerpt":{"rendered":"Une soir\u00e9e entre filles. Ce jeudi de juin, Aur\u00e9lia, B\u00e9reng\u00e8re et Caroline \u2014 toutes trois trentenaires, toutes trois&hellip;\n","protected":false},"author":2,"featured_media":171106,"comment_status":"","ping_status":"","sticky":false,"template":"","format":"standard","meta":{"footnotes":""},"categories":[1359],"tags":[1687,58,59,1011,27,708,973],"class_list":{"0":"post-171105","1":"post","2":"type-post","3":"status-publish","4":"format-standard","5":"has-post-thumbnail","7":"category-people","8":"tag-culture-loisirs","9":"tag-divertissement","10":"tag-entertainment","11":"tag-fr","12":"tag-france","13":"tag-humour","14":"tag-people"},"share_on_mastodon":{"url":"https:\/\/pubeurope.com\/@fr\/114671097169661868","error":""},"_links":{"self":[{"href":"https:\/\/www.europesays.com\/fr\/wp-json\/wp\/v2\/posts\/171105","targetHints":{"allow":["GET"]}}],"collection":[{"href":"https:\/\/www.europesays.com\/fr\/wp-json\/wp\/v2\/posts"}],"about":[{"href":"https:\/\/www.europesays.com\/fr\/wp-json\/wp\/v2\/types\/post"}],"author":[{"embeddable":true,"href":"https:\/\/www.europesays.com\/fr\/wp-json\/wp\/v2\/users\/2"}],"replies":[{"embeddable":true,"href":"https:\/\/www.europesays.com\/fr\/wp-json\/wp\/v2\/comments?post=171105"}],"version-history":[{"count":0,"href":"https:\/\/www.europesays.com\/fr\/wp-json\/wp\/v2\/posts\/171105\/revisions"}],"wp:featuredmedia":[{"embeddable":true,"href":"https:\/\/www.europesays.com\/fr\/wp-json\/wp\/v2\/media\/171106"}],"wp:attachment":[{"href":"https:\/\/www.europesays.com\/fr\/wp-json\/wp\/v2\/media?parent=171105"}],"wp:term":[{"taxonomy":"category","embeddable":true,"href":"https:\/\/www.europesays.com\/fr\/wp-json\/wp\/v2\/categories?post=171105"},{"taxonomy":"post_tag","embeddable":true,"href":"https:\/\/www.europesays.com\/fr\/wp-json\/wp\/v2\/tags?post=171105"}],"curies":[{"name":"wp","href":"https:\/\/api.w.org\/{rel}","templated":true}]}}