{"id":171107,"date":"2025-06-12T15:27:10","date_gmt":"2025-06-12T15:27:10","guid":{"rendered":"https:\/\/www.europesays.com\/fr\/171107\/"},"modified":"2025-06-12T15:27:10","modified_gmt":"2025-06-12T15:27:10","slug":"letat-demande-a-lespagne-la-restitution-dune-sculpture","status":"publish","type":"post","link":"https:\/\/www.europesays.com\/fr\/171107\/","title":{"rendered":"l\u2019\u00c9tat demande \u00e0 l\u2019Espagne la restitution d\u2019une sculpture"},"content":{"rendered":"<p>Le minist\u00e8re de la Culture souhaite voir revenir en France l\u2019un des 8 anges vol\u00e9s de la basilique nantaise de Saint-Nicolas. R\u00e9cemment saisie \u00e0 Madrid, la statue en plomb dor\u00e9 avait \u00e9t\u00e9 d\u00e9rob\u00e9e en 2009, lors d\u2019une campagne de restauration du monument.<\/p>\n<p class=\"fig-paragraph\">Le s\u00e9jour de l\u2019ange joue les prolongations sous le soleil ib\u00e9rique. Le\u00a0<a href=\"http:\/\/www.lefigaro.fr\/politique\/audiovisuel-public-la-reforme-de-rachida-dati-de-retour-a-l-assemblee-le-30-juin-20250610\" target=\"_blank\" data-fig-type=\"NewsFlash\" rel=\"noopener\" data-gtm-custom-categorie=\"navigation\" data-gtm-custom-action=\"crossclick\" data-gtm-custom-label=\"Contextuel\" data-gtm-event=\"customEventSPE\" data-fig-domain=\"LEFIGARO\">minist\u00e8re fran\u00e7ais de la Culture<\/a>\u00a0a transmis \u00e0 son homologue espagnol une demande de restitution de l\u2019un\u00a0<a href=\"https:\/\/www.lefigaro.fr\/actualite-france\/nantes-treize-ans-apres-les-huit-anges-d-or-reapparaissent-20221116\" target=\"_blank\" data-fig-type=\"Article\" rel=\"noopener\" data-gtm-custom-categorie=\"navigation\" data-gtm-custom-action=\"crossclick\" data-gtm-custom-label=\"Contextuel\" data-gtm-event=\"customEventSPE\" data-fig-domain=\"LEFIGARO\">des huit s\u00e9raphins dor\u00e9s de la basilique Saint-Nicolas, \u00e0 Nantes<\/a>\u00a0(Loire-Atlantique). Saisie \u00e0 Madrid par les autorit\u00e9s espagnoles, la sculpture en plomb dor\u00e9, haute de 2,40 m\u00e8tres, avait quitt\u00e9 le territoire national dans la foul\u00e9e de la disparition, en 2009, du groupe des huit statues ang\u00e9liques qui ornaient la fl\u00e8che de l\u2019\u00e9glise nantaise. Bien inali\u00e9nable et tr\u00e9sor national, en vertu du classement de la basilique Saint-Nicolas au titre des monuments historiques, l\u2019ange dor\u00e9 a \u00e9t\u00e9 illicitement vendu puis export\u00e9 en Espagne, entre 2009 et 2020, dans des conditions encore mal d\u00e9finies.<\/p>\n<p class=\"fig-paragraph\">La saisie \u00e0 titre conservatoire de cette statue du XIXe si\u00e8cle a \u00e9t\u00e9 obtenue de Madrid dans la foul\u00e9e d\u2019une demande transmise en ao\u00fbt 2023 par la direction g\u00e9n\u00e9rale des patrimoines et de l\u2019architecture. Cette proc\u00e9dure faisait suite \u00e0 une plainte contre X pour \u00abexportation illicite de tr\u00e9sor national\u00bb d\u00e9pos\u00e9e par les services de l\u2019\u00c9tat en f\u00e9vrier 2024 et qui n\u2019a, \u00e0 ce jour, pas permis d\u2019identifier clairement l\u2019auteur de l\u2019infraction, indique au Figaro le minist\u00e8re de la Culture. \u00abLa sculpture a \u00e9t\u00e9 saisie juridiquement, mais maintenue dans les locaux de la soci\u00e9t\u00e9 qui la d\u00e9tient en Espagne. Elle a vocation \u00e0 \u00eatre remise \u00e0 la Ville de Nantes, son l\u00e9gitime propri\u00e9taire, d\u00e8s son retour sur le territoire national\u00bb, ajoute la rue de Valois.<\/p>\n<p>Un proc\u00e8s en septembre<\/p>\n<p class=\"fig-paragraph\">Perdus il y a 16 ans, au cours d\u2019une campagne de restauration du monument n\u00e9ogothique, les anges musiciens avaient \u00e9t\u00e9 r\u00e9cup\u00e9r\u00e9s par un entrepreneur local, prestataire du chantier. Le chef d\u2019entreprise avait par la suite dispers\u00e9 ces \u0153uvres sur le march\u00e9 de l\u2019art, jusqu\u2019\u00e0 ce qu\u2019une vente, en 2020, ne finisse par attirer l\u2019\u0153il des agents de la direction r\u00e9gionale des affaires culturelles (DRAC) des Pays de la Loire. Estim\u00e9 \u00e0 19.000 euros, un des anges a \u00e9t\u00e9 saisi puis restitu\u00e9e \u00e0 la ville de Nantes, propri\u00e9taire de la basilique. Plac\u00e9 en garde \u00e0 vue, en septembre 2022, l\u2019entrepreneur \u00e0 l\u2019origine du vol a assur\u00e9 s\u2019\u00eatre librement empar\u00e9 des statues d\u00e9pos\u00e9es dans la cour du presbyt\u00e8re de Saint-Nicolas, estimant qu\u2019elles avaient \u00e9t\u00e9 plac\u00e9es au rebut. L\u2019individu est\u00a0<a href=\"http:\/\/www.lefigaro.fr\/nantes\/affaire-des-anges-disparus-de-la-basilique-de-nantes-vers-un-proces-pour-abus-de-confiance-20240225\" target=\"_blank\" data-fig-type=\"NewsFlash\" rel=\"noopener\" data-gtm-custom-categorie=\"navigation\" data-gtm-custom-action=\"crossclick\" data-gtm-custom-label=\"Contextuel\" data-gtm-event=\"customEventSPE\" data-fig-domain=\"LEFIGARO\">d\u00e9sormais poursuivi pour \u00ababus de confiance\u00bb<\/a>. Initialement fix\u00e9e au 4 juillet 2024, son audience a \u00e9t\u00e9 renvoy\u00e9e au 25 septembre au tribunal correctionnel de Nantes.<\/p>\n<p class=\"fig-body-link\">\n            \u00c0 lire aussi<br \/>\n        <a class=\"fig-body-link__link\" href=\"http:\/\/www.lefigaro.fr\/nantes\/nantes-les-jeux-de-bretagne-annules-les-organisateurs-denoncent-un-terrible-gachis-20250605\" target=\"_blank\" data-fig-type=\"NewsFlash\" rel=\"noopener\" data-gtm-custom-categorie=\"navigation\" data-gtm-custom-action=\"crossclick\" data-gtm-custom-label=\"Contextuel\" data-gtm-event=\"customEventSPE\" data-fig-domain=\"LEFIGARO\">\u00abRaisons politiques\u00bb, \u00abterrible g\u00e2chis\u00bb&#8230; \u00e0 Nantes, l\u2019annulation des Jeux de Bretagne irrite les organisateurs<br \/>\n    <\/a>\n<\/p>\n<p class=\"fig-paragraph\">Confi\u00e9e \u00e0 l\u2019Office central de lutte contre le trafic des biens culturels (OCBC), l\u2019enqu\u00eate avait permis de retrouver l\u2019emplacement de l\u2019ensemble des s\u00e9raphins. Des proc\u00e9dures au civil ont, depuis, \u00e9t\u00e9 lanc\u00e9es \u00e0 Nantes, \u00e0 Saumur et \u00e0 Angers, \u00e0 l\u2019encontre des d\u00e9tenteurs des anges. De profil vari\u00e9 &#8211; un notaire, un chef d\u2019entreprise, un artiste puyfolais, un collectionneur angevin\u2026 &#8211; tous soutiennent avoir acquis les sculptures de bonne foi &#8211; ignorant leur statut inali\u00e9nable. En d\u00e9cembre, le conseil d\u2019\u00c9tat a valid\u00e9 le refus de d\u00e9classement de ces \u0153uvres demand\u00e9 par les d\u00e9tenteurs pr\u00e9caires. Seule une statue de cet ensemble a \u00e9chou\u00e9 \u00e0 l\u2019\u00e9tranger, au si\u00e8ge de l\u2019entreprise madril\u00e8ne Kalam. Sp\u00e9cialis\u00e9 dans la restauration, le groupe s\u2019\u00e9tait montr\u00e9\u00a0<a href=\"http:\/\/www.lefigaro.fr\/nantes\/affaire-des-anges-disparus-de-la-basilique-de-nantes-une-statue-bientot-rapatriee-d-espagne-20240707\" target=\"_blank\" data-fig-type=\"NewsFlash\" rel=\"noopener\" data-gtm-custom-categorie=\"navigation\" data-gtm-custom-action=\"crossclick\" data-gtm-custom-label=\"Contextuel\" data-gtm-event=\"customEventSPE\" data-fig-domain=\"LEFIGARO\">un temps dispos\u00e9 \u00e0 une restitution \u00e0 l\u2019amiable de l\u2019ange<\/a>.<\/p>\n<p class=\"fig-paragraph\">Les anges disparus symbolisent les huit b\u00e9atitudes de l\u2019\u00c9glise. Ce groupe de statues n\u00e9ogothiques install\u00e9 en 1869 sur les hauteurs de la fl\u00e8che a \u00e9t\u00e9 dessin\u00e9 par l\u2019architecte de la basilique Saint-Nicolas, Jean-Baptiste Lassus &#8211; lui-m\u00eame proche\u00a0<a href=\"https:\/\/www.lefigaro.fr\/vox\/societe\/pierre-nora-existe-t-il-aujourd-hui-un-viollet-le-duc-20190419\" target=\"_blank\" data-fig-type=\"Article\" rel=\"noopener\" data-gtm-custom-categorie=\"navigation\" data-gtm-custom-action=\"crossclick\" data-gtm-custom-label=\"Contextuel\" data-gtm-event=\"customEventSPE\" data-fig-domain=\"LEFIGARO\">d\u2019Eug\u00e8ne Viollet-le-Duc<\/a>, le restaurateur\u00a0<a href=\"https:\/\/www.lefigaro.fr\/culture\/patrimoine\/les-vitraux-contemporains-pris-dans-la-tourmente-des-legislatives-20240625\" target=\"_blank\" data-fig-type=\"Article\" rel=\"noopener\" data-gtm-custom-categorie=\"navigation\" data-gtm-custom-action=\"crossclick\" data-gtm-custom-label=\"Contextuel\" data-gtm-event=\"customEventSPE\" data-fig-domain=\"LEFIGARO\">de Notre-Dame de Paris<\/a>, au milieu du XIXe si\u00e8cle. Des reproductions en bronze dor\u00e9 des anges originaux couronnent aujourd\u2019hui le sommet de la basilique.<\/p>\n","protected":false},"excerpt":{"rendered":"Le minist\u00e8re de la Culture souhaite voir revenir en France l\u2019un des 8 anges vol\u00e9s de la basilique&hellip;\n","protected":false},"author":2,"featured_media":171108,"comment_status":"","ping_status":"","sticky":false,"template":"","format":"standard","meta":{"footnotes":""},"categories":[1358],"tags":[1348,1384,1385,1386,58,12336,59,462,1011,27,2640,2642,766,2638,2643,2637,2639,2646,2645,2641,2635,2644,2647,2551,2636,30560],"class_list":{"0":"post-171107","1":"post","2":"type-post","3":"status-publish","4":"format-standard","5":"has-post-thumbnail","7":"category-arts-et-design","8":"tag-arts","9":"tag-arts-and-design","10":"tag-arts-et-design","11":"tag-design","12":"tag-divertissement","13":"tag-eglise","14":"tag-entertainment","15":"tag-fc-nantes","16":"tag-fr","17":"tag-france","18":"tag-hauts-paves-saint-felix","19":"tag-ile-de-nantes","20":"tag-nantes","21":"tag-nantes-bellevue-chantenay-sainte-anne","22":"tag-nantes-breil-barberie","23":"tag-nantes-centre-ville","24":"tag-nantes-dervallieres-zola","25":"tag-nantes-doulon-bottiere","26":"tag-nantes-erdre","27":"tag-nantes-malakoff-saint-donatien","28":"tag-nantes-metropole","29":"tag-nantes-nord","30":"tag-nantes-sud","31":"tag-patrimoine","32":"tag-pays-de-la-loire","33":"tag-restitution"},"share_on_mastodon":{"url":"https:\/\/pubeurope.com\/@fr\/114671101119312109","error":""},"_links":{"self":[{"href":"https:\/\/www.europesays.com\/fr\/wp-json\/wp\/v2\/posts\/171107","targetHints":{"allow":["GET"]}}],"collection":[{"href":"https:\/\/www.europesays.com\/fr\/wp-json\/wp\/v2\/posts"}],"about":[{"href":"https:\/\/www.europesays.com\/fr\/wp-json\/wp\/v2\/types\/post"}],"author":[{"embeddable":true,"href":"https:\/\/www.europesays.com\/fr\/wp-json\/wp\/v2\/users\/2"}],"replies":[{"embeddable":true,"href":"https:\/\/www.europesays.com\/fr\/wp-json\/wp\/v2\/comments?post=171107"}],"version-history":[{"count":0,"href":"https:\/\/www.europesays.com\/fr\/wp-json\/wp\/v2\/posts\/171107\/revisions"}],"wp:featuredmedia":[{"embeddable":true,"href":"https:\/\/www.europesays.com\/fr\/wp-json\/wp\/v2\/media\/171108"}],"wp:attachment":[{"href":"https:\/\/www.europesays.com\/fr\/wp-json\/wp\/v2\/media?parent=171107"}],"wp:term":[{"taxonomy":"category","embeddable":true,"href":"https:\/\/www.europesays.com\/fr\/wp-json\/wp\/v2\/categories?post=171107"},{"taxonomy":"post_tag","embeddable":true,"href":"https:\/\/www.europesays.com\/fr\/wp-json\/wp\/v2\/tags?post=171107"}],"curies":[{"name":"wp","href":"https:\/\/api.w.org\/{rel}","templated":true}]}}