{"id":171113,"date":"2025-06-12T15:30:12","date_gmt":"2025-06-12T15:30:12","guid":{"rendered":"https:\/\/www.europesays.com\/fr\/171113\/"},"modified":"2025-06-12T15:30:12","modified_gmt":"2025-06-12T15:30:12","slug":"la-couverture-de-lalbum-mans-best-friend-de-sabrina-carpenter-divise-ses-fans-sur-tiktok","status":"publish","type":"post","link":"https:\/\/www.europesays.com\/fr\/171113\/","title":{"rendered":"La couverture de l\u2019album \u00ab\u00a0Man\u2019s Best Friend\u00a0\u00bb de Sabrina Carpenter divise ses fans sur TikTok"},"content":{"rendered":"\n<p> La lecture de ce contenu est susceptible d\u2019entra\u00eener un d\u00e9p\u00f4t de cookies de la part de l\u2019op\u00e9rateur tiers qui l\u2019h\u00e9berge. Compte-tenu des choix que vous avez exprim\u00e9s en mati\u00e8re de d\u00e9p\u00f4t de cookies, nous avons bloqu\u00e9 l\u2019affichage de ce contenu. Si vous souhaitez y acc\u00e9der, vous devez accepter la cat\u00e9gorie de cookies \u201cContenus tiers\u201d en cliquant sur le bouton ci-dessous. <\/p>\n<p> Lire la Vid\u00e9o              <\/p>\n<p class=\"asset asset-text\">MUSIQUE &#8211; Trop misogyne ou symbole d\u2019\u00e9mancipation\u00a0? Les fans de <a href=\"https:\/\/www.huffingtonpost.fr\/culture\/article\/sabrina-carpenter-en-une-de-vogue-risque-de-vous-rappeler-une-autre-superstar-de-la-musique_246075.html\" target=\"_blank\" rel=\"noopener\">Sabrina Carpenter<\/a> ne parviennent pas \u00e0 se mettre d\u2019accord depuis qu\u2019ils ont vu la couverture du nouvel album de la popstar sur les <a href=\"https:\/\/www.huffingtonpost.fr\/tech-futurs\/video\/macron-va-avoir-du-mal-a-interdire-les-reseaux-sociaux-au-moins-de-15-ans-l-exemple-de-l-australie-le-montre_251219.html\" target=\"_blank\" rel=\"noopener\">r\u00e9seaux sociaux<\/a> mercredi 11\u00a0juin. Sur TikTok, plusieurs camps se forment pour savoir ce qu\u2019il faut en penser <strong>comme vous pouvez le voir dans notre vid\u00e9o en t\u00eate d\u2019article<\/strong>.<\/p>\n<p class=\"asset asset-text\">La chanteuse am\u00e9ricaine, <a href=\"https:\/\/www.huffingtonpost.fr\/culture\/article\/sabrina-carpenter-invite-barry-keoghan-dans-son-nouveau-clip-pour-le-single-please-please-please_235142.html\" target=\"_blank\" rel=\"noopener\">qui a rythm\u00e9 l\u2019\u00e9t\u00e9 2024<\/a>\u00a0avec son tube Espresso, a r\u00e9v\u00e9l\u00e9 \u00e0 son public la couverture et le nom de son futur album, Man\u2019s Best Friend soit \u00ab\u00a0le meilleur ami de l\u2019homme\u00a0\u00bb en fran\u00e7ais. Sur la photo qui illustre son projet, on peut la voir au sol, \u00e0 quatre pattes avec un homme qui la tient par les cheveux. La comparaison avec un chien est tr\u00e8s vite faite.<\/p>\n<p class=\"asset asset-text\">Une partie de ses fans n\u2019aime pas cette direction artistique. M\u00eame si la majorit\u00e9 dit comprendre l\u2019intention derri\u00e8re cette couverture, beaucoup estiment qu\u2019elle dessert la lutte f\u00e9ministe, surtout dans le climat politique actuel.<\/p>\n<p class=\"asset asset-text\">\u00ab\u00a0Je pense que c\u2019est cette esp\u00e8ce de m\u00e9taphore pas tr\u00e8s fine que je trouve assez triste. J\u2019adore la provoc mais encore une fois, je trouve que c\u2019est mal fait, le r\u00e9sultat est un peu grotesque et parodique\u00a0\u00bb, explique une internaute fran\u00e7aise. Un autre utilisateur de TikTok trouve la proposition de Sabrina Carpenter \u00ab\u00a0un peu trop salace\u00a0\u00bb et \u00ab\u00a0un peu trop port\u00e9 sur le regard masculin\u00a0\u00bb.<\/p>\n<p class=\"asset asset-text\">Au contraire, d\u2019autres n\u2019y voient que la critique port\u00e9e par l\u2019artiste et l\u2019applaudissent. Ils nuancent les propos de ceux qui ne sont pas convaincus en leur rappelant que dans son nouveau titre Manchild, d\u00e9voil\u00e9 le 5\u00a0juin, elle traite un homme d\u2019idiot tout au long de la chanson. \u00ab\u00a0Vous pensez que Sabrina Carpenter, qui tue des hommes dans chacun de ses clips fait un album qui s\u2019appelle Man\u2019s Best Friend parce que c\u2019est la \u201cmeilleure amie\u201d d\u2019un homme\u00a0?\u00a0\u00bb, demande un internaute \u00e0 ceux qui n\u2019aiment pas la couverture. La star de la pop a jusqu\u2019\u00e0 la sortie de son album le 29\u00a0ao\u00fbt pour r\u00e9pondre aux inqui\u00e9tudes de ses fans.<\/p>\n","protected":false},"excerpt":{"rendered":"La lecture de ce contenu est susceptible d\u2019entra\u00eener un d\u00e9p\u00f4t de cookies de la part de l\u2019op\u00e9rateur tiers&hellip;\n","protected":false},"author":2,"featured_media":171114,"comment_status":"","ping_status":"","sticky":false,"template":"","format":"standard","meta":{"footnotes":""},"categories":[1355],"tags":[251,58,59,1011,27,1361,873,1062,10044,2439],"class_list":{"0":"post-171113","1":"post","2":"type-post","3":"status-publish","4":"format-standard","5":"has-post-thumbnail","7":"category-musique","8":"tag-culture","9":"tag-divertissement","10":"tag-entertainment","11":"tag-fr","12":"tag-france","13":"tag-music","14":"tag-musique","15":"tag-polemique","16":"tag-pop","17":"tag-tiktok"},"share_on_mastodon":{"url":"https:\/\/pubeurope.com\/@fr\/114671112879515652","error":""},"_links":{"self":[{"href":"https:\/\/www.europesays.com\/fr\/wp-json\/wp\/v2\/posts\/171113","targetHints":{"allow":["GET"]}}],"collection":[{"href":"https:\/\/www.europesays.com\/fr\/wp-json\/wp\/v2\/posts"}],"about":[{"href":"https:\/\/www.europesays.com\/fr\/wp-json\/wp\/v2\/types\/post"}],"author":[{"embeddable":true,"href":"https:\/\/www.europesays.com\/fr\/wp-json\/wp\/v2\/users\/2"}],"replies":[{"embeddable":true,"href":"https:\/\/www.europesays.com\/fr\/wp-json\/wp\/v2\/comments?post=171113"}],"version-history":[{"count":0,"href":"https:\/\/www.europesays.com\/fr\/wp-json\/wp\/v2\/posts\/171113\/revisions"}],"wp:featuredmedia":[{"embeddable":true,"href":"https:\/\/www.europesays.com\/fr\/wp-json\/wp\/v2\/media\/171114"}],"wp:attachment":[{"href":"https:\/\/www.europesays.com\/fr\/wp-json\/wp\/v2\/media?parent=171113"}],"wp:term":[{"taxonomy":"category","embeddable":true,"href":"https:\/\/www.europesays.com\/fr\/wp-json\/wp\/v2\/categories?post=171113"},{"taxonomy":"post_tag","embeddable":true,"href":"https:\/\/www.europesays.com\/fr\/wp-json\/wp\/v2\/tags?post=171113"}],"curies":[{"name":"wp","href":"https:\/\/api.w.org\/{rel}","templated":true}]}}