{"id":171123,"date":"2025-06-12T15:35:12","date_gmt":"2025-06-12T15:35:12","guid":{"rendered":"https:\/\/www.europesays.com\/fr\/171123\/"},"modified":"2025-06-12T15:35:12","modified_gmt":"2025-06-12T15:35:12","slug":"jill-pilet-31-ans-une-chercheuse-creative-dans-le-milieu-aride-et-masculin-de-la-recherche-sur-le-cancer","status":"publish","type":"post","link":"https:\/\/www.europesays.com\/fr\/171123\/","title":{"rendered":"Jill Pilet, 31\u00a0ans, une chercheuse cr\u00e9ative dans le milieu \u00ab\u00a0aride\u00a0\u00bb et masculin de la recherche sur le cancer"},"content":{"rendered":"<p>                          <img loading=\"lazy\" decoding=\"async\" src=\"https:\/\/www.europesays.com\/fr\/wp-content\/uploads\/2025\/06\/54377c7_sirius-fs-upload-1-j6doyaqvvoug-1744617159433-20250412-183949-2.jpg\" alt=\"Jill Pilet, \u00e0 Paris, le 12 avril 2025.\"  width=\"664\" height=\"443\"\/>    Jill Pilet, \u00e0 Paris, le 12 avril 2025.  YOANN MARIN                <\/p>\n<p class=\"article__paragraph  \">En recherche, plus on r\u00e9pond \u00e0 des questions, plus il y en a. C\u2019est de cette certitude que Jill Pilet, 31\u00a0ans, puise son amour des sciences. Pour la chercheuse postdoctorante en oncologie p\u00e9diatrique, \u00ab\u00a0rien de d\u00e9courageant \u00e0 ce sch\u00e9ma infini\u00a0\u00bb. Son effervescence cr\u00e9ative la suit depuis ses cours de biologie au lyc\u00e9e. Une interrogation principale, ent\u00eatante, sous-tend toutes les autres\u00a0: si l\u2019on regarde le vivant de plus pr\u00e8s \u2013\u00a0de beaucoup plus pr\u00e8s\u00a0\u2013, est-il possible de toujours mieux le comprendre\u00a0?<\/p>\n<p class=\"article__paragraph  \">En\u00a02024, Jill Pilet est devenue la premi\u00e8re laur\u00e9ate du prix de th\u00e8se Oberling-Haguenau, d\u00e9cern\u00e9 par la Fondation ARC pour la recherche sur le cancer, pour son travail sur la g\u00e9nomique des cancers p\u00e9diatriques du foie. Elle est ainsi l\u2019un des visages publics de la fondation\u00a0: jeune et femme dans un milieu scientifique plus masculin, elle porte une parole pour d\u2019autres chercheurs juniors, perdus dans le \u00ab\u00a0milieu aride\u00a0\u00bb du postdoctorat.<\/p>\n<p class=\"reading-mode-only \"><strong>Il vous reste 88.79% de cet article \u00e0 lire. La suite est r\u00e9serv\u00e9e aux abonn\u00e9s.<\/strong><\/p>\n","protected":false},"excerpt":{"rendered":"Jill Pilet, \u00e0 Paris, le 12 avril 2025. YOANN MARIN En recherche, plus on r\u00e9pond \u00e0 des questions,&hellip;\n","protected":false},"author":2,"featured_media":171124,"comment_status":"","ping_status":"","sticky":false,"template":"","format":"standard","meta":{"footnotes":""},"categories":[7],"tags":[1011,27,43,40,41,39,42,44],"class_list":{"0":"post-171123","1":"post","2":"type-post","3":"status-publish","4":"format-standard","5":"has-post-thumbnail","7":"category-sciences-et-technologies","8":"tag-fr","9":"tag-france","10":"tag-science","11":"tag-science-and-technology","12":"tag-sciences","13":"tag-sciences-et-technologies","14":"tag-technologies","15":"tag-technology"},"share_on_mastodon":{"url":"https:\/\/pubeurope.com\/@fr\/114671132629568495","error":""},"_links":{"self":[{"href":"https:\/\/www.europesays.com\/fr\/wp-json\/wp\/v2\/posts\/171123","targetHints":{"allow":["GET"]}}],"collection":[{"href":"https:\/\/www.europesays.com\/fr\/wp-json\/wp\/v2\/posts"}],"about":[{"href":"https:\/\/www.europesays.com\/fr\/wp-json\/wp\/v2\/types\/post"}],"author":[{"embeddable":true,"href":"https:\/\/www.europesays.com\/fr\/wp-json\/wp\/v2\/users\/2"}],"replies":[{"embeddable":true,"href":"https:\/\/www.europesays.com\/fr\/wp-json\/wp\/v2\/comments?post=171123"}],"version-history":[{"count":0,"href":"https:\/\/www.europesays.com\/fr\/wp-json\/wp\/v2\/posts\/171123\/revisions"}],"wp:featuredmedia":[{"embeddable":true,"href":"https:\/\/www.europesays.com\/fr\/wp-json\/wp\/v2\/media\/171124"}],"wp:attachment":[{"href":"https:\/\/www.europesays.com\/fr\/wp-json\/wp\/v2\/media?parent=171123"}],"wp:term":[{"taxonomy":"category","embeddable":true,"href":"https:\/\/www.europesays.com\/fr\/wp-json\/wp\/v2\/categories?post=171123"},{"taxonomy":"post_tag","embeddable":true,"href":"https:\/\/www.europesays.com\/fr\/wp-json\/wp\/v2\/tags?post=171123"}],"curies":[{"name":"wp","href":"https:\/\/api.w.org\/{rel}","templated":true}]}}