{"id":171130,"date":"2025-06-12T15:39:11","date_gmt":"2025-06-12T15:39:11","guid":{"rendered":"https:\/\/www.europesays.com\/fr\/171130\/"},"modified":"2025-06-12T15:39:11","modified_gmt":"2025-06-12T15:39:11","slug":"le-passager-du-siege-11a-a-miraculeusement-survecu-lors-du-crash-du-boeing-dair-india","status":"publish","type":"post","link":"https:\/\/www.europesays.com\/fr\/171130\/","title":{"rendered":"le passager du si\u00e8ge 11A a miraculeusement surv\u00e9cu lors du crash du Boeing d\u2019Air India"},"content":{"rendered":"<p>Un survivant a \u00e9t\u00e9 retrouv\u00e9 vivant apr\u00e8s le crash de l\u2019avion \u00e0 destination de Londres qui s\u2019est \u00e9cras\u00e9 en Inde. Selon plusieurs m\u00e9dias indiens, il occupait un si\u00e8ge \u00e0 proximit\u00e9 de la porte de sortie de l\u2019appareil.<\/p>\n<p class=\"fig-paragraph\">C\u2019est un miracle. Un passager du crash du Boeing de la compagnie Air India, survenu ce jeudi 12 juin, a \u00e9t\u00e9 retrouv\u00e9 vivant, ont officiellement annonc\u00e9 les autorit\u00e9s indiennes. Le survivant occupait le si\u00e8ge 11A, situ\u00e9 \u00e0 proximit\u00e9 de la porte de sortie de l\u2019appareil, selon plusieurs m\u00e9dias nationaux. \u00abLa police a retrouv\u00e9 un survivant sur le si\u00e8ge 11A\u00bb, a d\u00e9clar\u00e9 un commissaire de la police d\u2019Ahmedabad, selon nos confr\u00e8res indiens de\u00a0<a href=\"https:\/\/economictimes.indiatimes.com\/news\/new-updates\/air-india-plane-crash-one-survivor-found-in-seat-11a-currently-under-treatment\/articleshow\/121805833.cms?from=mdr\" target=\"_blank\" rel=\"nofollow noopener\" data-gtm-custom-categorie=\"navigation\" data-gtm-custom-action=\"crossclick\" data-gtm-custom-label=\"Contextuel\" data-gtm-event=\"customEventSPE\">The Economic Times<\/a> \u00a0ou India Today.<\/p>\n<p class=\"fig-paragraph\">Il s\u2019agirait de Ramesh Vishwaskumar Bucharvada, 38 ans. \u00abUne vid\u00e9o prise quelques instants apr\u00e8s l\u2019accident montre Ramesh, bless\u00e9, marchant vers une ambulance tandis que des passants l\u2019entourent et lui posent des questions sur le sort des autres passagers de l\u2019avion\u00bb, \u00e9crit India Today. Dans cette derni\u00e8re, l\u2019on peut entendre le passager r\u00e9agir\u00a0: \u00abL\u2019avion a explos\u00e9\u00bb.<\/p>\n<p class=\"fig-paragraph\">Le passager qui a surv\u00e9cu au crash a t\u00e9moign\u00e9 aupr\u00e8s du journal\u00a0<a href=\"https:\/\/www.hindustantimes.com\/india-news\/40yearold-man-in-ahmedabad-hospital-says-he-survived-air-india-crash-101749734358509.html\" target=\"_blank\" rel=\"nofollow noopener\" data-gtm-custom-categorie=\"navigation\" data-gtm-custom-action=\"crossclick\" data-gtm-custom-label=\"Contextuel\" data-gtm-event=\"customEventSPE\">Hindustan Times<\/a> . \u00abTrente secondes apr\u00e8s le d\u00e9collage, il y a eu un gros bruit, puis l\u2019avion s\u2019est \u00e9cras\u00e9. Tout s\u2019est pass\u00e9 tr\u00e8s vite\u00bb, a-t-il confi\u00e9 \u00e0 nos confr\u00e8res indiens. Ces derniers indiquent que le passager serait bless\u00e9 aux pieds, aux yeux et au thorax. \u00abQuand je me suis relev\u00e9, il y avait des corps tout autour de moi. J\u2019avais peur. Je me suis lev\u00e9 et j\u2019ai couru. Il y avait des morceaux de l\u2019avion tout autour de moi. Quelqu\u2019un m\u2019a attrap\u00e9, m\u2019a mis dans une ambulance et m\u2019a emmen\u00e9 \u00e0 l\u2019h\u00f4pital\u00bb, a ajout\u00e9 le survivant.<\/p>\n<p>Le pr\u00e9sident d\u2019Air India sugg\u00e8re qu\u2019il y a d\u2019autres survivants<\/p>\n<p class=\"fig-paragraph\">Dans une vid\u00e9o post\u00e9e sur les r\u00e9seaux sociaux, Campbell Wilson, le pr\u00e9sident d\u2019Air India sugg\u00e8re \u00e9galement que d\u2019autres passagers auraient surv\u00e9cu et auraient \u00e9t\u00e9 transf\u00e9r\u00e9s \u00e0 l\u2019h\u00f4pital.<\/p>\n<p class=\"fig-paragraph\">Un avion s\u2019est \u00e9cras\u00e9 ce jeudi \u00e0 l\u2019a\u00e9roport de la ville d\u2019Ahmedabad, dans l\u2019ouest de l\u2019Inde. D\u2019\u00e9paisses fum\u00e9es noires s\u2019\u00e9levaient au-dessus de l\u2019a\u00e9roport de la ville, a indiqu\u00e9 un journaliste de l\u2019AFP. L\u2019appareil, un Boeing 787, avait d\u00e9coll\u00e9 en direction de Londres avec 242 personnes \u00e0 bord, dont 12 membres d\u2019\u00e9quipage, avant de s\u2019\u00e9craser sur un b\u00e2timent de la facult\u00e9 de m\u00e9decine de la ville, en pleine zone r\u00e9sidentielle. Selon la police de la ville, 169 Indiens, 53 Britanniques, 7 Portugais et un Canadien voyageaient \u00e0 bord de l\u2019appareil.<\/p>\n","protected":false},"excerpt":{"rendered":"Un survivant a \u00e9t\u00e9 retrouv\u00e9 vivant apr\u00e8s le crash de l\u2019avion \u00e0 destination de Londres qui s\u2019est \u00e9cras\u00e9&hellip;\n","protected":false},"author":2,"featured_media":171131,"comment_status":"","ping_status":"","sticky":false,"template":"","format":"standard","meta":{"footnotes":""},"categories":[2],"tags":[259,11,260,4098,1011,27,5595,14,261,17687,12,262],"class_list":{"0":"post-171130","1":"post","2":"type-post","3":"status-publish","4":"format-standard","5":"has-post-thumbnail","7":"category-actualites","8":"tag-actualite-internationale","9":"tag-actualites","10":"tag-affaires-etrangeres","11":"tag-crash","12":"tag-fr","13":"tag-france","14":"tag-inde","15":"tag-international","16":"tag-ministere-des-affaires-etrangeres","17":"tag-miracle","18":"tag-news","19":"tag-politique-etrangere"},"share_on_mastodon":{"url":"https:\/\/pubeurope.com\/@fr\/114671148294444786","error":""},"_links":{"self":[{"href":"https:\/\/www.europesays.com\/fr\/wp-json\/wp\/v2\/posts\/171130","targetHints":{"allow":["GET"]}}],"collection":[{"href":"https:\/\/www.europesays.com\/fr\/wp-json\/wp\/v2\/posts"}],"about":[{"href":"https:\/\/www.europesays.com\/fr\/wp-json\/wp\/v2\/types\/post"}],"author":[{"embeddable":true,"href":"https:\/\/www.europesays.com\/fr\/wp-json\/wp\/v2\/users\/2"}],"replies":[{"embeddable":true,"href":"https:\/\/www.europesays.com\/fr\/wp-json\/wp\/v2\/comments?post=171130"}],"version-history":[{"count":0,"href":"https:\/\/www.europesays.com\/fr\/wp-json\/wp\/v2\/posts\/171130\/revisions"}],"wp:featuredmedia":[{"embeddable":true,"href":"https:\/\/www.europesays.com\/fr\/wp-json\/wp\/v2\/media\/171131"}],"wp:attachment":[{"href":"https:\/\/www.europesays.com\/fr\/wp-json\/wp\/v2\/media?parent=171130"}],"wp:term":[{"taxonomy":"category","embeddable":true,"href":"https:\/\/www.europesays.com\/fr\/wp-json\/wp\/v2\/categories?post=171130"},{"taxonomy":"post_tag","embeddable":true,"href":"https:\/\/www.europesays.com\/fr\/wp-json\/wp\/v2\/tags?post=171130"}],"curies":[{"name":"wp","href":"https:\/\/api.w.org\/{rel}","templated":true}]}}