{"id":171132,"date":"2025-06-12T15:40:12","date_gmt":"2025-06-12T15:40:12","guid":{"rendered":"https:\/\/www.europesays.com\/fr\/171132\/"},"modified":"2025-06-12T15:40:12","modified_gmt":"2025-06-12T15:40:12","slug":"loire-manifestations-pour-la-palestine-a-saint-etienne-et-roanne-ce-samedi-14-juin","status":"publish","type":"post","link":"https:\/\/www.europesays.com\/fr\/171132\/","title":{"rendered":"Loire. Manifestations pour la Palestine \u00e0 Saint-Etienne et Roanne ce samedi 14\u00a0juin"},"content":{"rendered":"<p>Les organisations syndicales CGT, FSU, Solidaires, UNSA, FO-FNEC-FP et CNT de la Loire appellent \u00e0 se mobiliser pour la Palestine ce samedi 14\u00a0juin. Deux rassemblements sont organis\u00e9s\u00a0: l\u2019un \u00e0 Saint-Etienne, \u00e0 10\u00a0h\u00a030 place Jean-Jaur\u00e8s, et l\u2019autre \u00e0 Roanne, \u00e0 11 heures devant la sous-pr\u00e9fecture. Les syndicats entendent d\u00e9noncer \u00ab\u00a0la fuite en avant mortif\u00e8re des autorit\u00e9s isra\u00e9liennes <a href=\"https:\/\/www.leprogres.fr\/defense-guerre-conflit\/2025\/01\/12\/depuis-le-7-octobre-toute-forme-d-empathie-pour-l-autre-a-disparu\" target=\"_blank\" rel=\"nofollow noopener\">et les exactions commises \u00e0 Gaza<\/a> \u00a0\u00bb. Elles appellent les \u00ab\u00a0d\u00e9cideurs fran\u00e7ais et europ\u00e9ens\u00a0\u00bb \u00e0 agir pour, entre autres, \u00ab\u00a0l\u2019arr\u00eat de fourniture d\u2019armes et de mat\u00e9riel militaire \u00e0 Isra\u00ebl\u00a0\u00bb, \u00ab\u00a0l\u2019application de la r\u00e9solution des Nations-Unies du 18\u00a0septembre 2024 pour mettre fin \u00e0 l\u2019occupation du territoire palestinien\u00a0\u00bb, ou encore \u00ab\u00a0la lib\u00e9ration de tous les prisonniers politiques palestiniens et de tous les otages isra\u00e9liens d\u00e9tenus par les groupes arm\u00e9s palestiniens\u00a0\u00bb.<\/p>\n","protected":false},"excerpt":{"rendered":"Les organisations syndicales CGT, FSU, Solidaires, UNSA, FO-FNEC-FP et CNT de la Loire appellent \u00e0 se mobiliser pour&hellip;\n","protected":false},"author":2,"featured_media":171133,"comment_status":"","ping_status":"","sticky":false,"template":"","format":"standard","meta":{"footnotes":""},"categories":[9653],"tags":[1111,11,2430,3206,7539,1777,674,1011,27,3367,12,25,4001,7538,104],"class_list":{"0":"post-171132","1":"post","2":"type-post","3":"status-publish","4":"format-standard","5":"has-post-thumbnail","7":"category-saint-etienne","8":"tag-actu","9":"tag-actualites","10":"tag-auvergne-rhone-alpes","11":"tag-defense-guerre-conflit","12":"tag-edition-loire-sud","13":"tag-eu","14":"tag-europe","15":"tag-fr","16":"tag-france","17":"tag-loire","18":"tag-news","19":"tag-republique-francaise","20":"tag-saint-etienne","21":"tag-saint-etienne-ville","22":"tag-societe"},"share_on_mastodon":{"url":"https:\/\/pubeurope.com\/@fr\/114671152227505628","error":""},"_links":{"self":[{"href":"https:\/\/www.europesays.com\/fr\/wp-json\/wp\/v2\/posts\/171132","targetHints":{"allow":["GET"]}}],"collection":[{"href":"https:\/\/www.europesays.com\/fr\/wp-json\/wp\/v2\/posts"}],"about":[{"href":"https:\/\/www.europesays.com\/fr\/wp-json\/wp\/v2\/types\/post"}],"author":[{"embeddable":true,"href":"https:\/\/www.europesays.com\/fr\/wp-json\/wp\/v2\/users\/2"}],"replies":[{"embeddable":true,"href":"https:\/\/www.europesays.com\/fr\/wp-json\/wp\/v2\/comments?post=171132"}],"version-history":[{"count":0,"href":"https:\/\/www.europesays.com\/fr\/wp-json\/wp\/v2\/posts\/171132\/revisions"}],"wp:featuredmedia":[{"embeddable":true,"href":"https:\/\/www.europesays.com\/fr\/wp-json\/wp\/v2\/media\/171133"}],"wp:attachment":[{"href":"https:\/\/www.europesays.com\/fr\/wp-json\/wp\/v2\/media?parent=171132"}],"wp:term":[{"taxonomy":"category","embeddable":true,"href":"https:\/\/www.europesays.com\/fr\/wp-json\/wp\/v2\/categories?post=171132"},{"taxonomy":"post_tag","embeddable":true,"href":"https:\/\/www.europesays.com\/fr\/wp-json\/wp\/v2\/tags?post=171132"}],"curies":[{"name":"wp","href":"https:\/\/api.w.org\/{rel}","templated":true}]}}