{"id":171134,"date":"2025-06-12T15:41:10","date_gmt":"2025-06-12T15:41:10","guid":{"rendered":"https:\/\/www.europesays.com\/fr\/171134\/"},"modified":"2025-06-12T15:41:10","modified_gmt":"2025-06-12T15:41:10","slug":"les-petits-prix-rythment-la-premiere-journee","status":"publish","type":"post","link":"https:\/\/www.europesays.com\/fr\/171134\/","title":{"rendered":"les petits prix rythment la premi\u00e8re journ\u00e9e"},"content":{"rendered":"<p>Sur un stand nomade place de l\u2019H\u00f4tel-de-Ville, Agn\u00e8s regarde les diff\u00e9rentes robes. Pour elle, la braderie n\u2019a rien d\u2019une nouveaut\u00e9.<\/p>\n<p>Elle y vient tous les ans et ce n\u2019est pas en 2025 qu\u2019elle fera une exception. \u00ab\u00a0Je trouve cependant que les prix ont augment\u00e9, compar\u00e9 aux ann\u00e9es pr\u00e9c\u00e9dentes, confie la passante. Je n\u2019ach\u00e8te pas inutilement.\u00a0\u00bb<\/p>\n<p>  \u00ab\u00a0Les produits en magasins sont tr\u00e8s chers en temps normal\u00a0\u00bb<\/p>\n<p>En ce premier des trois jours de grande braderie, cette augmentation des prix n\u2019\u00e9chappe pas aux yeux des consommateurs. Sarah aussi l\u2019a remarqu\u00e9.<\/p>\n<p>Adepte de cet \u00e9v\u00e8nement, elle ach\u00e8te majoritairement ses v\u00eatements brad\u00e9s, pour faire du bien \u00e0 son porte-monnaie. \u00ab\u00a0Je trouve que les braderies sont plus int\u00e9ressantes que les boutiques elles-m\u00eames, explique-t-elle. Les produits en magasins sont tr\u00e8s chers en temps normal. Je trouve plus de choses, des v\u00eatements, des chaussures et des bijoux pour un moindre coup lors de journ\u00e9es comme celle-ci\u00a0\u00bb, continue Sarah.<\/p>\n<p>  Des commer\u00e7ants confiants<\/p>\n<p>Si la grande braderie semble profiter aux consommateurs par son large choix de produits, les boutiques s\u00e9dentaires profitent, elles aussi, de ces trois jours pour brader leurs anciennes collections.<\/p>\n<p>\u00ab\u00a0C\u2019est la premi\u00e8re fois que nous participons \u00e0 ce genre d\u2019\u00e9v\u00e8nement et nous sommes d\u00e9j\u00e0 bien occup\u00e9s\u00a0\u00bb confesse Alexandra Gauthron, responsable du magasin Sergent Major, situ\u00e9 place de l\u2019H\u00f4tel-de-Ville.<\/p>\n<p>Plus loin, l\u2019\u00e9quipe de la boutique Jules est confiante. \u00ab\u00a0On participe \u00e0 la grande braderie tous les ans et bien \u00e9videmment, quand la m\u00e9t\u00e9o le veut, ce n\u2019est que positif\u00a0\u00bb, explique l\u2019un des vendeurs.<\/p>\n<p>Tous exposent sur les trottoirs leurs produits de fin de s\u00e9ries. Tr\u00e8s souvent brad\u00e9s \u00e0 moiti\u00e9 prix, les articles en promotion se trouvent aussi \u00e0 l\u2019int\u00e9rieur des magasins. \u00ab\u00a0Nos produits expos\u00e9s en dehors sont souvent vendus moiti\u00e9 prix et, \u00e0 l\u2019int\u00e9rieur, les promotions sont moins importantes, mais sont tout de m\u00eame pr\u00e9sentes\u00a0\u00bb, affirme Charles Chabanis, responsable du magasin Robin Pr\u00eat-\u00e0-porter, en face de l\u2019\u00e9glise Saint-Louis.<\/p>\n<p>La braderie continuera jusqu\u2019au samedi 14\u00a0juin, toujours en musique avec la pr\u00e9sence des troupes nomades.<\/p>\n","protected":false},"excerpt":{"rendered":"Sur un stand nomade place de l\u2019H\u00f4tel-de-Ville, Agn\u00e8s regarde les diff\u00e9rentes robes. Pour elle, la braderie n\u2019a rien&hellip;\n","protected":false},"author":2,"featured_media":171135,"comment_status":"","ping_status":"","sticky":false,"template":"","format":"standard","meta":{"footnotes":""},"categories":[9653],"tags":[1111,11,2430,4406,130,33,7539,1777,674,1011,27,12,25,4001,7538],"class_list":{"0":"post-171134","1":"post","2":"type-post","3":"status-publish","4":"format-standard","5":"has-post-thumbnail","7":"category-saint-etienne","8":"tag-actu","9":"tag-actualites","10":"tag-auvergne-rhone-alpes","11":"tag-commerce-et-services","12":"tag-consommation","13":"tag-economie","14":"tag-edition-loire-sud","15":"tag-eu","16":"tag-europe","17":"tag-fr","18":"tag-france","19":"tag-news","20":"tag-republique-francaise","21":"tag-saint-etienne","22":"tag-saint-etienne-ville"},"share_on_mastodon":{"url":"https:\/\/pubeurope.com\/@fr\/114671156307245748","error":""},"_links":{"self":[{"href":"https:\/\/www.europesays.com\/fr\/wp-json\/wp\/v2\/posts\/171134","targetHints":{"allow":["GET"]}}],"collection":[{"href":"https:\/\/www.europesays.com\/fr\/wp-json\/wp\/v2\/posts"}],"about":[{"href":"https:\/\/www.europesays.com\/fr\/wp-json\/wp\/v2\/types\/post"}],"author":[{"embeddable":true,"href":"https:\/\/www.europesays.com\/fr\/wp-json\/wp\/v2\/users\/2"}],"replies":[{"embeddable":true,"href":"https:\/\/www.europesays.com\/fr\/wp-json\/wp\/v2\/comments?post=171134"}],"version-history":[{"count":0,"href":"https:\/\/www.europesays.com\/fr\/wp-json\/wp\/v2\/posts\/171134\/revisions"}],"wp:featuredmedia":[{"embeddable":true,"href":"https:\/\/www.europesays.com\/fr\/wp-json\/wp\/v2\/media\/171135"}],"wp:attachment":[{"href":"https:\/\/www.europesays.com\/fr\/wp-json\/wp\/v2\/media?parent=171134"}],"wp:term":[{"taxonomy":"category","embeddable":true,"href":"https:\/\/www.europesays.com\/fr\/wp-json\/wp\/v2\/categories?post=171134"},{"taxonomy":"post_tag","embeddable":true,"href":"https:\/\/www.europesays.com\/fr\/wp-json\/wp\/v2\/tags?post=171134"}],"curies":[{"name":"wp","href":"https:\/\/api.w.org\/{rel}","templated":true}]}}