{"id":171136,"date":"2025-06-12T15:42:28","date_gmt":"2025-06-12T15:42:28","guid":{"rendered":"https:\/\/www.europesays.com\/fr\/171136\/"},"modified":"2025-06-12T15:42:28","modified_gmt":"2025-06-12T15:42:28","slug":"meurthe-et-moselle-lenseigne-casa-va-definitivement-fermer-a-nancy","status":"publish","type":"post","link":"https:\/\/www.europesays.com\/fr\/171136\/","title":{"rendered":"Meurthe-et-Moselle. L\u2019enseigne Casa va d\u00e9finitivement fermer \u00e0 Nancy"},"content":{"rendered":"<p>Des rabais \u00e0 50\u00a0% le matin, \u00e0 70\u00a0% l\u2019apr\u00e8s-midi, des \u00e9tag\u00e8res clairsem\u00e9es et plus aucun produit en vente \u00e0 l\u2019\u00e9tage\u2026 \u00c0 Nancy centre, le magasin Casa liquide ses stocks avant de fermer d\u00e9finitivement ses portes. Install\u00e9e place Charles-III depuis les ann\u00e9es 90, l\u2019enseigne de d\u00e9coration et d\u2019ameublement a appris ce jeudi dans une visioconf\u00e9rence qu\u2019elle allait mettre la cl\u00e9 sous la porte. \u00ab\u00a0La fermeture officielle est pr\u00e9vue pour le 27\u00a0juin, l\u00e2che, d\u00e9pit\u00e9e, Katia Crolet, la g\u00e9rante. On nous a dit que les offres de reprises avaient \u00e9t\u00e9 retir\u00e9es ou qu\u2019elles n\u2019\u00e9taient pas recevables pour le tribunal.\u00a0\u00bb<\/p>\n<p>Ce contenu est bloqu\u00e9 car vous n&rsquo;avez pas accept\u00e9 les cookies et autres traceurs.<\/p>\n<p>En cliquant sur \u00ab J\u2019accepte \u00bb, les cookies et autres traceurs seront d\u00e9pos\u00e9s et vous pourrez visualiser les contenus  (<a href=\"\" class=\"consentModule_policy\" target=\"_blank\" title=\"Consulter la politique de protection des donn\u00e9es du fournisseur\">plus d&rsquo;informations<\/a>).<\/p>\n<p>En cliquant sur \u00ab J\u2019accepte tous les cookies \u00bb, vous autorisez des d\u00e9p\u00f4ts de cookies et autres traceurs pour le stockage de vos donn\u00e9es sur nos sites et applications \u00e0 des fins de personnalisation et de ciblage publicitaire.<\/p>\n<p class=\"consentModule_secondaryText\">Vous gardez la possibilit\u00e9 de retirer votre consentement \u00e0 tout moment en consultant notre <a href=\"https:\/\/www.estrepublicain.fr\/protection-des-donnees\" target=\"_blank\" title=\"Consulter notre politique de protection des donn\u00e9es\" rel=\"noopener\">politique de protection des donn\u00e9es<\/a>. <br \/>&#13;<br \/>\n            <a href=\"https:\/\/www.estrepublicain.fr\/economie\/2025\/06\/12\/javascript:Didomi.notice.show()\" class=\"consentModule_cmp\" target=\"_blank\" rel=\"noopener\">G\u00e9rer mes choix<\/a>&#13;\n        <\/p>\n<p>&#13;<br \/>\n                        J&rsquo;accepte&#13;<br \/>\n            J&rsquo;accepte tous les cookies&#13;\n        <\/p>\n<p>  \u00ab\u00a0On se disait que cela sentait la fin depuis mars\u00a0\u00bb<\/p>\n<p>Des informations qui avaient d\u00e9j\u00e0 \u00e9t\u00e9 \u00e9vent\u00e9es la veille par l\u2019entreprise belge. <a href=\"https:\/\/www.estrepublicain.fr\/economie\/2025\/06\/11\/l-enseigne-d-ameublement-casa-france-mise-en-liquidation-judiciaire\" target=\"_blank\" rel=\"noopener\">Elle avait annonc\u00e9 qu\u2019elle se dirigeait vers une liquidation judiciaire<\/a> par le Tribunal de commerce de Bobigny. Lequel doit statuer sur son sort le 27\u00a0juin.<\/p>\n<p>Mais lors de la visioconf\u00e9rence organis\u00e9e ce jeudi, les dirigeants n\u2019ont laiss\u00e9 planer aucun doute sur la suite. Un \u00e9pilogue qui semblait in\u00e9vitable apr\u00e8s <a href=\"https:\/\/www.estrepublicain.fr\/economie\/2025\/03\/21\/l-enseigne-d-ameublement-casa-demande-a-etre-placee-en-redressement-judiciaire\" target=\"_blank\" rel=\"noopener\">la faillite de la maison m\u00e8re belge en mars dernier\u2026<\/a> \u00ab\u00a0On se disait alors que cela sentait la fin car c\u2019\u00e9tait la centrale d\u2019achats, poursuit Katia Crolet. Elle g\u00e9rait les produits, l\u2019informatique, la caisse\u2026 On n\u2019avait plus de r\u00e9approvisionnement depuis le d\u00e9but de l\u2019ann\u00e9e.\u00a0\u00bb<\/p>\n<p>  Quatre salari\u00e9s sur le carreau<\/p>\n<p>Alors que l\u2019enseigne compte un peu plus de 143 magasins en France et quatre en Lorraine (Nancy, Sarrebourg, Sarreguemines, Thionville), l\u2019avenir s\u2019assombrit pour ses pr\u00e8s de 700 salari\u00e9s.<\/p>\n<p>\u00c0 Nancy, quatre employ\u00e9s vont ainsi rester sur le carreau. \u00ab\u00a0On nous a parl\u00e9 d\u2019un plan de grands licenciements, on verra\u00a0\u00bb, l\u00e2chait encore Katia Crolet, arriv\u00e9e \u00e0 Casa Nancy en 2005 et responsable depuis dix ans.<\/p>\n<p>Pour elle, comme pour tous les salari\u00e9s de l\u2019enseigne belge, une page va se tourner. Avec tristesse.<\/p>\n","protected":false},"excerpt":{"rendered":"Des rabais \u00e0 50\u00a0% le matin, \u00e0 70\u00a0% l\u2019apr\u00e8s-midi, des \u00e9tag\u00e8res clairsem\u00e9es et plus aucun produit en vente&hellip;\n","protected":false},"author":2,"featured_media":171137,"comment_status":"","ping_status":"","sticky":false,"template":"","format":"standard","meta":{"footnotes":""},"categories":[9635],"tags":[1111,11,4406,33,1704,1777,674,1011,27,775,3457,1702,1703,12,25,216],"class_list":{"0":"post-171136","1":"post","2":"type-post","3":"status-publish","4":"format-standard","5":"has-post-thumbnail","7":"category-nancy","8":"tag-actu","9":"tag-actualites","10":"tag-commerce-et-services","11":"tag-economie","12":"tag-edition-nancy-et-agglomeration","13":"tag-eu","14":"tag-europe","15":"tag-fr","16":"tag-france","17":"tag-grand-est","18":"tag-meurthe-et-moselle","19":"tag-nancy","20":"tag-nancy-ville-54b","21":"tag-news","22":"tag-republique-francaise","23":"tag-vie-des-entreprises"},"share_on_mastodon":{"url":"https:\/\/pubeurope.com\/@fr\/114671160249657452","error":""},"_links":{"self":[{"href":"https:\/\/www.europesays.com\/fr\/wp-json\/wp\/v2\/posts\/171136","targetHints":{"allow":["GET"]}}],"collection":[{"href":"https:\/\/www.europesays.com\/fr\/wp-json\/wp\/v2\/posts"}],"about":[{"href":"https:\/\/www.europesays.com\/fr\/wp-json\/wp\/v2\/types\/post"}],"author":[{"embeddable":true,"href":"https:\/\/www.europesays.com\/fr\/wp-json\/wp\/v2\/users\/2"}],"replies":[{"embeddable":true,"href":"https:\/\/www.europesays.com\/fr\/wp-json\/wp\/v2\/comments?post=171136"}],"version-history":[{"count":0,"href":"https:\/\/www.europesays.com\/fr\/wp-json\/wp\/v2\/posts\/171136\/revisions"}],"wp:featuredmedia":[{"embeddable":true,"href":"https:\/\/www.europesays.com\/fr\/wp-json\/wp\/v2\/media\/171137"}],"wp:attachment":[{"href":"https:\/\/www.europesays.com\/fr\/wp-json\/wp\/v2\/media?parent=171136"}],"wp:term":[{"taxonomy":"category","embeddable":true,"href":"https:\/\/www.europesays.com\/fr\/wp-json\/wp\/v2\/categories?post=171136"},{"taxonomy":"post_tag","embeddable":true,"href":"https:\/\/www.europesays.com\/fr\/wp-json\/wp\/v2\/tags?post=171136"}],"curies":[{"name":"wp","href":"https:\/\/api.w.org\/{rel}","templated":true}]}}