{"id":171152,"date":"2025-06-12T15:50:13","date_gmt":"2025-06-12T15:50:13","guid":{"rendered":"https:\/\/www.europesays.com\/fr\/171152\/"},"modified":"2025-06-12T15:50:13","modified_gmt":"2025-06-12T15:50:13","slug":"la-ville-fait-le-point-sur-le-chantier","status":"publish","type":"post","link":"https:\/\/www.europesays.com\/fr\/171152\/","title":{"rendered":"la Ville fait le point sur le chantier"},"content":{"rendered":"<p>            Par<br \/>\n        <strong><br \/>\n            <a href=\"https:\/\/actu.fr\/auteur\/lisa-rodrigues\" title=\"Consulter tous les articles de Lisa Rodrigues\" rel=\"nofollow noopener\" target=\"_blank\">Lisa Rodrigues<\/a><br \/>\n        <\/strong><\/p>\n<p>        Publi\u00e9 le<\/p>\n<p>            12 juin 2025 \u00e0 17h33        <\/p>\n<p>Des logements respectueux de l\u2019environnement au milieu d\u2019espaces verts \u2013 dont un nouveau parc qui va bient\u00f4t sortir de terre \u2013 et de services : voici le nouveau visage du <strong>quartier Flaubert<\/strong>, l\u2019un des principaux chantiers d\u2019urbanisme de la Ville de <a href=\"https:\/\/actu.fr\/auvergne-rhone-alpes\/grenoble_38185\" rel=\"nofollow noopener\" target=\"_blank\">Grenoble<\/a>.<\/p>\n<p>    <a href=\"https:\/\/www.google.com\/maps\/embed?pb=!1m18!1m12!1m3!1d2365.194200564929!2d5.727702156557898!3d45.17280766572606!2m3!1f0!2f0!3f0!3m2!1i1024!2i768!4f13.1!3m3!1m2!1s0x478af5860ce4658d%3A0x945dfd85c1f68dd!2sParc%20Flaubert!5e0!3m2!1sfr!2sfr!4v1749734284417!5m2!1sfr!2sfr\" title=\"Ouvrie le lien\" rel=\"nofollow noopener\" target=\"_blank\">Cliquez ici pour visualiser le contenu<\/a><\/p>\n<p class=\" wall-content\">Pens\u00e9 comme \u00ab\u00a0une couture entre la Villeneuve et Bajati\u00e8re\u00a0\u00bb, selon les mots de Margot Belair, adjointe \u00e0 l\u2019urbanisme, ce futur \u00ab\u00a0\u00e9coquartier\u00a0\u00bb est construit sur une <strong>ancienne friche industrielle<\/strong>. Le chantier vient d\u2019entrer dans sa deuxi\u00e8me grande phase.<\/p>\n<p>D\u00e9j\u00e0 234 logements sortis de terre<\/p>\n<p class=\" wall-content\">Ce quartier, l\u2019ancien maire PS Michel Destot pensait d\u00e9j\u00e0 le transformer. En 2014, l\u2019\u00e9quipe du maire \u00e9cologiste <a href=\"https:\/\/actu.fr\/tag\/eric-piolle\" rel=\"nofollow noopener\" target=\"_blank\">\u00c9ric Piolle<\/a> a tout repris \u00e0 z\u00e9ro. Apr\u00e8s plusieurs \u00e9tudes et ateliers avec les habitants, les premiers coups de pioche sont lanc\u00e9s en 2020.<\/p>\n<p class=\" wall-content\">Le premier gros morceau a concern\u00e9 <strong>l\u2019\u00eelot Marceline<\/strong>, en face de la Maison de la culture, o\u00f9 le chantier \u00ab\u00a0est en train d\u2019\u00eatre finalis\u00e9\u00a0\u00bb, assure Margot Belair. La <a href=\"https:\/\/actu.fr\/auvergne-rhone-alpes\/grenoble_38185\/grenoble-des-rues-interdites-aux-voitures-c-est-quoi-le-projet-places-aux-enfants_61110057.html\" rel=\"nofollow noopener\" target=\"_blank\">place aux enfants<\/a> devant l\u2019\u00e9cole Anne-Sylvestre a \u00e9t\u00e9 cr\u00e9\u00e9e, tous comme les 234 logements pr\u00e9vus pour cette premi\u00e8re phase. Les derniers am\u00e9nagements publics sont en cours et devraient se terminer au <strong>printemps 2026<\/strong>.\u00a0<\/p>\n<p>Vid\u00e9os : en ce moment sur Actu<br \/>\n    <img   decoding=\"async\" loading=\"lazy\" src=\"https:\/\/www.europesays.com\/fr\/wp-content\/uploads\/2025\/06\/20250611-111833-960x591.jpg\" alt=\"Le quartier Flaubert, proche de la Villeneuve \u00e0 Grenoble, commence \u00e0 prendre forme. La mairie fait le point sur l'avanc\u00e9e du chantier.\" width=\"960\" height=\"591\"\/><br \/>\n    234 logements sont d\u00e9j\u00e0 sortis de terre depuis 2020 dans l\u2019\u00e9coquartier Flaubert, \u00e0 Grenoble. (\u00a9Document remis \u00e0 actu Grenoble \/ Ville de Grenoble)<\/p>\n<p class=\" wall-content\">Les premiers retours des habitants sont \u00ab\u00a0bons\u00a0\u00bb d\u2019apr\u00e8s la mairie, notamment autour de la rue Marceline-Desbordes \u2013 o\u00f9 les acc\u00e8s pi\u00e9tons ont \u00e9t\u00e9 s\u00e9curis\u00e9s \u2013 et sur la rue Gustave-Flaubert, dont la partie nord a \u00e9t\u00e9 supprim\u00e9e pour agrandir le parc du m\u00eame nom.<\/p>\n<p class=\" wall-content\">D\u00e9sormais, les efforts se concentrent autour de l\u2019ex-INSPE, au nord du parc. En attendant le lancement effectif du projet de r\u00e9am\u00e9nagement de la zone, les lieux sont occup\u00e9s par un tiers-lieu. D\u2019ici 2027, la construction de <strong>340 logements<\/strong>, 900 m\u00b2 de commerces et 1 300 m\u00b2 de locaux de services et d\u2019activit\u00e9s va d\u00e9marrer sur le secteur.\u00a0<\/p>\n<p>\u00ab\u00a0Un urbanisme favorable \u00e0 la sant\u00e9\u00a0\u00bb<\/p>\n<p class=\" wall-content\">Les travaux du quartier Flaubert devraient donc durer encore plusieurs ann\u00e9es. \u00c0 terme, la zone comptera <strong>1 400 nouveaux logements<\/strong>, pr\u00e8s de 6 hectares de parc public, divers services dont une \u00e9cole et un Ehpad, r\u00e9partis sur 90 hectares.<\/p>\n<p class=\" wall-content\">Objectif clairement affich\u00e9 par la Ville de Grenoble est de cr\u00e9er \u00ab\u00a0un urbanisme favorable \u00e0 la sant\u00e9, insiste Margot Belair. On va passer de 7% de surfaces d\u00e9simperm\u00e9abilis\u00e9es \u00e0 70%.\u00a0\u00bb<\/p>\n<p>    <img   decoding=\"async\" loading=\"lazy\" src=\"https:\/\/www.europesays.com\/fr\/wp-content\/uploads\/2025\/06\/20250611-112037-960x591.jpg\" alt=\"Le quartier Flaubert, proche de la Villeneuve \u00e0 Grenoble, commence \u00e0 prendre forme. La mairie fait le point sur l'avanc\u00e9e du chantier.\" width=\"960\" height=\"591\"\/><br \/>\n    Le quartier Flaubert, proche de la Villeneuve \u00e0 Grenoble, commence \u00e0 prendre forme. Les espaces de fra\u00eecheur entre les premiers b\u00e2timents prennent forme. (\u00a9Document remis \u00e0 actu Grenoble \/ Ville de Grenoble)<\/p>\n<p class=\" wall-content\">Des <strong>espaces de fra\u00eecheur<\/strong> entre les b\u00e2timents \u2013 majoritairement fait en bois et \u00ab\u00a0au maximum des curseurs d\u2019innovation \u00e9nerg\u00e9tiques\u00a0\u00bb \u2013 permettront de cr\u00e9er des zones de rencontre entre les habitants.<\/p>\n<p class=\" wall-content\">Le c\u0153ur du quartier sera le <strong>nouveau grand parc<\/strong>, baptis\u00e9 \u00ab\u00a0le parc Simone-Veil. Il va faire la taille du parc de la caserne de Bonne\u00a0\u00bb, pr\u00e9cise l\u2019\u00e9lue. Les derniers am\u00e9nagements de cet espace, dont une zone de brumisation, devraient \u00eatre pr\u00eats pour l\u2019\u00e9t\u00e9 2026.<\/p>\n<p class=\" wall-content\">Suivez toute l\u2019actualit\u00e9 de vos villes et m\u00e9dias favoris en vous inscrivant \u00e0 <a href=\"https:\/\/moncompte.actu.fr\" title=\"D\u00e9couvez Mon Actu\" rel=\"nofollow noopener\" data-trk=\"{&quot;cta&quot;:{&quot;action&quot;:&quot;https:\\\/\\\/moncompte.actu.fr&quot;,&quot;category&quot;:&quot;mon compte&quot;,&quot;from&quot;:&quot;article footer&quot;,&quot;name&quot;:&quot;Mon actu&quot;,&quot;type&quot;:&quot;cta&quot;}}\" target=\"_blank\">Mon Actu<\/a>.<\/p>\n","protected":false},"excerpt":{"rendered":"Par Lisa Rodrigues Publi\u00e9 le 12 juin 2025 \u00e0 17h33 Des logements respectueux de l\u2019environnement au milieu d\u2019espaces&hellip;\n","protected":false},"author":2,"featured_media":171153,"comment_status":"","ping_status":"","sticky":false,"template":"","format":"standard","meta":{"footnotes":""},"categories":[9566],"tags":[1111,11,2430,436,1777,674,1011,27,2731,12,25,104,2086],"class_list":{"0":"post-171152","1":"post","2":"type-post","3":"status-publish","4":"format-standard","5":"has-post-thumbnail","7":"category-grenoble","8":"tag-actu","9":"tag-actualites","10":"tag-auvergne-rhone-alpes","11":"tag-environnement","12":"tag-eu","13":"tag-europe","14":"tag-fr","15":"tag-france","16":"tag-grenoble","17":"tag-news","18":"tag-republique-francaise","19":"tag-societe","20":"tag-travaux"},"share_on_mastodon":{"url":"https:\/\/pubeurope.com\/@fr\/114671191683092641","error":""},"_links":{"self":[{"href":"https:\/\/www.europesays.com\/fr\/wp-json\/wp\/v2\/posts\/171152","targetHints":{"allow":["GET"]}}],"collection":[{"href":"https:\/\/www.europesays.com\/fr\/wp-json\/wp\/v2\/posts"}],"about":[{"href":"https:\/\/www.europesays.com\/fr\/wp-json\/wp\/v2\/types\/post"}],"author":[{"embeddable":true,"href":"https:\/\/www.europesays.com\/fr\/wp-json\/wp\/v2\/users\/2"}],"replies":[{"embeddable":true,"href":"https:\/\/www.europesays.com\/fr\/wp-json\/wp\/v2\/comments?post=171152"}],"version-history":[{"count":0,"href":"https:\/\/www.europesays.com\/fr\/wp-json\/wp\/v2\/posts\/171152\/revisions"}],"wp:featuredmedia":[{"embeddable":true,"href":"https:\/\/www.europesays.com\/fr\/wp-json\/wp\/v2\/media\/171153"}],"wp:attachment":[{"href":"https:\/\/www.europesays.com\/fr\/wp-json\/wp\/v2\/media?parent=171152"}],"wp:term":[{"taxonomy":"category","embeddable":true,"href":"https:\/\/www.europesays.com\/fr\/wp-json\/wp\/v2\/categories?post=171152"},{"taxonomy":"post_tag","embeddable":true,"href":"https:\/\/www.europesays.com\/fr\/wp-json\/wp\/v2\/tags?post=171152"}],"curies":[{"name":"wp","href":"https:\/\/api.w.org\/{rel}","templated":true}]}}