{"id":171154,"date":"2025-06-12T15:51:10","date_gmt":"2025-06-12T15:51:10","guid":{"rendered":"https:\/\/www.europesays.com\/fr\/171154\/"},"modified":"2025-06-12T15:51:10","modified_gmt":"2025-06-12T15:51:10","slug":"toujours-aucune-trace-du-crs-azureen-depuis-son-depart-inexplique-a-grenoble","status":"publish","type":"post","link":"https:\/\/www.europesays.com\/fr\/171154\/","title":{"rendered":"toujours aucune trace du CRS azur\u00e9en depuis son d\u00e9part inexpliqu\u00e9 \u00e0 Grenoble"},"content":{"rendered":"<p>Le myst\u00e8re de la disparition de Pierre-Michel Dahmani, 25 ans, le 6 juin 2024, reste entier. D\u00e9part volontaire, suicide ou meurtre\u00a0? Aucune piste ne peut \u00eatre \u00e9cart\u00e9e.<\/p>\n<p class=\"fig-paragraph\">Il \u00e9tait 4h08 du matin, le 6 juin 2024, lorsque Pierre-Michel Dahmani a \u00e9t\u00e9 vu pour la derni\u00e8re fois, marchant seul sur l\u2019avenue Rhin-et-Danube, \u00e0 Grenoble. Depuis, plus rien. Pas un appel, pas une trace, pas le moindre indice tangible. Ce\u00a0<a href=\"http:\/\/www.lefigaro.fr\/actualite-france\/des-paves-de-mai-68-aux-black-blocs-comment-les-crs-se-sont-adaptes-a-la-radicalisation-de-la-violence-20241213\" data-fig-type=\"Article\" data-gtm-custom-categorie=\"navigation\" data-gtm-custom-action=\"crossclick\" data-gtm-custom-label=\"Contextuel\" data-gtm-event=\"customEventSPE\" data-fig-domain=\"LEFIGARO\" target=\"_blank\" rel=\"noopener\">CRS\u00a0<\/a>de 25 ans, affect\u00e9 \u00e0 la compagnie de\u00a0<a href=\"http:\/\/www.lefigaro.fr\/nice\/on-m-a-propose-des-millions-harcele-par-les-promoteurs-immobiliers-pour-son-verger-en-coeur-de-ville-georges-62-ans-resiste-20250315\" data-fig-type=\"NewsFlash\" data-gtm-custom-categorie=\"navigation\" data-gtm-custom-action=\"crossclick\" data-gtm-custom-label=\"Contextuel\" data-gtm-event=\"customEventSPE\" data-fig-domain=\"LEFIGARO\" target=\"_blank\" rel=\"noopener\">Saint-Laurent-du-Var<\/a>\u00a0(Alpes-Maritimes), s\u2019est litt\u00e9ralement volatilis\u00e9, laissant derri\u00e8re lui une lettre dont le contenu n\u2019a pas permis de comprendre les raisons de son d\u00e9part.<\/p>\n<p class=\"fig-paragraph\">Un an jour pour jour apr\u00e8s cette disparition qualifi\u00e9e d\u2019\u00abinqui\u00e9tante\u00bb par le parquet de\u00a0<a href=\"http:\/\/www.lefigaro.fr\/politique\/municipales-l-ancien-maire-de-grenoble-alain-carignon-va-tenter-de-reprendre-la-ville-a-l-ecologiste-eric-piolle-20250605\" data-fig-type=\"NewsFlash\" data-gtm-custom-categorie=\"navigation\" data-gtm-custom-action=\"crossclick\" data-gtm-custom-label=\"Contextuel\" data-gtm-event=\"customEventSPE\" data-fig-domain=\"LEFIGARO\" target=\"_blank\" rel=\"noopener\">Grenoble<\/a>, le myst\u00e8re reste entier. L\u2019enqu\u00eate, ouverte d\u00e8s les premi\u00e8res heures, n\u2019a connu aucune avanc\u00e9e publique en douze mois. Sollicit\u00e9, le procureur de la R\u00e9publique de Grenoble n\u2019avait pas r\u00e9pondu \u00e0 nos demandes jeudi soir. Sur le r\u00e9seau professionnel LinkedIn, Jean-Marc Cortes, commandant de la compagnie de CRS de Saint-Laurent-du-Var, a tenu \u00e0 raviver la m\u00e9moire du jeune homme\u00a0: \u00abVoil\u00e0 un an aujourd\u2019hui que mon policier a disparu sans laisser la moindre trace \u00e0 Grenoble\u2026 Je souhaite, \u00e0 travers ce post, qu\u2019on ne l\u2019oublie pas. Il manque \u00e0 tout le monde.\u00a0\u00bb\u00a0<\/p>\n<p>Un d\u00e9part vers Isra\u00ebl\u00a0?<\/p>\n<p class=\"fig-paragraph\">Pierre-Michel Dahmani, sportif, cheveux ch\u00e2tains courts, 1m79 pour 82 kg, nez de boxeur, portait un jean, une veste et des baskets blanches Adidas au moment de sa disparition. Il n\u2019avait ni papiers ni t\u00e9l\u00e9phone sur lui. Son signalement a \u00e9t\u00e9 largement diffus\u00e9, notamment par l\u2019ARPD (Assistance Recherche des Personnes Disparues), qui a \u00e9mis deux avis de recherche, l\u2019un en fran\u00e7ais, l\u2019autre en h\u00e9breu \u2014 sugg\u00e9rant une possible fuite en Isra\u00ebl, hypoth\u00e8se non confirm\u00e9e. Son p\u00e8re, tr\u00e8s actif sur les r\u00e9seaux sociaux, partage chaque jour plusieurs publications en lien avec la disparition de son fils, dans l\u2019espoir de faire avancer les recherches. Ce combat acharn\u00e9 incarne la douleur silencieuse des familles confront\u00e9es \u00e0 l\u2019absence d\u2019un proche sans la moindre explication.<\/p>\n","protected":false},"excerpt":{"rendered":"Le myst\u00e8re de la disparition de Pierre-Michel Dahmani, 25 ans, le 6 juin 2024, reste entier. D\u00e9part volontaire,&hellip;\n","protected":false},"author":2,"featured_media":171155,"comment_status":"","ping_status":"","sticky":false,"template":"","format":"standard","meta":{"footnotes":""},"categories":[9566],"tags":[1111,11,2898,2430,2829,2971,2972,2973,2974,12513,2715,1067,1777,674,2975,1011,27,2731,2969,2970,2987,2980,12,2897,2976,2977,2978,2985,2986,2979,2981,2982,2983,2984,2991,2992,2993,2994,2996,2997,2998,2999,3000,3001,3002,2995,3003,3004,3005,3007,2268,10910,25,2988,2989,2990,2968,3006],"class_list":{"0":"post-171154","1":"post","2":"type-post","3":"status-publish","4":"format-standard","5":"has-post-thumbnail","7":"category-grenoble","8":"tag-actu","9":"tag-actualites","10":"tag-alpes-maritimes","11":"tag-auvergne-rhone-alpes","12":"tag-baumettes","13":"tag-carabacel","14":"tag-caucade","15":"tag-cimiez","16":"tag-cremat","17":"tag-crs","18":"tag-disparition","19":"tag-enquete","20":"tag-eu","21":"tag-europe","22":"tag-fabron","23":"tag-fr","24":"tag-france","25":"tag-grenoble","26":"tag-larenas","27":"tag-lariane","28":"tag-le-ray","29":"tag-lingostiere","30":"tag-news","31":"tag-nice-cote-dazur","32":"tag-nice-gairaut","33":"tag-nice-gambetta","34":"tag-nice-jean-medecin","35":"tag-nice-le-piol","36":"tag-nice-le-port","37":"tag-nice-liberation","38":"tag-nice-magnan","39":"tag-nice-mantega-mont-boron","40":"tag-nice-pasteur","41":"tag-nice-pessicart","42":"tag-nice-rue-de-france","43":"tag-nice-saint-antoine","44":"tag-nice-saint-augustin","45":"tag-nice-saint-isidore","46":"tag-nice-saint-maurice","47":"tag-nice-saint-pancrace","48":"tag-nice-saint-philippe","49":"tag-nice-saint-pierre-de-feric","50":"tag-nice-saint-roch","51":"tag-nice-saint-roman-de-bellet","52":"tag-nice-saint-sylvestre","53":"tag-nice-sainte-marguerite","54":"tag-nice-thiers","55":"tag-nice-ventabrun","56":"tag-nice-vernier","57":"tag-nice-vinaigrier","58":"tag-ogc-nice","59":"tag-policier","60":"tag-republique-francaise","61":"tag-rimiez","62":"tag-riquier","63":"tag-roquebilliere","64":"tag-sud-est","65":"tag-vieux-nice"},"share_on_mastodon":{"url":"","error":"Validation failed: Text character limit of 500 exceeded"},"_links":{"self":[{"href":"https:\/\/www.europesays.com\/fr\/wp-json\/wp\/v2\/posts\/171154","targetHints":{"allow":["GET"]}}],"collection":[{"href":"https:\/\/www.europesays.com\/fr\/wp-json\/wp\/v2\/posts"}],"about":[{"href":"https:\/\/www.europesays.com\/fr\/wp-json\/wp\/v2\/types\/post"}],"author":[{"embeddable":true,"href":"https:\/\/www.europesays.com\/fr\/wp-json\/wp\/v2\/users\/2"}],"replies":[{"embeddable":true,"href":"https:\/\/www.europesays.com\/fr\/wp-json\/wp\/v2\/comments?post=171154"}],"version-history":[{"count":0,"href":"https:\/\/www.europesays.com\/fr\/wp-json\/wp\/v2\/posts\/171154\/revisions"}],"wp:featuredmedia":[{"embeddable":true,"href":"https:\/\/www.europesays.com\/fr\/wp-json\/wp\/v2\/media\/171155"}],"wp:attachment":[{"href":"https:\/\/www.europesays.com\/fr\/wp-json\/wp\/v2\/media?parent=171154"}],"wp:term":[{"taxonomy":"category","embeddable":true,"href":"https:\/\/www.europesays.com\/fr\/wp-json\/wp\/v2\/categories?post=171154"},{"taxonomy":"post_tag","embeddable":true,"href":"https:\/\/www.europesays.com\/fr\/wp-json\/wp\/v2\/tags?post=171154"}],"curies":[{"name":"wp","href":"https:\/\/api.w.org\/{rel}","templated":true}]}}