{"id":171162,"date":"2025-06-12T15:55:18","date_gmt":"2025-06-12T15:55:18","guid":{"rendered":"https:\/\/www.europesays.com\/fr\/171162\/"},"modified":"2025-06-12T15:55:18","modified_gmt":"2025-06-12T15:55:18","slug":"strasbourg-le-retour-de-vanessa-paradis-passe-par-le-zenith-en-2026","status":"publish","type":"post","link":"https:\/\/www.europesays.com\/fr\/171162\/","title":{"rendered":"Strasbourg. Le retour de Vanessa Paradis passe par le Zenith en 2026"},"content":{"rendered":"<p>Sept ans apr\u00e8s son dernier opus, <a href=\"https:\/\/www.dna.fr\/p\/vanessa-paradis\" target=\"_blank\" rel=\"nofollow noopener\">Vanessa Paradis<\/a> a sorti un nouveau single \u00ab Bouquet final \u00bb annonciateur d\u2019un <a href=\"https:\/\/www.dna.fr\/culture-loisirs\/2025\/06\/06\/bouquet-final-vanessa-paradis-devoile-le-premier-extrait-de-son-nouvel-album\" target=\"_blank\" rel=\"nofollow noopener\">nouvel album<\/a> qui sera disponible \u00e0 l\u2019automne prochain et auquel participera <a href=\"https:\/\/www.dna.fr\/p\/etienne-daho\" target=\"_blank\" rel=\"nofollow noopener\">Etienne Daho<\/a>. Une galette conforme \u00e0 l\u2019univers pop-soul de la chanteuse fran\u00e7aise et qu\u2019elle d\u00e9fendra ensuite sur sc\u00e8ne dans le cadre d\u2019une tourn\u00e9e 2026 \u00e0 travers la France, la Belgique et la Suisse et qui fera \u00e9tape en Alsace.<\/p>\n<p class=\"note\">Vendredi 15 mai 2026, \u00e0 20h, au Z\u00e9nith Europe. Billetterie ouverte sur www.zenith-strasbourg.fr<\/p>\n","protected":false},"excerpt":{"rendered":"Sept ans apr\u00e8s son dernier opus, Vanessa Paradis a sorti un nouveau single \u00ab Bouquet final \u00bb annonciateur&hellip;\n","protected":false},"author":2,"featured_media":171163,"comment_status":"","ping_status":"","sticky":false,"template":"","format":"standard","meta":{"footnotes":""},"categories":[2820],"tags":[1111,11,2389,1687,2880,1777,674,107,1011,27,775,873,12,25,640,2879],"class_list":{"0":"post-171162","1":"post","2":"type-post","3":"status-publish","4":"format-standard","5":"has-post-thumbnail","7":"category-strasbourg","8":"tag-actu","9":"tag-actualites","10":"tag-alsace","11":"tag-culture-loisirs","12":"tag-edition-strasbourg","13":"tag-eu","14":"tag-europe","15":"tag-fil-info","16":"tag-fr","17":"tag-france","18":"tag-grand-est","19":"tag-musique","20":"tag-news","21":"tag-republique-francaise","22":"tag-strasbourg","23":"tag-strasbourg-ville"},"share_on_mastodon":{"url":"https:\/\/pubeurope.com\/@fr\/114671211225088424","error":""},"_links":{"self":[{"href":"https:\/\/www.europesays.com\/fr\/wp-json\/wp\/v2\/posts\/171162","targetHints":{"allow":["GET"]}}],"collection":[{"href":"https:\/\/www.europesays.com\/fr\/wp-json\/wp\/v2\/posts"}],"about":[{"href":"https:\/\/www.europesays.com\/fr\/wp-json\/wp\/v2\/types\/post"}],"author":[{"embeddable":true,"href":"https:\/\/www.europesays.com\/fr\/wp-json\/wp\/v2\/users\/2"}],"replies":[{"embeddable":true,"href":"https:\/\/www.europesays.com\/fr\/wp-json\/wp\/v2\/comments?post=171162"}],"version-history":[{"count":0,"href":"https:\/\/www.europesays.com\/fr\/wp-json\/wp\/v2\/posts\/171162\/revisions"}],"wp:featuredmedia":[{"embeddable":true,"href":"https:\/\/www.europesays.com\/fr\/wp-json\/wp\/v2\/media\/171163"}],"wp:attachment":[{"href":"https:\/\/www.europesays.com\/fr\/wp-json\/wp\/v2\/media?parent=171162"}],"wp:term":[{"taxonomy":"category","embeddable":true,"href":"https:\/\/www.europesays.com\/fr\/wp-json\/wp\/v2\/categories?post=171162"},{"taxonomy":"post_tag","embeddable":true,"href":"https:\/\/www.europesays.com\/fr\/wp-json\/wp\/v2\/tags?post=171162"}],"curies":[{"name":"wp","href":"https:\/\/api.w.org\/{rel}","templated":true}]}}