{"id":171164,"date":"2025-06-12T15:56:17","date_gmt":"2025-06-12T15:56:17","guid":{"rendered":"https:\/\/www.europesays.com\/fr\/171164\/"},"modified":"2025-06-12T15:56:17","modified_gmt":"2025-06-12T15:56:17","slug":"il-surfe-de-paris-a-nice-en-passant-par-avignon-pour-lutter-contre-la-pollution-plastique","status":"publish","type":"post","link":"https:\/\/www.europesays.com\/fr\/171164\/","title":{"rendered":"Il surfe de Paris \u00e0 Nice\u2026 en passant par Avignon, pour lutter contre la pollution plastique"},"content":{"rendered":"<p>Il pousse son rocher de Sisyphe depuis\u00a02014, l\u2019ann\u00e9e de sa premi\u00e8re exp\u00e9dition organis\u00e9e pour sensibiliser et \u00e9duquer \u00e0 la pollution plastique dans les rivi\u00e8res et les oc\u00e9ans &#8211;\u00a0soit 350\u00a0km en solitaire le long des c\u00f4tes n\u00e9erlandaises, sur une planche fabriqu\u00e9e avec du \u00ab\u00a0<a href=\"https:\/\/www.laprovence.com\/article\/ecoplanete\/35875603220893\/plastique-aluminium-vers-la-consigne-des-bouteilles-et-canettes-en-france\" target=\"_blank\" rel=\"noopener\">plastique<\/a> de plage\u00a0\u00bb.<\/p>\n<p>\u00ab\u00a0Alors que je naviguais en <a href=\"https:\/\/www.laprovence.com\/article\/france-monde\/64508963073673\/norvege-il-sendort-aux-commandes-dun-cargo-et-sechoue-a-quelques-metres-dune-maison\" target=\"_blank\" rel=\"noopener\">Norv\u00e8ge<\/a>, j\u2019ai d\u00e9couvert des\u00a0bouteilles en plastique jet\u00e9es\u00a0sur les c\u00f4tes rocheuses, raconte Merijn Tinga, biologiste, artiste et activiste hollandais. Malheureusement, ce (n\u2019\u00e9tait) pas nouveau. Cependant, j\u2019ai \u00e9t\u00e9 choqu\u00e9 de comprendre leur provenance\u00a0: \u00e0\u00a0ma grande surprise, il ne s\u2019agissait pas de bouteilles norv\u00e9giennes ou su\u00e9doises, mais de bouteilles anglaises et n\u00e9erlandaises.\u00a0\u00bb<\/p>\n","protected":false},"excerpt":{"rendered":"Il pousse son rocher de Sisyphe depuis\u00a02014, l\u2019ann\u00e9e de sa premi\u00e8re exp\u00e9dition organis\u00e9e pour sensibiliser et \u00e9duquer \u00e0&hellip;\n","protected":false},"author":2,"featured_media":171165,"comment_status":"","ping_status":"","sticky":false,"template":"","format":"standard","meta":{"footnotes":""},"categories":[2819],"tags":[17,1111,11,6184,1777,674,1011,27,12,2401,5912,626,4486,471,882,16,25,30562],"class_list":{"0":"post-171164","1":"post","2":"type-post","3":"status-publish","4":"format-standard","5":"has-post-thumbnail","7":"category-nice","8":"tag-17","9":"tag-actu","10":"tag-actualites","11":"tag-avignon","12":"tag-eu","13":"tag-europe","14":"tag-fr","15":"tag-france","16":"tag-news","17":"tag-nice","18":"tag-par","19":"tag-paris","20":"tag-passant","21":"tag-pour","22":"tag-provence-alpes-cote-dazur","23":"tag-region","24":"tag-republique-francaise","25":"tag-surfe"},"share_on_mastodon":{"url":"https:\/\/pubeurope.com\/@fr\/114671215116783871","error":""},"_links":{"self":[{"href":"https:\/\/www.europesays.com\/fr\/wp-json\/wp\/v2\/posts\/171164","targetHints":{"allow":["GET"]}}],"collection":[{"href":"https:\/\/www.europesays.com\/fr\/wp-json\/wp\/v2\/posts"}],"about":[{"href":"https:\/\/www.europesays.com\/fr\/wp-json\/wp\/v2\/types\/post"}],"author":[{"embeddable":true,"href":"https:\/\/www.europesays.com\/fr\/wp-json\/wp\/v2\/users\/2"}],"replies":[{"embeddable":true,"href":"https:\/\/www.europesays.com\/fr\/wp-json\/wp\/v2\/comments?post=171164"}],"version-history":[{"count":0,"href":"https:\/\/www.europesays.com\/fr\/wp-json\/wp\/v2\/posts\/171164\/revisions"}],"wp:featuredmedia":[{"embeddable":true,"href":"https:\/\/www.europesays.com\/fr\/wp-json\/wp\/v2\/media\/171165"}],"wp:attachment":[{"href":"https:\/\/www.europesays.com\/fr\/wp-json\/wp\/v2\/media?parent=171164"}],"wp:term":[{"taxonomy":"category","embeddable":true,"href":"https:\/\/www.europesays.com\/fr\/wp-json\/wp\/v2\/categories?post=171164"},{"taxonomy":"post_tag","embeddable":true,"href":"https:\/\/www.europesays.com\/fr\/wp-json\/wp\/v2\/tags?post=171164"}],"curies":[{"name":"wp","href":"https:\/\/api.w.org\/{rel}","templated":true}]}}