{"id":171168,"date":"2025-06-12T15:58:22","date_gmt":"2025-06-12T15:58:22","guid":{"rendered":"https:\/\/www.europesays.com\/fr\/171168\/"},"modified":"2025-06-12T15:58:22","modified_gmt":"2025-06-12T15:58:22","slug":"au-coeur-du-fonds-regional-dart-contemporain-des-lyceens-ecrivent-un-polar-avec-un-auteur","status":"publish","type":"post","link":"https:\/\/www.europesays.com\/fr\/171168\/","title":{"rendered":"Au c\u0153ur du Fonds r\u00e9gional d\u2019art contemporain, des lyc\u00e9ens \u00e9crivent un polar avec un auteur"},"content":{"rendered":"<tr wp_automatic_readability=\"6.8719512195122\">\n<td valign=\"middle\" align=\"center\" class=\"col-logo\" wp_automatic_readability=\"5\">\n    <img decoding=\"async\" src=\"https:\/\/maville.com\/design\/images\/logo-of-monetise.svg?version=20130627\" alt=\"logo Ouest-France\" height=\"66\"\/><\/p>\n<p>Contenu r\u00e9serv\u00e9 aux abonn\u00e9s<\/p>\n<\/td>\n<td class=\"col-titre\">\n\t\t\tJeudi 12 juin 2025 16:28<br \/>\n\t\t\t<a class=\"icon-bulle sizeL count\" href=\"#ancreAvis\"><br \/>\n\t&#8230;<br \/>\n<\/a><\/td>\n<\/tr>\n<p>\t\t<a class=\"mavillebox2 elmt-photo\" href=\"https:\/\/maville.com\/photosmvi\/2025\/06\/12\/P35286406D6850597G.jpg\" title=\" Les lyc\u00e9ens de la Herdrie, \u00e0 Basse-Goulaine (Loire-Atlantique) ayant particip\u00e9 au projet de l\u2019\u00e9criture du roman avec Guillaume Le Cornec (deuxi\u00e8me en bas, \u00e0 gauche).  \u00a9  Ouest-France  &lt;!--TAG-BLC credit--&gt;\" rel=\"galerie_actu nofollow noopener\" target=\"_blank\"><br \/>\n\t<img decoding=\"async\" src=\"https:\/\/www.europesays.com\/fr\/wp-content\/uploads\/2025\/06\/P35286406D6850597G_crop_640-330_.jpg\" alt=\"photo  les lyc\u00e9ens de la herdrie, \u00e0 basse-goulaine (loire-atlantique) ayant particip\u00e9 au projet de l\u2019\u00e9criture du roman avec guillaume le cornec (deuxi\u00e8me en bas, \u00e0 gauche).  \u00a9  ouest-france \"\/><br \/>\n\t1<br \/>\n<\/a><\/p>\n<p class=\"elmt-legende\"> Les lyc\u00e9ens de la Herdrie, \u00e0 Basse-Goulaine (Loire-Atlantique) ayant particip\u00e9 au projet de l\u2019\u00e9criture du roman avec Guillaume Le Cornec (deuxi\u00e8me en bas, \u00e0 gauche).  \u00a9  Ouest-France  <\/p>\n<p>\t\tL\u2019auteur nantais Guillaume Le Cornec \u00e9tait re\u00e7u, mardi 10\u00a0juin, au lyc\u00e9e la Herdrie, \u00e0 Basse-Goulaine (Loire-Atlantique) pour la restitution d\u2019un projet litt\u00e9raire. Avec les \u00e9l\u00e8ves de terminale et de premi\u00e8re Arts plastiques, et deux autres classes de premi\u00e8re de Chantonnay (Vend\u00e9e) et Sabl\u00e9-sur-Sarthe (Sarthe), il s\u2019agissait de construire un polar visant \u00e0 faire d\u00e9couvrir les \u0153uvres et les missions du Fonds r\u00e9gional d\u2019art contemporain (Frac) des Pays de la Loire.<\/p>\n<p><b>Cet article est r\u00e9serv\u00e9 aux abonn\u00e9s<\/b><\/p>\n<p>Pour un acc\u00e8s imm\u00e9diat, abonnez-vous<\/p>\n<p><b>1\u00e8re semaine offerte<\/b><\/p>\n<p>\t\tOuest-France<\/p>\n<p>Retrouvez d&rsquo;autres actus sur les communes de :<\/p>\n<p>\t\t&#13;<\/p>\n","protected":false},"excerpt":{"rendered":"Contenu r\u00e9serv\u00e9 aux abonn\u00e9s Jeudi 12 juin 2025 16:28 &#8230; 1 Les lyc\u00e9ens de la Herdrie, \u00e0 Basse-Goulaine&hellip;\n","protected":false},"author":2,"featured_media":171169,"comment_status":"","ping_status":"","sticky":false,"template":"","format":"standard","meta":{"footnotes":""},"categories":[2818],"tags":[1111,11,3734,3355,4160,30563,1777,674,16103,1011,27,15387,4715,766,12,2636,4747,14190,25,11489],"class_list":{"0":"post-171168","1":"post","2":"type-post","3":"status-publish","4":"format-standard","5":"has-post-thumbnail","7":"category-nantes","8":"tag-actu","9":"tag-actualites","10":"tag-art","11":"tag-auteur","12":"tag-contemporain","13":"tag-ecrivent","14":"tag-eu","15":"tag-europe","16":"tag-fonds","17":"tag-fr","18":"tag-france","19":"tag-lyceens","20":"tag-nantais","21":"tag-nantes","22":"tag-news","23":"tag-pays-de-la-loire","24":"tag-polar","25":"tag-regional","26":"tag-republique-francaise","27":"tag-ur"},"share_on_mastodon":{"url":"https:\/\/pubeurope.com\/@fr\/114671223370313807","error":""},"_links":{"self":[{"href":"https:\/\/www.europesays.com\/fr\/wp-json\/wp\/v2\/posts\/171168","targetHints":{"allow":["GET"]}}],"collection":[{"href":"https:\/\/www.europesays.com\/fr\/wp-json\/wp\/v2\/posts"}],"about":[{"href":"https:\/\/www.europesays.com\/fr\/wp-json\/wp\/v2\/types\/post"}],"author":[{"embeddable":true,"href":"https:\/\/www.europesays.com\/fr\/wp-json\/wp\/v2\/users\/2"}],"replies":[{"embeddable":true,"href":"https:\/\/www.europesays.com\/fr\/wp-json\/wp\/v2\/comments?post=171168"}],"version-history":[{"count":0,"href":"https:\/\/www.europesays.com\/fr\/wp-json\/wp\/v2\/posts\/171168\/revisions"}],"wp:featuredmedia":[{"embeddable":true,"href":"https:\/\/www.europesays.com\/fr\/wp-json\/wp\/v2\/media\/171169"}],"wp:attachment":[{"href":"https:\/\/www.europesays.com\/fr\/wp-json\/wp\/v2\/media?parent=171168"}],"wp:term":[{"taxonomy":"category","embeddable":true,"href":"https:\/\/www.europesays.com\/fr\/wp-json\/wp\/v2\/categories?post=171168"},{"taxonomy":"post_tag","embeddable":true,"href":"https:\/\/www.europesays.com\/fr\/wp-json\/wp\/v2\/tags?post=171168"}],"curies":[{"name":"wp","href":"https:\/\/api.w.org\/{rel}","templated":true}]}}